{"id":19496,"date":"2025-09-05T15:30:52","date_gmt":"2025-09-05T14:30:52","guid":{"rendered":"https:\/\/ypjrojava.net\/?p=19496"},"modified":"2025-09-05T15:37:41","modified_gmt":"2025-09-05T14:37:41","slug":"esbal-el-xelafe-kine","status":"publish","type":"post","link":"https:\/\/ypjrojava.net\/?p=19496","title":{"rendered":"E\u015fbal El Xelafe k\u00eene ?"},"content":{"rendered":"<p>Bi hevbe\u015fiya H\u00eaz\u00ean Ewlekariya Jin a Bakur \u00fb Rojhilat\u00ea S\u00fbriye \u00fb YPJ\u2019\u00ea operasyona ku \u00eero di demjim\u00ear\u00ean sibeh\u00ea de dest p\u00eakiriye de daxuyaniyeke berfireh hate ragihandin. Di v\u00ea daxuyaniy\u00ea de yek ji sedem\u00ean li darxistina v\u00ea operasyon\u00ea, wek perwerdekirina zarok\u00ean ku bi nav\u00ea E\u015fbal El-X\u00eelafe t\u00ean mezin kirin b\u00fb. Ev zarok ji bo p\u00ea\u015feroja mirovahiy\u00ea xeter\u00ee \u00fb metirsiyeke mezin ava dikin. Ji ber li ser b\u00eerdoziya c\u00eehad\u00eest \u00ea \u00e7etey\u00ean DA\u00ce\u015e\u2019\u00ea t\u00ean perwerde kirin.<\/p>\n<p><strong><b>Em Hinek D\u00eeroka Kampa Hol\u00ea Nas Bikin:<\/b><\/strong><\/p>\n<p>Kampa Hol\u00ea dikeve rojhilat\u00ea baj\u00ear\u00ea Hesek\u00ea \u00fb nez\u00ee s\u00eenor\u00ean Iraq\u2019\u00ea ye ji aliye ewlehiye ve xala her\u00ee bi pirsgirek \u00fb metirs\u00eedar \u00a0a bakur \u00fb rojhilat S\u00fbriy\u00ea ye. Kamp di sala 1991\u2019an de ji bo penaber\u00ean Iraq\u00ea \u00a0y\u00ean ji \u015fer\u00ea Kendav\u00ea y\u00ea duyem\u00een rewiyan\u00ea hatiye avakirin. Bi daw\u00ee hatine \u015fer\u00ea Kendav\u00ea re penaber\u00ean Iraq\u00ee vegeriyen\u00ea mala xwe \u00fb kamp hatiye girtin. L\u00ea pi\u015ft\u00ee \u00ear\u00ee\u015fa Amer\u00eekaye li ser Iraq\u2019\u00ea a 2003\u2019an kamp ji n\u00fb ve hat vekirin.<\/p>\n<p>Bi destp\u00eakirina aloziya S\u00fbriy\u00ea \u00e7etey\u00ean DA\u00ce\u015e\u2019\u00ea kamp dagirkirin \u00fb bajarok\u00ea hol\u00ea \u00a0wek riya derbaskirina navbera S\u00fbriy\u00ea \u00fb Iraq\u00ea bikaran\u00een. QSD \u00fb YPJ\u2019\u00ea 15\u2019\u00ea Mijdara 2015\u2019an da bajarok \u00fb kampa Hol\u00ea ji \u00e7etey\u00ean DA\u00ce\u015e\u2019\u00ea rizgar kir. Ko\u00e7ber\u00ean S\u00fbriy\u00ea yen ku ji ber \u00ear\u00ee\u015f\u00ean rejima Baas, Dewlet Tirk ya dagirker \u00fb \u00e7etey\u00ean w\u00ea El Nusra \u00fb DA\u00ce\u015e\u2019\u00ea reviyan bi cih kirin. Pi\u015ft\u00ee ku DA\u00ce\u015e Adara 2019\u2019an de ji aliy\u00ean hez\u00ean QSD \u00fb YPJ ve di p\u00eangava Baxoz\u00ea de ji ve erdnigariye t\u00ea paqij kirin, n\u00eaz\u00ee 12 hezar \u00e7etey\u00ean li bajarok\u00ea Baxoz\u00ea ye Derazor\u00ea d\u00eel hatib\u00fbn girtin, \u015fandin girt\u00eegeh\u00ean cuda y\u00ean Bakur-Rojhilat\u00ea S\u00fbriy\u00ea ye. Malbat\u00ean \u00e7eteyan j\u00ee li kampa Hol\u00ea hatin bi cih kirin.<\/p>\n<p><strong><b>Di Kampa Hol\u00ea De Gelo Rew\u015fa Zarok\u00ean Ku Bi Aqil\u00ea Jina Ku Bi Zihniyeta Da\u00ee\u015f\u2019\u00ea Hatiye Perwerde Kirin \u00c7iye?<\/b><\/strong><\/p>\n<p><img loading=\"lazy\" decoding=\"async\" class=\"alignnone size-medium wp-image-19499\" src=\"https:\/\/ypjrojava.net\/wp-content\/uploads\/2025\/09\/3-1-300x169.png\" alt=\"\" width=\"300\" height=\"169\" srcset=\"https:\/\/ypjrojava.net\/wp-content\/uploads\/2025\/09\/3-1-300x169.png 300w, https:\/\/ypjrojava.net\/wp-content\/uploads\/2025\/09\/3-1-1024x576.png 1024w, https:\/\/ypjrojava.net\/wp-content\/uploads\/2025\/09\/3-1-768x432.png 768w, https:\/\/ypjrojava.net\/wp-content\/uploads\/2025\/09\/3-1-1536x864.png 1536w, https:\/\/ypjrojava.net\/wp-content\/uploads\/2025\/09\/3-1-390x220.png 390w, https:\/\/ypjrojava.net\/wp-content\/uploads\/2025\/09\/3-1.png 1920w\" sizes=\"auto, (max-width: 300px) 100vw, 300px\" \/> <img loading=\"lazy\" decoding=\"async\" class=\"size-medium wp-image-19498 alignnone\" src=\"https:\/\/ypjrojava.net\/wp-content\/uploads\/2025\/09\/2-1-300x169.png\" alt=\"\" width=\"300\" height=\"169\" srcset=\"https:\/\/ypjrojava.net\/wp-content\/uploads\/2025\/09\/2-1-300x169.png 300w, https:\/\/ypjrojava.net\/wp-content\/uploads\/2025\/09\/2-1-1024x576.png 1024w, https:\/\/ypjrojava.net\/wp-content\/uploads\/2025\/09\/2-1-768x432.png 768w, https:\/\/ypjrojava.net\/wp-content\/uploads\/2025\/09\/2-1-1536x864.png 1536w, https:\/\/ypjrojava.net\/wp-content\/uploads\/2025\/09\/2-1-390x220.png 390w, https:\/\/ypjrojava.net\/wp-content\/uploads\/2025\/09\/2-1.png 1920w\" sizes=\"auto, (max-width: 300px) 100vw, 300px\" \/><\/p>\n<p>Di heq\u00eeqeta mirovahiye de civakb\u00fbn \u00a0pivan\u00ea sereke y\u00ea jiyan\u00ea ye. Ya ku jiyan\u00ea diafir\u00eene reng \u00fb deng\u00ea w\u00ea bi et\u00eek \u00fb estet\u00eeka jiyan\u00ea re dixeml\u00eene b\u00eaguman dayik \u00fb jin e. Dema em dib\u00eaj\u00een \u2018Jin Jiyan Azad\u00ee\u2019 ew ne tene silogan e l\u00ea mixabin heq\u00eeqet di cewher\u00ea de bi feraseta zilam re hatiye berovaj\u00ee kirin. Jin j\u00ee ji xwe\u015fikb\u00fbna xwe ya fikir \u00fb zikir d\u00fbr ketiye. Fikir \u00fb zikre w\u00ea wek bedena w\u00ea ketiye nava \u00e7ar\u015fava re\u015f da. Jina ku xwe bi \u00e7ar\u015fav\u00ea re\u015f dorpe\u00e7 kiriye bi rast\u00ee j\u00ee ji n\u00fbve zind\u00eekirina DA\u00ce\u015e\u2019\u00ea de rolek\u00ea sereke dil\u00eeze. Rexistina teror\u00eest ya DA\u00ce\u015e\u2019\u00ea ne tene jin xist nava \u00e7ar\u015fave re\u015f di hema deme de fikir, rih \u00fb hest\u00ea w\u00ea j\u00ee par\u00e7e kir, kir dijmin\u00ea heb\u00fbn \u00fb azadiya jin \u00fb jiyan e.<\/p>\n<p><strong><b>Di Kampa Hole Da Jin\u00ean DA\u00ce\u015e\u2019\u00ea \u00a0Zarokan Bi Zihniyeta Cihadist Ya DA\u00ce\u015e\u2019\u00ea Mezin Dikin<\/b><\/strong><\/p>\n<p>Dema em derbas\u00ee kamp\u00ea dibin \u00fb em bawerin ku gelek kesan di wen\u00eayan de j\u00ee ev rast\u00ee \u015f\u00eanber d\u00eetine. Em dib\u00eenin y\u00ean ku em dib\u00eajin zarok ne zarokin. Bi nefretek\u00ea mezin mirovan m\u00eaze dikin, dema tiliya xwe dir\u00eaji te dikin bi tevgera xwe gef ku\u015ftin\u00ea li te dixwin. Mirov di r\u00fby\u00ean van zarokan da ne ken\u00ea zarokek\u00ee ne tevgera zarokek\u00ee \u00fb ne j\u00ee pakb\u00fbna zarokek\u00ee dibine. P\u00eaw\u00eeste xeteriya ku li ser van zarokan \u00fb xeteriya van zarokan li ser gi\u015ft\u00ee mirovahiy\u00ea, were ditin. Zarok\u00ean ku t\u00ean temenek\u00ea ji van malbat\u00ean c\u00eehad\u00eest b\u00ean veqetandin \u00fb saziy\u00ean mirov\u00ee destek\u00ea p\u00eaw\u00eest b\u00ea day\u00een. Ji bo em van zarokan ji nu ve tevl\u00ee civaka exlaq\u00ee \u00fb pol\u00eet\u00eek bikin, div\u00ea ji nava feraseta c\u00eehad\u00eest b\u00ean rizgar kirin. Yek ji armanc\u00ean v\u00ea operasyon\u00ean ku bi p\u00ea\u015fengtiya jin de t\u00ean li darxistin, ewlehiya zarokan \u00fb tevah\u00ee mirovahiy\u00ea misoger kirin e.<\/p>\n<p><img loading=\"lazy\" decoding=\"async\" class=\"alignnone size-medium wp-image-19502\" src=\"https:\/\/ypjrojava.net\/wp-content\/uploads\/2025\/09\/ZAROK-300x200.png\" alt=\"\" width=\"300\" height=\"200\" srcset=\"https:\/\/ypjrojava.net\/wp-content\/uploads\/2025\/09\/ZAROK-300x200.png 300w, https:\/\/ypjrojava.net\/wp-content\/uploads\/2025\/09\/ZAROK-1024x683.png 1024w, https:\/\/ypjrojava.net\/wp-content\/uploads\/2025\/09\/ZAROK-768x512.png 768w, https:\/\/ypjrojava.net\/wp-content\/uploads\/2025\/09\/ZAROK-1536x1024.png 1536w, https:\/\/ypjrojava.net\/wp-content\/uploads\/2025\/09\/ZAROK-2048x1365.png 2048w\" sizes=\"auto, (max-width: 300px) 100vw, 300px\" \/> <img loading=\"lazy\" decoding=\"async\" class=\"alignnone size-medium wp-image-19500\" src=\"https:\/\/ypjrojava.net\/wp-content\/uploads\/2025\/09\/4-1-300x169.png\" alt=\"\" width=\"300\" height=\"169\" srcset=\"https:\/\/ypjrojava.net\/wp-content\/uploads\/2025\/09\/4-1-300x169.png 300w, https:\/\/ypjrojava.net\/wp-content\/uploads\/2025\/09\/4-1-1024x576.png 1024w, https:\/\/ypjrojava.net\/wp-content\/uploads\/2025\/09\/4-1-768x432.png 768w, https:\/\/ypjrojava.net\/wp-content\/uploads\/2025\/09\/4-1-1536x864.png 1536w, https:\/\/ypjrojava.net\/wp-content\/uploads\/2025\/09\/4-1-390x220.png 390w, https:\/\/ypjrojava.net\/wp-content\/uploads\/2025\/09\/4-1.png 1920w\" sizes=\"auto, (max-width: 300px) 100vw, 300px\" \/> <img loading=\"lazy\" decoding=\"async\" class=\"alignnone size-medium wp-image-19497\" src=\"https:\/\/ypjrojava.net\/wp-content\/uploads\/2025\/09\/1-300x169.png\" alt=\"\" width=\"300\" height=\"169\" srcset=\"https:\/\/ypjrojava.net\/wp-content\/uploads\/2025\/09\/1-300x169.png 300w, https:\/\/ypjrojava.net\/wp-content\/uploads\/2025\/09\/1-1024x576.png 1024w, https:\/\/ypjrojava.net\/wp-content\/uploads\/2025\/09\/1-768x432.png 768w, https:\/\/ypjrojava.net\/wp-content\/uploads\/2025\/09\/1-1536x864.png 1536w, https:\/\/ypjrojava.net\/wp-content\/uploads\/2025\/09\/1-390x220.png 390w, https:\/\/ypjrojava.net\/wp-content\/uploads\/2025\/09\/1.png 1920w\" sizes=\"auto, (max-width: 300px) 100vw, 300px\" \/> <img loading=\"lazy\" decoding=\"async\" class=\"alignnone size-medium wp-image-19501\" src=\"https:\/\/ypjrojava.net\/wp-content\/uploads\/2025\/09\/5-169x300.png\" alt=\"\" width=\"169\" height=\"300\" srcset=\"https:\/\/ypjrojava.net\/wp-content\/uploads\/2025\/09\/5-169x300.png 169w, https:\/\/ypjrojava.net\/wp-content\/uploads\/2025\/09\/5-576x1024.png 576w, https:\/\/ypjrojava.net\/wp-content\/uploads\/2025\/09\/5-768x1365.png 768w, https:\/\/ypjrojava.net\/wp-content\/uploads\/2025\/09\/5-864x1536.png 864w, https:\/\/ypjrojava.net\/wp-content\/uploads\/2025\/09\/5.png 1080w\" sizes=\"auto, (max-width: 169px) 100vw, 169px\" \/><\/p>\n<p>&nbsp;<\/p>\n<p><strong>\u00a0 \u00a0 \u00a0 \u00a0 \u00a0 \u00a0 \u00a0 \u00a0 \u00a0 \u00a0 \u00a0 \u00a0 \u00a0 \u00a0 \u00a0 \u00a0 \u00a0 \u00a0 \u00a0 \u00a0 \u00a0 \u00a0 \u00a0 \u00a0 \u00a0<\/strong><strong>\u00a0 \u00a0 \u00a0 \u00a0 \u00a0 \u00a0 \u00a0 \u00a0 \u00a0 \u00a0 \u00a0 \u00a0 \u00a0 \u00a0 \u00a0 \u00a0 \u00a0Navenda Ragihandina YPJ\u00a0<\/strong><\/p>\n<p><strong>\u00a0 \u00a0 \u00a0 \u00a0 \u00a0 \u00a0 \u00a0 \u00a0 \u00a0 \u00a0 \u00a0 \u00a0 \u00a0 \u00a0 \u00a0 \u00a0 \u00a0 \u00a0 \u00a0 \u00a0 \u00a0 \u00a0 \u00a0 \u00a0 \u00a0 \u00a0 \u00a0 \u00a0 \u00a0 \u00a0 \u00a0 \u00a0 \u00a0 \u00a0 \u00a0 \u00a0 \u00a0 \u00a0 \u00a0 \u00a0 \u00a0 \u00a0 \u00a0 \u00a0 \u00a0 05.09.2025<\/strong><\/p>\n","protected":false},"excerpt":{"rendered":"<p>Bi hevbe\u015fiya H\u00eaz\u00ean Ewlekariya Jin a Bakur \u00fb Rojhilat\u00ea S\u00fbriye \u00fb YPJ\u2019\u00ea operasyona ku \u00eero di demjim\u00ear\u00ean sibeh\u00ea de dest p\u00eakiriye de daxuyaniyeke berfireh hate ragihandin. Di v\u00ea daxuyaniy\u00ea de yek ji sedem\u00ean li darxistina v\u00ea operasyon\u00ea, wek perwerdekirina zarok\u00ean ku bi nav\u00ea E\u015fbal El-X\u00eelafe t\u00ean mezin kirin b\u00fb. Ev zarok ji bo p\u00ea\u015feroja mirovahiy\u00ea [&hellip;]<\/p>\n","protected":false},"author":1,"featured_media":19498,"comment_status":"open","ping_status":"closed","sticky":false,"template":"","format":"standard","meta":{"footnotes":""},"categories":[38],"tags":[],"class_list":{"0":"post-19496","1":"post","2":"type-post","3":"status-publish","4":"format-standard","5":"has-post-thumbnail","7":"category-nuce"},"_links":{"self":[{"href":"https:\/\/ypjrojava.net\/index.php?rest_route=\/wp\/v2\/posts\/19496","targetHints":{"allow":["GET"]}}],"collection":[{"href":"https:\/\/ypjrojava.net\/index.php?rest_route=\/wp\/v2\/posts"}],"about":[{"href":"https:\/\/ypjrojava.net\/index.php?rest_route=\/wp\/v2\/types\/post"}],"author":[{"embeddable":true,"href":"https:\/\/ypjrojava.net\/index.php?rest_route=\/wp\/v2\/users\/1"}],"replies":[{"embeddable":true,"href":"https:\/\/ypjrojava.net\/index.php?rest_route=%2Fwp%2Fv2%2Fcomments&post=19496"}],"version-history":[{"count":3,"href":"https:\/\/ypjrojava.net\/index.php?rest_route=\/wp\/v2\/posts\/19496\/revisions"}],"predecessor-version":[{"id":19505,"href":"https:\/\/ypjrojava.net\/index.php?rest_route=\/wp\/v2\/posts\/19496\/revisions\/19505"}],"wp:featuredmedia":[{"embeddable":true,"href":"https:\/\/ypjrojava.net\/index.php?rest_route=\/wp\/v2\/media\/19498"}],"wp:attachment":[{"href":"https:\/\/ypjrojava.net\/index.php?rest_route=%2Fwp%2Fv2%2Fmedia&parent=19496"}],"wp:term":[{"taxonomy":"category","embeddable":true,"href":"https:\/\/ypjrojava.net\/index.php?rest_route=%2Fwp%2Fv2%2Fcategories&post=19496"},{"taxonomy":"post_tag","embeddable":true,"href":"https:\/\/ypjrojava.net\/index.php?rest_route=%2Fwp%2Fv2%2Ftags&post=19496"}],"curies":[{"name":"wp","href":"https:\/\/api.w.org\/{rel}","templated":true}]}}