{"id":19532,"date":"2025-09-06T15:20:57","date_gmt":"2025-09-06T14:20:57","guid":{"rendered":"https:\/\/ypjrojava.net\/?p=19532"},"modified":"2025-09-06T15:20:57","modified_gmt":"2025-09-06T14:20:57","slug":"ji-gele-me-u-raya-gisti-re-43","status":"publish","type":"post","link":"https:\/\/ypjrojava.net\/?p=19532","title":{"rendered":"Ji Gel\u00ea Me \u00fb Raya Gi\u015ft\u00ee Re"},"content":{"rendered":"<p>Em, H\u00eaz\u00ean Ewlekariya Hundir\u00een, H\u00eaz\u00ean Ewlekariya Hundir\u00een a Jin\u00a0\u00ea Bakur-Rojhilat\u00ea S\u00fbriyey\u00ea, \u00fb Yek\u00eeney\u00ean Parastina Jin YPJ\u2019\u00ea, bi pi\u015ftgiriya H\u00eaz\u00ean S\u00fbriyeya Demokrat\u00eek \u00fb Koal\u00eesyona Navnetewey\u00ee,\u00a0daw\u00eekirina\u00a0qonaxa n\u00fb ya Operasyona Mirov\u00ee \u00fb Ewlehiy\u00ea\u00a0ya\u00a0li Kampa Hol\u00ea radigih\u00eenin.<\/p>\n<p>Ev qonax hewl\u00ean me y\u00ean ber\u00ea temam dike ji bo r\u00fbbir\u00fbb\u00fbna gef\u00ean ku ji aliy\u00ea \u015faney\u00ean DAI\u015e\u2019\u00ea ve t\u00ean \u00e7\u00eakirin, ku di dem\u00ean daw\u00ee de hewl dane ewlehiya di nav kamp\u00ea de t\u00eak bibin \u00fb siv\u00eel \u00fb xebatkar\u00ean ku di saziy\u00ean mirov\u00ee y\u00ean xizmetguzariy\u00ea, di nav kamp\u00ea de dixebitin, hedef bigirin.<\/p>\n<p><strong><b>Ev <\/b><\/strong><strong><b>operasyon <\/b><\/strong><strong><b>encam\u00ean gir\u00eeng bi dest xistiye, y\u00ean her\u00ee berbi\u00e7av ev in:<\/b><\/strong><\/p>\n<ul>\n<li>Girtin \u00fb hilwe\u015fandina tor\u00ean teror\u00eest \u00ean ku di nav kamp\u00ea de dixebitin<\/li>\n<li>Girtina 11 \u00e7etey\u00ean gir\u00eaday\u00ee DAI\u015e\u2019\u00ea<\/li>\n<li>T\u00eakbirina hewldanek ji bo hedefgirtina saziy\u00ean xizmetguzar\u00ee \u00fb mirov\u00ee<\/li>\n<li>P\u00eakan\u00eena operasyon\u00ean \u015fev\u00ea y\u00ean taybet li dij\u00ee ve\u015fartgeh\u00ean teror\u00eestan, ku di encam\u00ea de cih\u00eanku \u00ear\u00ee\u015fan l\u00ea pilan dikin hatin hilwe\u015fandin \u00fb tevger\u00ean \u015faney\u00ean teror\u00eest di nav \u00fb derdora kamp\u00ea de hatin s\u00eenordarkirin.<\/li>\n<\/ul>\n<p>Her wiha\u00a0operasyon\u00a0be\u015fdar\u00ee xurtkirina hevr\u00eaziy\u00ea bi r\u00eaxistin\u00ean mirov\u00ee re, misogerkirina berdewamiya xebata wan a ewle di nav kamp\u00ea de, \u00fb dab\u00eenkirina haw\u00eerdorek aramtir ji bo ni\u015ftecih\u00ean w\u00ea b\u00fb.<\/p>\n<p>Em wek h\u00eaz\u00ean tevl\u00ee operasyon\u00ea b\u00fbne diyar dikin ku encam\u00ean me ji operasyona Mirov\u00ee \u00fb Ewlehiy\u00ea\u00a0girtiye, bandora\u00a0pi\u015ftgiriya H\u00eaz\u00ean S\u00fbriyeya Demokrat\u00eek \u00fb hevkar\u00ean me y\u00ean di Hevpeymaniya Navnetewey\u00ee j\u00ee di v\u00ea p\u00ea\u015fva\u00e7\u00fbn\u00ea de, diyarker b\u00fb. Em tekez dikin ku \u015fer\u00ea me y\u00ea li dij\u00ee teror\u00ea w\u00ea her berdewam bin, \u00fb parastina siv\u00eelan \u00fb misogerkirina p\u00eadiviy\u00ean wan \u00ean mirov\u00ee d\u00ea heya ku hem\u00fb hewldan\u00ean vejandina DAI\u015e\u2019\u00ea \u00fb \u00eedeolojiya w\u00ea ya tundrew\u00a0ji hol\u00ea ney\u00ean \u00a0rakirin, d\u00ea p\u00ea\u015f\u00eeniy\u00ean me y\u00ean sereke bin.<\/p>\n<p><strong><b>Bij\u00ee Gel\u00ea Me \u00fb berxwedaniya h\u00eaz\u00ean me<\/b><\/strong><\/p>\n<p style=\"text-align: center;\"><strong><b>H\u00eaz\u00ean Be\u015fdar\u00ee Operasyona Mirov\u00ee \u00fb Ewlehiy\u00ea b\u00fbne<\/b><\/strong><\/p>\n<p style=\"text-align: center;\"><strong><b>06.09.2025<\/b><\/strong><\/p>\n<p>&nbsp;<\/p>\n","protected":false},"excerpt":{"rendered":"<p>Em, H\u00eaz\u00ean Ewlekariya Hundir\u00een, H\u00eaz\u00ean Ewlekariya Hundir\u00een a Jin\u00a0\u00ea Bakur-Rojhilat\u00ea S\u00fbriyey\u00ea, \u00fb Yek\u00eeney\u00ean Parastina Jin YPJ\u2019\u00ea, bi pi\u015ftgiriya H\u00eaz\u00ean S\u00fbriyeya Demokrat\u00eek \u00fb Koal\u00eesyona Navnetewey\u00ee,\u00a0daw\u00eekirina\u00a0qonaxa n\u00fb ya Operasyona Mirov\u00ee \u00fb Ewlehiy\u00ea\u00a0ya\u00a0li Kampa Hol\u00ea radigih\u00eenin. Ev qonax hewl\u00ean me y\u00ean ber\u00ea temam dike ji bo r\u00fbbir\u00fbb\u00fbna gef\u00ean ku ji aliy\u00ea \u015faney\u00ean DAI\u015e\u2019\u00ea ve t\u00ean \u00e7\u00eakirin, ku di [&hellip;]<\/p>\n","protected":false},"author":1,"featured_media":19534,"comment_status":"open","ping_status":"closed","sticky":false,"template":"","format":"standard","meta":{"footnotes":""},"categories":[100,39,40],"tags":[],"class_list":{"0":"post-19532","1":"post","2":"type-post","3":"status-publish","4":"format-standard","5":"has-post-thumbnail","7":"category-100","8":"category-daxuyani","9":"category-wene"},"_links":{"self":[{"href":"https:\/\/ypjrojava.net\/index.php?rest_route=\/wp\/v2\/posts\/19532","targetHints":{"allow":["GET"]}}],"collection":[{"href":"https:\/\/ypjrojava.net\/index.php?rest_route=\/wp\/v2\/posts"}],"about":[{"href":"https:\/\/ypjrojava.net\/index.php?rest_route=\/wp\/v2\/types\/post"}],"author":[{"embeddable":true,"href":"https:\/\/ypjrojava.net\/index.php?rest_route=\/wp\/v2\/users\/1"}],"replies":[{"embeddable":true,"href":"https:\/\/ypjrojava.net\/index.php?rest_route=%2Fwp%2Fv2%2Fcomments&post=19532"}],"version-history":[{"count":1,"href":"https:\/\/ypjrojava.net\/index.php?rest_route=\/wp\/v2\/posts\/19532\/revisions"}],"predecessor-version":[{"id":19535,"href":"https:\/\/ypjrojava.net\/index.php?rest_route=\/wp\/v2\/posts\/19532\/revisions\/19535"}],"wp:featuredmedia":[{"embeddable":true,"href":"https:\/\/ypjrojava.net\/index.php?rest_route=\/wp\/v2\/media\/19534"}],"wp:attachment":[{"href":"https:\/\/ypjrojava.net\/index.php?rest_route=%2Fwp%2Fv2%2Fmedia&parent=19532"}],"wp:term":[{"taxonomy":"category","embeddable":true,"href":"https:\/\/ypjrojava.net\/index.php?rest_route=%2Fwp%2Fv2%2Fcategories&post=19532"},{"taxonomy":"post_tag","embeddable":true,"href":"https:\/\/ypjrojava.net\/index.php?rest_route=%2Fwp%2Fv2%2Ftags&post=19532"}],"curies":[{"name":"wp","href":"https:\/\/api.w.org\/{rel}","templated":true}]}}