{"id":19675,"date":"2025-09-25T14:37:06","date_gmt":"2025-09-25T13:37:06","guid":{"rendered":"https:\/\/ypjrojava.net\/?p=19675"},"modified":"2025-09-25T14:39:42","modified_gmt":"2025-09-25T13:39:42","slug":"konferansa-4emin-a-hezen-ewlekariya-hundirin-a-jin-e-bakur-rojhilate-suriye","status":"publish","type":"post","link":"https:\/\/ypjrojava.net\/?p=19675","title":{"rendered":"Konferansa 4&#8217;em\u00een a H\u00eaz\u00ean Ewlekariya \u00a0Hundir\u00een a Jin \u00ea Bakur-Rojhilat\u00ea S\u00fbriy\u00ea"},"content":{"rendered":"<p><strong><b>Di \u00a0konferansa asay\u00ee\u015fa jin de rol \u00fb misyona jinan \u00fb gir\u00eengiya parastin\u00ea hat n\u00eeqa\u015f kirin<\/b><\/strong><\/p>\n<p>\u00cero, li bajar\u00ea Hesek\u00ea \u00e7arem\u00een konferansa \u00a0H\u00eaz\u00ean Ewlekariya \u00a0Hundir\u00een a Jin a Bakur-Rojhilat\u00ea S\u00fbriy\u00ea hate li darxistin. Gelek saz\u00ee \u00fb dezgeh\u00ean R\u00eaveberiya Xweser \u00ean jinan tevl\u00ee konferans\u00ea b\u00fbn. Ji wan Kongra Star, PYD, Saziya malbat\u00ean \u015eeh\u00eedan \u00fb tevl\u00eeb\u00fbna h\u00eaz\u00ean parastin\u00ea Yek\u00eeney\u00ean Parastina Jin YPJ&#8217;\u00ea ji konferans\u00ea re \u00e7\u00eab\u00fb.<\/p>\n<p>Konferans bi deqeyeke r\u00eazgirtin li ser giyan\u00ean \u015feh\u00eedan dest p\u00eakir, her wiha ji h\u00eala hevserokatiya Gi\u015ft\u00ee ya PYD&#8217;\u00ea Foza Yusif axaftina konferans\u00ea vekir. Konferas bi xwendina perspekt\u00eef\u00ean \u00a0R\u00eaber Apo ya ji bo jin \u00fb parastin\u00ea dewam kir.<\/p>\n<p>Di konferans\u00ea de rapora \u00a0xebat\u00ean Asay\u00ee\u015fa Jin \u00a0y\u00ea di v\u00ea sal\u00ea de ji delegey\u00ean ku be\u015fdar b\u00fbne re hate p\u00ea\u015fk\u00ea\u015f kirin. Her \u00a0wiha n\u00eeqa\u015f \u00a0li ser gir\u00eengiya p\u00ea\u015fxistina ewlekariy\u00ea \u00fb parastibna h\u00fbndir\u00een hate kirin \u00fb li ser k\u00eam \u00fb kurtahiy\u00ean ku derdikevin hate rawestandin. Bi taybet ji bo rol girtina jin di S\u00fbryeya n\u00fb de ku div\u00ea \u00e7awa be, n\u00eeqa\u015f p\u00ea\u015fketin. Ji h\u00eala tevah\u00ee r\u00eaveber \u00fb endam\u00ean H\u00eaz\u00ean Ewlekariya H\u00fbndir\u00een a Jin ve ev biryardariya kar\u00ea serkeft\u00ee \u00fb soza parastina gel \u00fb bajar\u00ean xwe hate day\u00een \u00fb konferans bi \u015fahiyek\u00ea ve hate bi daw\u00ee kirin.<\/p>\n<p><strong><b>\u00a0 \u00a0 \u00a0 \u00a0 \u00a0 \u00a0 \u00a0 \u00a0 \u00a0 \u00a0 \u00a0 \u00a0 \u00a0 \u00a0 \u00a0 \u00a0 \u00a0 \u00a0 \u00a0 \u00a0 \u00a0 \u00a0 \u00a0 \u00a0 \u00a0 \u00a0 \u00a0 \u00a0 \u00a0 \u00a0 \u00a0 \u00a0 \u00a0 \u00a0<\/b><\/strong><strong><b>Navenda Ragihandina Ypj\u2019\u00ea<\/b><\/strong><\/p>\n<p><strong>\u00a0 \u00a0 \u00a0 \u00a0 \u00a0 \u00a0 \u00a0 \u00a0 \u00a0 \u00a0 \u00a0 \u00a0 \u00a0 \u00a0 \u00a0 \u00a0 \u00a0 \u00a0 \u00a0 \u00a0 \u00a0 \u00a0 \u00a0 \u00a0 \u00a0 \u00a0 \u00a0 \u00a0 \u00a0 \u00a0 \u00a0 \u00a0 \u00a0 \u00a0 \u00a0 \u00a0 \u00a0 \u00a0 \u00a0 \u00a0 \u00a0 \u00a025.9.2025<\/strong><\/p>\n","protected":false},"excerpt":{"rendered":"<p>Di \u00a0konferansa asay\u00ee\u015fa jin de rol \u00fb misyona jinan \u00fb gir\u00eengiya parastin\u00ea hat n\u00eeqa\u015f kirin \u00cero, li bajar\u00ea Hesek\u00ea \u00e7arem\u00een konferansa \u00a0H\u00eaz\u00ean Ewlekariya \u00a0Hundir\u00een a Jin a Bakur-Rojhilat\u00ea S\u00fbriy\u00ea hate li darxistin. Gelek saz\u00ee \u00fb dezgeh\u00ean R\u00eaveberiya Xweser \u00ean jinan tevl\u00ee konferans\u00ea b\u00fbn. Ji wan Kongra Star, PYD, Saziya malbat\u00ean \u015eeh\u00eedan \u00fb tevl\u00eeb\u00fbna h\u00eaz\u00ean parastin\u00ea [&hellip;]<\/p>\n","protected":false},"author":1,"featured_media":19668,"comment_status":"open","ping_status":"closed","sticky":false,"template":"","format":"standard","meta":{"footnotes":""},"categories":[100,38],"tags":[],"class_list":{"0":"post-19675","1":"post","2":"type-post","3":"status-publish","4":"format-standard","5":"has-post-thumbnail","7":"category-100","8":"category-nuce"},"_links":{"self":[{"href":"https:\/\/ypjrojava.net\/index.php?rest_route=\/wp\/v2\/posts\/19675","targetHints":{"allow":["GET"]}}],"collection":[{"href":"https:\/\/ypjrojava.net\/index.php?rest_route=\/wp\/v2\/posts"}],"about":[{"href":"https:\/\/ypjrojava.net\/index.php?rest_route=\/wp\/v2\/types\/post"}],"author":[{"embeddable":true,"href":"https:\/\/ypjrojava.net\/index.php?rest_route=\/wp\/v2\/users\/1"}],"replies":[{"embeddable":true,"href":"https:\/\/ypjrojava.net\/index.php?rest_route=%2Fwp%2Fv2%2Fcomments&post=19675"}],"version-history":[{"count":3,"href":"https:\/\/ypjrojava.net\/index.php?rest_route=\/wp\/v2\/posts\/19675\/revisions"}],"predecessor-version":[{"id":19678,"href":"https:\/\/ypjrojava.net\/index.php?rest_route=\/wp\/v2\/posts\/19675\/revisions\/19678"}],"wp:featuredmedia":[{"embeddable":true,"href":"https:\/\/ypjrojava.net\/index.php?rest_route=\/wp\/v2\/media\/19668"}],"wp:attachment":[{"href":"https:\/\/ypjrojava.net\/index.php?rest_route=%2Fwp%2Fv2%2Fmedia&parent=19675"}],"wp:term":[{"taxonomy":"category","embeddable":true,"href":"https:\/\/ypjrojava.net\/index.php?rest_route=%2Fwp%2Fv2%2Fcategories&post=19675"},{"taxonomy":"post_tag","embeddable":true,"href":"https:\/\/ypjrojava.net\/index.php?rest_route=%2Fwp%2Fv2%2Ftags&post=19675"}],"curies":[{"name":"wp","href":"https:\/\/api.w.org\/{rel}","templated":true}]}}