{"id":19681,"date":"2025-09-26T12:13:06","date_gmt":"2025-09-26T11:13:06","guid":{"rendered":"https:\/\/ypjrojava.net\/?p=19681"},"modified":"2025-09-26T12:22:52","modified_gmt":"2025-09-26T11:22:52","slug":"akademiya-sehid-arjin-pola-ya-servanen-nu-dewreyeke-bi-dawi-dike","status":"publish","type":"post","link":"https:\/\/ypjrojava.net\/?p=19681","title":{"rendered":"Li D\u00eara Zor\u00ea Akademiya Xweser a \u015eeh\u00eed Arjin Pola bi daw\u00ee b\u00fb"},"content":{"rendered":"<p>Akademiya \u015eeh\u00eed Arj\u00een Pola ya \u015fervan\u00ean n\u00fb ya YPJ&#8217;\u00ea, y\u00ea bi nav\u00ea \u015eeh\u00eed Sozdar D\u00ear\u00eek bi daw\u00ee b\u00fb. 18 jin\u00ean ciwan ji D\u00eara Zor\u00ea t\u00eade cih\u00ea xwe digirtin. Dewre 60 rojan dewam kir, di nav de \u015fervanan ji bil\u00ee perwerdeya le\u015fker\u00ee li ser gelek c\u00fbrey\u00ean\u00a0\u00e7ekan, ders\u00ean fikr\u00ee \u00fb siyas\u00ee wergirtin.<\/p>\n<p>Meras\u00eema girtina dewr\u00ea bi deqeyek b\u00eadengiy\u00ea li ser giyan\u00ea\u00a0\u015feh\u00eedan dest p\u00ea kir, pi\u015ftre meras\u00eemek le\u015fker\u00ee ya \u015fervan\u00ean YPJ&#8217;\u00ea hate lidarxistin.<\/p>\n<p>Her wiha Meras\u00eem bi sondxwarina le\u015fker\u00ee ya \u015fervanan bi daw\u00ee b\u00fb.<\/p>\n<p><strong>\u00a0 \u00a0 \u00a0 \u00a0 \u00a0 \u00a0 \u00a0 \u00a0 \u00a0 \u00a0 \u00a0 \u00a0 \u00a0 \u00a0 \u00a0 \u00a0 \u00a0 \u00a0 \u00a0 \u00a0 \u00a0 \u00a0 \u00a0 \u00a0Navenda Ragihandina YPJ<\/strong><\/p>\n<p><strong>\u00a0 \u00a0 \u00a0 \u00a0 \u00a0 \u00a0 \u00a0 \u00a0 \u00a0 \u00a0 \u00a0 \u00a0 \u00a0 \u00a0 \u00a0 \u00a0 \u00a0 \u00a0 \u00a0 \u00a0 \u00a0 \u00a0 \u00a0 \u00a0 \u00a0 \u00a0 \u00a0 26.9.2025<\/strong><\/p>\n<p>&nbsp;<\/p>\n<p><iframe loading=\"lazy\" title=\"Li D\u00eara Zor\u00ea Akademiya Xweser a \u015eeh\u00eed Arjin Pola bi Daw\u00ee B\u00fb #YPJ\" width=\"696\" height=\"392\" src=\"https:\/\/www.youtube.com\/embed\/UYEosmQtuqo?feature=oembed\" frameborder=\"0\" allow=\"accelerometer; autoplay; clipboard-write; encrypted-media; gyroscope; picture-in-picture; web-share\" referrerpolicy=\"strict-origin-when-cross-origin\" allowfullscreen><\/iframe><\/p>\n","protected":false},"excerpt":{"rendered":"<p>Akademiya \u015eeh\u00eed Arj\u00een Pola ya \u015fervan\u00ean n\u00fb ya YPJ&#8217;\u00ea, y\u00ea bi nav\u00ea \u015eeh\u00eed Sozdar D\u00ear\u00eek bi daw\u00ee b\u00fb. 18 jin\u00ean ciwan ji D\u00eara Zor\u00ea t\u00eade cih\u00ea xwe digirtin. Dewre 60 rojan dewam kir, di nav de \u015fervanan ji bil\u00ee perwerdeya le\u015fker\u00ee li ser gelek c\u00fbrey\u00ean\u00a0\u00e7ekan, ders\u00ean fikr\u00ee \u00fb siyas\u00ee wergirtin. Meras\u00eema girtina dewr\u00ea bi deqeyek [&hellip;]<\/p>\n","protected":false},"author":1,"featured_media":19682,"comment_status":"open","ping_status":"closed","sticky":false,"template":"","format":"standard","meta":{"footnotes":""},"categories":[100,41,38],"tags":[],"class_list":{"0":"post-19681","1":"post","2":"type-post","3":"status-publish","4":"format-standard","5":"has-post-thumbnail","7":"category-100","8":"category-dimen","9":"category-nuce"},"_links":{"self":[{"href":"https:\/\/ypjrojava.net\/index.php?rest_route=\/wp\/v2\/posts\/19681","targetHints":{"allow":["GET"]}}],"collection":[{"href":"https:\/\/ypjrojava.net\/index.php?rest_route=\/wp\/v2\/posts"}],"about":[{"href":"https:\/\/ypjrojava.net\/index.php?rest_route=\/wp\/v2\/types\/post"}],"author":[{"embeddable":true,"href":"https:\/\/ypjrojava.net\/index.php?rest_route=\/wp\/v2\/users\/1"}],"replies":[{"embeddable":true,"href":"https:\/\/ypjrojava.net\/index.php?rest_route=%2Fwp%2Fv2%2Fcomments&post=19681"}],"version-history":[{"count":4,"href":"https:\/\/ypjrojava.net\/index.php?rest_route=\/wp\/v2\/posts\/19681\/revisions"}],"predecessor-version":[{"id":19686,"href":"https:\/\/ypjrojava.net\/index.php?rest_route=\/wp\/v2\/posts\/19681\/revisions\/19686"}],"wp:featuredmedia":[{"embeddable":true,"href":"https:\/\/ypjrojava.net\/index.php?rest_route=\/wp\/v2\/media\/19682"}],"wp:attachment":[{"href":"https:\/\/ypjrojava.net\/index.php?rest_route=%2Fwp%2Fv2%2Fmedia&parent=19681"}],"wp:term":[{"taxonomy":"category","embeddable":true,"href":"https:\/\/ypjrojava.net\/index.php?rest_route=%2Fwp%2Fv2%2Fcategories&post=19681"},{"taxonomy":"post_tag","embeddable":true,"href":"https:\/\/ypjrojava.net\/index.php?rest_route=%2Fwp%2Fv2%2Ftags&post=19681"}],"curies":[{"name":"wp","href":"https:\/\/api.w.org\/{rel}","templated":true}]}}