{"id":19695,"date":"2025-09-27T08:07:01","date_gmt":"2025-09-27T07:07:01","guid":{"rendered":"https:\/\/ypjrojava.net\/?p=19695"},"modified":"2025-09-27T08:12:11","modified_gmt":"2025-09-27T07:12:11","slug":"servanen-fedayi-arin-mirkan-u-revana-rojava-bi-merasimeke-leskeri-hatin-bi-bir-anin","status":"publish","type":"post","link":"https:\/\/ypjrojava.net\/?p=19695","title":{"rendered":"\u015eervan\u00ean Feday\u00ee Ar\u00een M\u00eerkan \u00fb R\u00eavana Rojava Bi Meras\u00eemeke Le\u015fker\u00ee Hatin Bi B\u00eer An\u00een"},"content":{"rendered":"<p>\u00c7alakiya hevr\u00ea R\u00eavana Rojava \u00a0\u00fb Ar\u00een M\u00eerkan di salvegera xwe ya 11\u2019em\u00een de, ji hela fermandar \u00fb \u015fervan\u00ean YPJ\u2019\u00ea ve bi meras\u00eemeke le\u015fker\u00ee hatin bi b\u00eer an\u00een.<\/p>\n<p>\u00cero ji bo salvegera herdu fedayiy\u00ean hemdem\u00ee ku di Koban\u00ea de xwe di dil\u00ea fa\u015f\u00eezm\u00ea de teqandin, YPJ\u2019\u00ea bi meras\u00eemeke le\u015fker\u00ee li bajar\u00ea Hesek\u00ea, R\u00eavana Rojava \u00a0\u00fb Ar\u00eena M\u00eerkan bi b\u00eer an\u00een. Yek\u00eeney\u00ean Parastina Jina YPJ\u2019\u00ea di meras\u00eem\u00ea de giyan\u00ea \u015feh\u00eed\u00ean xwe y\u00ean feday\u00ee n\u00fbjen kir \u00fb carek din soza ku dane gel\u00ea xwe \u00fb hevr\u00eay\u00ean xwe an\u00een ser ziman.<\/p>\n<p><strong><b>\u2018Heval R\u00eavana Salek W\u00ea Di Nava YPJ\u2019\u00ea De Tij\u00ee Nebib\u00fb\u2019<\/b><\/strong><\/p>\n<p>Di meras\u00eema le\u015fker\u00ee de ji fermandar\u00ean YPJ\u2019\u00ea D\u00fbr\u015f\u00een Koban\u00ea axiv\u00ee \u00fb di kesayeta herdu hevr\u00eay\u00ean feday\u00ee de, tevah\u00ee \u015feh\u00eed\u00ean \u015fore\u015f\u00ea bi b\u00eer xist \u00fb wiha dest bi axaftina xwe kir: \u201cWeke t\u00ea zan\u00een di dema \u015fer\u00ea Koban\u00ea de, di germahiya \u015fer de hevr\u00ea R\u00eavana weke jineke xwed\u00ee p\u00eevan\u00ean welatperweriy\u00ea, ber\u00ea xwe de nava ref\u00ean YPJ\u2019\u00ea. Bi sekn, tevl\u00eeb\u00fbn, v\u00een \u00fb \u00eesrara xwe ya berxwedan\u00ea \u00a0heya hinaseya xwe ya daw\u00ee li ber xwe da \u00fb \u015fer kir.\u201d Fermandara YPJ\u2019\u00ea an\u00ee ziman ku di \u015fer\u00ea Koban\u00ea de ku berxwedaniyeke pir dijwar t\u00eade hate me\u015fandin, \u015fervan\u00ean YPJ \u00fb YPG\u2019\u00ea bi w\u00ea biryardariya ku ew\u00ea neh\u00ealin dijmin bikeve xaka Kurdistan\u00ea, heya daw\u00ee \u015fer kirin \u00fb li ber xwe dan \u00fb wiha axaftina xwe domand: \u201cHeval R\u00eavana salek w\u00ea di nava YPJ\u2019\u00ea de tij\u00ee nebib\u00fb. Di heman sal\u00ea de, dema ku \u00e7etey\u00ean DA\u00ce\u015e\u2019\u00ea bi hem\u00fb hov\u00eetiy\u00ea xwe \u00ear\u00ee\u015f dikirin, hevr\u00ea R\u00eavana di \u00e7ember\u00ea de dim\u00eene \u00fb bir\u00eendar dibe. Pi\u015ft\u00ee ku bir\u00eendar dibe xwe di nava \u00e7etayan de diteq\u00eene \u00fb wiha digh\u00eaje asta \u015fehadet\u00ea.\u201d<\/p>\n<p><strong><b>\u2018Weke Hevr\u00ea R\u00eavana Heval Ar\u00een J\u00ee Di \u015eer\u00ea Koban\u00ea De B\u00fb Sembola Berxwedan\u00ea\u2019<\/b><\/strong><\/p>\n<p>Fermandara YPJ\u2019\u00ea D\u00fbr\u015f\u00een Koban\u00ea di dewama axaftina xwe de hevr\u00ea Ar\u00een M\u00eerkan j\u00ee bi b\u00eer xist \u00fb jiyan \u00fb t\u00eako\u015f\u00eena w\u00ea wiha derbir\u00ee: \u201cWeke hevr\u00ea R\u00eavana heval Ar\u00een j\u00ee di \u015fer\u00ea Koban\u00ea de b\u00fb sembola berxwedan\u00ea. Ew j\u00ee xwe di dil\u00ea \u00fb mej\u00ee dagirkeran de teqand \u00fb \u00e7alakiya feday\u00ee b\u00eay\u00ee dudil\u00ee p\u00eak an\u00ee \u00fb wiha tevl\u00ee karwan\u00ean nemiran b\u00fb.\u201d D\u00fbr\u015f\u00een Koban\u00ea ji bo b\u00eeran\u00eena herdu hevr\u00eay\u00ean me got ku bi hezaran jin\u00ean w\u00earek \u00ean weke R\u00eavana \u00fb Ar\u00een di nava ref\u00ean YPJ\u2019\u00ea de derketin \u00fb ji dijmin\u00ea ku digot \u201cKoban\u00ea ket, wa w\u00ea bikeve\u201d re gotin \u201cW\u00ea hi\u015fmendiya we bikeve\u201d. fermandara YPJ\u2019\u00ea diyar kir ku ew giyana ji \u015fer\u00ea Koban\u00ea derket, berbelav\u00ee tevah\u00ee Rojava \u00fb \u015fore\u015f\u00ea b\u00fb \u00fb wiha daw\u00ee li axaftina xwe an\u00ee: \u201cGiyan\u00ea ku her\u00ee daw\u00ee li Bendava Ti\u015fr\u00een, Pira Qereqozax, D\u00ear Hafir, \u015eehba, Heleb \u00fb Minbic\u00ea de xwe da der, heman giyan\u00ea berxwedaniya Koban\u00ea b\u00fb. Ev j\u00ee bi saya raman \u00fb keda R\u00eaber Apo ye ku ev giyan di me de \u00e7and. Her\u00ee daw\u00ee j\u00ee em dib\u00eajin hevr\u00eay\u00ean me y\u00ean Feday\u00ee ji bo me b\u00fbn xetek ku div\u00ea em bi\u015fop\u00eenin \u00fb em\u00ea w\u00ea ala berxwedan\u00ea her li as\u00eemanan bilind bikin.\u201d<\/p>\n<p>&nbsp;<\/p>\n<p><strong><b>\u00a0 \u00a0 \u00a0 \u00a0 \u00a0 \u00a0 \u00a0 \u00a0 \u00a0 \u00a0 \u00a0 \u00a0 \u00a0 \u00a0 \u00a0 \u00a0 \u00a0 \u00a0 \u00a0 \u00a0 \u00a0 \u00a0 \u00a0 \u00a0 \u00a0 \u00a0 \u00a0 \u00a0 \u00a0 Navenda Ragihandina YPJ\u2019\u00ea<\/b><\/strong><\/p>\n<p><strong><b>\u00a0 \u00a0 \u00a0 \u00a0 \u00a0 \u00a0 \u00a0 \u00a0 \u00a0 \u00a0 \u00a0 \u00a0 \u00a0 \u00a0 \u00a0 \u00a0 \u00a0 \u00a0 \u00a0 \u00a0 \u00a0 \u00a0 \u00a0 \u00a0 \u00a0 \u00a0 \u00a0 \u00a0 \u00a0 \u00a0 \u00a0 \u00a0 \u00a0 \u00a0 \u00a0 27.09.2025<\/b><\/strong><\/p>\n<p><iframe loading=\"lazy\" title=\"\u015eervan\u00ean Feday\u00ee Ar\u00een M\u00eerkan \u00fb R\u00eavana Rojava Bi Meras\u00eemeke Le\u015fker\u00ee Hatin Bi B\u00eer An\u00een #YPJ\" width=\"696\" height=\"392\" src=\"https:\/\/www.youtube.com\/embed\/ulM2tnWimEk?feature=oembed\" frameborder=\"0\" allow=\"accelerometer; autoplay; clipboard-write; encrypted-media; gyroscope; picture-in-picture; web-share\" referrerpolicy=\"strict-origin-when-cross-origin\" allowfullscreen><\/iframe><\/p>\n<p><img loading=\"lazy\" decoding=\"async\" class=\"alignnone size-medium wp-image-19694\" src=\"https:\/\/ypjrojava.net\/wp-content\/uploads\/2025\/09\/7-1-300x169.png\" alt=\"\" width=\"300\" height=\"169\" srcset=\"https:\/\/ypjrojava.net\/wp-content\/uploads\/2025\/09\/7-1-300x169.png 300w, https:\/\/ypjrojava.net\/wp-content\/uploads\/2025\/09\/7-1-1024x575.png 1024w, https:\/\/ypjrojava.net\/wp-content\/uploads\/2025\/09\/7-1-768x432.png 768w, https:\/\/ypjrojava.net\/wp-content\/uploads\/2025\/09\/7-1-1536x863.png 1536w, https:\/\/ypjrojava.net\/wp-content\/uploads\/2025\/09\/7-1-2048x1151.png 2048w, https:\/\/ypjrojava.net\/wp-content\/uploads\/2025\/09\/7-1-390x220.png 390w\" sizes=\"auto, (max-width: 300px) 100vw, 300px\" \/> <img loading=\"lazy\" decoding=\"async\" class=\"alignnone size-medium wp-image-19693\" src=\"https:\/\/ypjrojava.net\/wp-content\/uploads\/2025\/09\/6-1-300x169.png\" alt=\"\" width=\"300\" height=\"169\" srcset=\"https:\/\/ypjrojava.net\/wp-content\/uploads\/2025\/09\/6-1-300x169.png 300w, https:\/\/ypjrojava.net\/wp-content\/uploads\/2025\/09\/6-1-1024x575.png 1024w, https:\/\/ypjrojava.net\/wp-content\/uploads\/2025\/09\/6-1-768x432.png 768w, https:\/\/ypjrojava.net\/wp-content\/uploads\/2025\/09\/6-1-1536x863.png 1536w, https:\/\/ypjrojava.net\/wp-content\/uploads\/2025\/09\/6-1-2048x1151.png 2048w, https:\/\/ypjrojava.net\/wp-content\/uploads\/2025\/09\/6-1-390x220.png 390w\" sizes=\"auto, (max-width: 300px) 100vw, 300px\" \/> <img loading=\"lazy\" decoding=\"async\" class=\"alignnone size-medium wp-image-19692\" src=\"https:\/\/ypjrojava.net\/wp-content\/uploads\/2025\/09\/5-2-300x168.png\" alt=\"\" width=\"300\" height=\"168\" srcset=\"https:\/\/ypjrojava.net\/wp-content\/uploads\/2025\/09\/5-2-300x168.png 300w, https:\/\/ypjrojava.net\/wp-content\/uploads\/2025\/09\/5-2-1024x575.png 1024w, https:\/\/ypjrojava.net\/wp-content\/uploads\/2025\/09\/5-2-768x431.png 768w, https:\/\/ypjrojava.net\/wp-content\/uploads\/2025\/09\/5-2-1536x862.png 1536w, https:\/\/ypjrojava.net\/wp-content\/uploads\/2025\/09\/5-2-2048x1150.png 2048w, https:\/\/ypjrojava.net\/wp-content\/uploads\/2025\/09\/5-2-390x220.png 390w\" sizes=\"auto, (max-width: 300px) 100vw, 300px\" \/> <img loading=\"lazy\" decoding=\"async\" class=\"alignnone size-medium wp-image-19691\" src=\"https:\/\/ypjrojava.net\/wp-content\/uploads\/2025\/09\/4-4-300x169.png\" alt=\"\" width=\"300\" height=\"169\" srcset=\"https:\/\/ypjrojava.net\/wp-content\/uploads\/2025\/09\/4-4-300x169.png 300w, https:\/\/ypjrojava.net\/wp-content\/uploads\/2025\/09\/4-4-1024x575.png 1024w, https:\/\/ypjrojava.net\/wp-content\/uploads\/2025\/09\/4-4-768x432.png 768w, https:\/\/ypjrojava.net\/wp-content\/uploads\/2025\/09\/4-4-1536x863.png 1536w, https:\/\/ypjrojava.net\/wp-content\/uploads\/2025\/09\/4-4-2048x1151.png 2048w, https:\/\/ypjrojava.net\/wp-content\/uploads\/2025\/09\/4-4-390x220.png 390w\" sizes=\"auto, (max-width: 300px) 100vw, 300px\" \/> <img loading=\"lazy\" decoding=\"async\" class=\"alignnone size-medium wp-image-19690\" src=\"https:\/\/ypjrojava.net\/wp-content\/uploads\/2025\/09\/3-4-300x168.png\" alt=\"\" width=\"300\" height=\"168\" srcset=\"https:\/\/ypjrojava.net\/wp-content\/uploads\/2025\/09\/3-4-300x168.png 300w, https:\/\/ypjrojava.net\/wp-content\/uploads\/2025\/09\/3-4-1024x575.png 1024w, https:\/\/ypjrojava.net\/wp-content\/uploads\/2025\/09\/3-4-768x431.png 768w, https:\/\/ypjrojava.net\/wp-content\/uploads\/2025\/09\/3-4-1536x862.png 1536w, https:\/\/ypjrojava.net\/wp-content\/uploads\/2025\/09\/3-4-2048x1150.png 2048w, https:\/\/ypjrojava.net\/wp-content\/uploads\/2025\/09\/3-4-390x220.png 390w\" sizes=\"auto, (max-width: 300px) 100vw, 300px\" \/> <img loading=\"lazy\" decoding=\"async\" class=\"alignnone size-medium wp-image-19689\" src=\"https:\/\/ypjrojava.net\/wp-content\/uploads\/2025\/09\/2-4-300x168.png\" alt=\"\" width=\"300\" height=\"168\" srcset=\"https:\/\/ypjrojava.net\/wp-content\/uploads\/2025\/09\/2-4-300x168.png 300w, https:\/\/ypjrojava.net\/wp-content\/uploads\/2025\/09\/2-4-1024x575.png 1024w, https:\/\/ypjrojava.net\/wp-content\/uploads\/2025\/09\/2-4-768x431.png 768w, https:\/\/ypjrojava.net\/wp-content\/uploads\/2025\/09\/2-4-1536x862.png 1536w, https:\/\/ypjrojava.net\/wp-content\/uploads\/2025\/09\/2-4-2048x1150.png 2048w, https:\/\/ypjrojava.net\/wp-content\/uploads\/2025\/09\/2-4-390x220.png 390w\" sizes=\"auto, (max-width: 300px) 100vw, 300px\" \/> <img loading=\"lazy\" decoding=\"async\" class=\"alignnone size-medium wp-image-19688\" src=\"https:\/\/ypjrojava.net\/wp-content\/uploads\/2025\/09\/1-3-300x168.png\" alt=\"\" width=\"300\" height=\"168\" srcset=\"https:\/\/ypjrojava.net\/wp-content\/uploads\/2025\/09\/1-3-300x168.png 300w, https:\/\/ypjrojava.net\/wp-content\/uploads\/2025\/09\/1-3-1024x575.png 1024w, https:\/\/ypjrojava.net\/wp-content\/uploads\/2025\/09\/1-3-768x431.png 768w, https:\/\/ypjrojava.net\/wp-content\/uploads\/2025\/09\/1-3-1536x862.png 1536w, https:\/\/ypjrojava.net\/wp-content\/uploads\/2025\/09\/1-3-2048x1150.png 2048w, https:\/\/ypjrojava.net\/wp-content\/uploads\/2025\/09\/1-3-390x220.png 390w\" sizes=\"auto, (max-width: 300px) 100vw, 300px\" \/><\/p>\n","protected":false},"excerpt":{"rendered":"<p>\u00c7alakiya hevr\u00ea R\u00eavana Rojava \u00a0\u00fb Ar\u00een M\u00eerkan di salvegera xwe ya 11\u2019em\u00een de, ji hela fermandar \u00fb \u015fervan\u00ean YPJ\u2019\u00ea ve bi meras\u00eemeke le\u015fker\u00ee hatin bi b\u00eer an\u00een. \u00cero ji bo salvegera herdu fedayiy\u00ean hemdem\u00ee ku di Koban\u00ea de xwe di dil\u00ea fa\u015f\u00eezm\u00ea de teqandin, YPJ\u2019\u00ea bi meras\u00eemeke le\u015fker\u00ee li bajar\u00ea Hesek\u00ea, R\u00eavana Rojava \u00a0\u00fb Ar\u00eena [&hellip;]<\/p>\n","protected":false},"author":1,"featured_media":19692,"comment_status":"open","ping_status":"closed","sticky":false,"template":"","format":"standard","meta":{"footnotes":""},"categories":[100,41,38,40],"tags":[],"class_list":{"0":"post-19695","1":"post","2":"type-post","3":"status-publish","4":"format-standard","5":"has-post-thumbnail","7":"category-100","8":"category-dimen","9":"category-nuce","10":"category-wene"},"_links":{"self":[{"href":"https:\/\/ypjrojava.net\/index.php?rest_route=\/wp\/v2\/posts\/19695","targetHints":{"allow":["GET"]}}],"collection":[{"href":"https:\/\/ypjrojava.net\/index.php?rest_route=\/wp\/v2\/posts"}],"about":[{"href":"https:\/\/ypjrojava.net\/index.php?rest_route=\/wp\/v2\/types\/post"}],"author":[{"embeddable":true,"href":"https:\/\/ypjrojava.net\/index.php?rest_route=\/wp\/v2\/users\/1"}],"replies":[{"embeddable":true,"href":"https:\/\/ypjrojava.net\/index.php?rest_route=%2Fwp%2Fv2%2Fcomments&post=19695"}],"version-history":[{"count":2,"href":"https:\/\/ypjrojava.net\/index.php?rest_route=\/wp\/v2\/posts\/19695\/revisions"}],"predecessor-version":[{"id":19697,"href":"https:\/\/ypjrojava.net\/index.php?rest_route=\/wp\/v2\/posts\/19695\/revisions\/19697"}],"wp:featuredmedia":[{"embeddable":true,"href":"https:\/\/ypjrojava.net\/index.php?rest_route=\/wp\/v2\/media\/19692"}],"wp:attachment":[{"href":"https:\/\/ypjrojava.net\/index.php?rest_route=%2Fwp%2Fv2%2Fmedia&parent=19695"}],"wp:term":[{"taxonomy":"category","embeddable":true,"href":"https:\/\/ypjrojava.net\/index.php?rest_route=%2Fwp%2Fv2%2Fcategories&post=19695"},{"taxonomy":"post_tag","embeddable":true,"href":"https:\/\/ypjrojava.net\/index.php?rest_route=%2Fwp%2Fv2%2Ftags&post=19695"}],"curies":[{"name":"wp","href":"https:\/\/api.w.org\/{rel}","templated":true}]}}