{"id":19701,"date":"2025-10-06T16:43:58","date_gmt":"2025-10-06T15:43:58","guid":{"rendered":"https:\/\/ypjrojava.net\/?p=19701"},"modified":"2025-10-06T16:48:55","modified_gmt":"2025-10-06T15:48:55","slug":"hevditina-ypj-qsd-bi-sefire-emerikaye-re","status":"publish","type":"post","link":"https:\/\/ypjrojava.net\/?p=19701","title":{"rendered":"Hevd\u00eetina YPJ, QSD Bi Sef\u00eer\u00ea Emer\u00eekay\u00ea Re"},"content":{"rendered":"<p>&nbsp;<\/p>\n<p><img loading=\"lazy\" decoding=\"async\" class=\"alignnone size-medium wp-image-19702\" src=\"https:\/\/ypjrojava.net\/wp-content\/uploads\/2025\/10\/IMG_0300.00_00_07_26.Still001-300x200.png\" alt=\"\" width=\"300\" height=\"200\" srcset=\"https:\/\/ypjrojava.net\/wp-content\/uploads\/2025\/10\/IMG_0300.00_00_07_26.Still001-300x200.png 300w, https:\/\/ypjrojava.net\/wp-content\/uploads\/2025\/10\/IMG_0300.00_00_07_26.Still001-1024x683.png 1024w, https:\/\/ypjrojava.net\/wp-content\/uploads\/2025\/10\/IMG_0300.00_00_07_26.Still001-768x512.png 768w, https:\/\/ypjrojava.net\/wp-content\/uploads\/2025\/10\/IMG_0300.00_00_07_26.Still001-1536x1024.png 1536w, https:\/\/ypjrojava.net\/wp-content\/uploads\/2025\/10\/IMG_0300.00_00_07_26.Still001-2048x1366.png 2048w\" sizes=\"auto, (max-width: 300px) 100vw, 300px\" \/><\/p>\n<p><strong><b>Li Ser Peymana 10\u2019\u00ea Adar\u00ea Hevd\u00eetin Di Navbera YPJ, QSD\u2019\u00ea \u00fb Sef\u00eer\u00ea Emer\u00eekay\u00ea \u00e7\u00eab\u00fb<\/b><\/strong><\/p>\n<p>\u00cero ,\u00a0Fermandara Yek\u00eeney\u00ean Parastina Jin (YPJ) Rohilat Efr\u00een,\u00a0Fermandar\u00ea Gi\u015ft\u00ee y\u00ea H\u00eaz\u00ean S\u00fbriya Demokrat\u00eek (QSD), Mezl\u00fbm Ebd\u00ee, p\u00ea\u015fwaziya sef\u00eer\u00ea Emer\u00eekay\u00ea y\u00ea Tirkiy\u00ea \u00fb N\u00fbner\u00ea Emer\u00eekay\u00ea y\u00ea S\u00fbriyey\u00ea Tom Barrack \u00fb \u00a0Fermandar\u00ea Fermandariya Navend\u00ee ya Amer\u00eekay\u00ea Am\u00eeral Brad Cooper kir, ev hevd\u00eetin bi navbertiya \u015fandeyek Emer\u00eek\u00ee ji koal\u00eesyona navnetew\u00ee p\u00eak hat.<\/p>\n<p>Di civ\u00een\u00ea de, Hevseroka T\u00eakiliy\u00ean Derve;\u00a0\u00celham Ehmed, Serok\u00ea Partiya S\u00fbriya P\u00ea\u015feroj\u00ea;\u00a0Ebdulham\u00ead El Mehbe\u015f\u00a0\u00fb C\u00eegir\u00ea Serok\u00ea Mecl\u00eesa S\u00fbriya Demokrat\u00eek Xesan El\u00a0Y\u00fbsif\u00a0amede b\u00fbn.<\/p>\n<p>Di civ\u00een\u00ea de gav\u00ean prat\u00eek\u00ee ji bo lezandina p\u00eakan\u00eena peymana 10\u2019\u00ea Adar\u00ea ya di navbera hukumeta veguh\u00eaz a S\u00fbriy\u00ea \u00fb Fermandariya QSD\u2019\u00ea\u00a0de\u00a0hat\u00a0n\u00eeqa\u015f kirin. W\u00ea ev peyman bibe al\u00eekar ku cezay\u00ean li ser S\u00fbriyey\u00ea werin rakirin,\u00a0\u00fb ji bo p\u00ea\u015fkeftina\u00a0haw\u00eerdorek ewle were afirandin, \u00fb ji bo vegera ko\u00e7baran\u00a0bo war\u00ean wan \u015fert \u00fb merc\u00ean guncav \u00fb \u00e7areser\u00ee\u00a0peyda bibin.<\/p>\n<p>Di hevd\u00eetin\u00ea de, her du aliyan pabendb\u00fbna xwe ya ji bo berdewamiya hevkariya di navbera Hevpeymaniya Navnetewey\u00ee \u00fb QSD\u2019\u00ea de di \u015fer\u00ea li dij\u00ee DA\u00ce\u015e\u00a0\u00ea \u00fb z\u00eadekirina hewldan\u00ean aram\u00ee \u00fb ewlehiy\u00ea li her\u00eam\u00ea, misogerkirina yek\u00eetiya axa S\u00fbriyey\u00ea pi\u015ftrast kirin.<\/p>\n<p><strong><b>\u00a0 \u00a0 \u00a0 \u00a0 \u00a0 \u00a0 \u00a0 \u00a0 \u00a0 \u00a0 \u00a0 \u00a0 \u00a0 \u00a0 \u00a0 \u00a0 \u00a0 \u00a0 \u00a0 \u00a0 \u00a0 \u00a0 \u00a0 \u00a0 \u00a0 \u00a0 \u00a0 \u00a0 \u00a0 \u00a0 \u00a0 \u00a0 \u00a0 \u00a0<\/b><\/strong><strong><b>\u00a0Navenda Ragihandina YPJ\u2019\u00ea<\/b><\/strong><\/p>\n<p><strong>\u00a0 \u00a0 \u00a0 \u00a0 \u00a0 \u00a0 \u00a0 \u00a0 \u00a0 \u00a0 \u00a0 \u00a0 \u00a0 \u00a0 \u00a0 \u00a0 \u00a0 \u00a0 \u00a0 \u00a0 \u00a0 \u00a0 \u00a0 \u00a0 \u00a0 \u00a0 \u00a0 \u00a0 \u00a0 \u00a0 \u00a0 \u00a0 \u00a0 \u00a0 \u00a0 \u00a0 \u00a0 \u00a0 \u00a0 \u00a0 \u00a0 \u00a006.10.2025<\/strong><\/p>\n","protected":false},"excerpt":{"rendered":"<p>&nbsp; Li Ser Peymana 10\u2019\u00ea Adar\u00ea Hevd\u00eetin Di Navbera YPJ, QSD\u2019\u00ea \u00fb Sef\u00eer\u00ea Emer\u00eekay\u00ea \u00e7\u00eab\u00fb \u00cero ,\u00a0Fermandara Yek\u00eeney\u00ean Parastina Jin (YPJ) Rohilat Efr\u00een,\u00a0Fermandar\u00ea Gi\u015ft\u00ee y\u00ea H\u00eaz\u00ean S\u00fbriya Demokrat\u00eek (QSD), Mezl\u00fbm Ebd\u00ee, p\u00ea\u015fwaziya sef\u00eer\u00ea Emer\u00eekay\u00ea y\u00ea Tirkiy\u00ea \u00fb N\u00fbner\u00ea Emer\u00eekay\u00ea y\u00ea S\u00fbriyey\u00ea Tom Barrack \u00fb \u00a0Fermandar\u00ea Fermandariya Navend\u00ee ya Amer\u00eekay\u00ea Am\u00eeral Brad Cooper kir, ev hevd\u00eetin [&hellip;]<\/p>\n","protected":false},"author":1,"featured_media":19708,"comment_status":"open","ping_status":"closed","sticky":false,"template":"","format":"standard","meta":{"footnotes":""},"categories":[100,38],"tags":[],"class_list":{"0":"post-19701","1":"post","2":"type-post","3":"status-publish","4":"format-standard","5":"has-post-thumbnail","7":"category-100","8":"category-nuce"},"_links":{"self":[{"href":"https:\/\/ypjrojava.net\/index.php?rest_route=\/wp\/v2\/posts\/19701","targetHints":{"allow":["GET"]}}],"collection":[{"href":"https:\/\/ypjrojava.net\/index.php?rest_route=\/wp\/v2\/posts"}],"about":[{"href":"https:\/\/ypjrojava.net\/index.php?rest_route=\/wp\/v2\/types\/post"}],"author":[{"embeddable":true,"href":"https:\/\/ypjrojava.net\/index.php?rest_route=\/wp\/v2\/users\/1"}],"replies":[{"embeddable":true,"href":"https:\/\/ypjrojava.net\/index.php?rest_route=%2Fwp%2Fv2%2Fcomments&post=19701"}],"version-history":[{"count":4,"href":"https:\/\/ypjrojava.net\/index.php?rest_route=\/wp\/v2\/posts\/19701\/revisions"}],"predecessor-version":[{"id":19710,"href":"https:\/\/ypjrojava.net\/index.php?rest_route=\/wp\/v2\/posts\/19701\/revisions\/19710"}],"wp:featuredmedia":[{"embeddable":true,"href":"https:\/\/ypjrojava.net\/index.php?rest_route=\/wp\/v2\/media\/19708"}],"wp:attachment":[{"href":"https:\/\/ypjrojava.net\/index.php?rest_route=%2Fwp%2Fv2%2Fmedia&parent=19701"}],"wp:term":[{"taxonomy":"category","embeddable":true,"href":"https:\/\/ypjrojava.net\/index.php?rest_route=%2Fwp%2Fv2%2Fcategories&post=19701"},{"taxonomy":"post_tag","embeddable":true,"href":"https:\/\/ypjrojava.net\/index.php?rest_route=%2Fwp%2Fv2%2Ftags&post=19701"}],"curies":[{"name":"wp","href":"https:\/\/api.w.org\/{rel}","templated":true}]}}