{"id":19736,"date":"2025-10-10T11:37:38","date_gmt":"2025-10-10T10:37:38","guid":{"rendered":"https:\/\/ypjrojava.net\/?p=19736"},"modified":"2025-10-10T11:37:38","modified_gmt":"2025-10-10T10:37:38","slug":"ji-gele-me-u-raya-gisti-re-45","status":"publish","type":"post","link":"https:\/\/ypjrojava.net\/?p=19736","title":{"rendered":"Ji Gel\u00ea Me \u00fb Raya Gi\u015ft\u00ee Re"},"content":{"rendered":"<p style=\"text-align: left;\">Di p\u00eavajoya berxwedaniya b\u00eahempa y\u00ea Bendava Ti\u015fr\u00een\u00ea, Pira Qereqozax\u00ea \u00fb D\u00ear\u00ee<\/p>\n<p style=\"text-align: left;\">Hafir\u00ea de, di wan dem \u00fb k\u00ealiy\u00ean d\u00eerok\u00ee de, r\u00fbpel\u00ean efsaney\u00ean serdem\u00ea pel bi pel<\/p>\n<p style=\"text-align: left;\">bi \u00e7\u00eerok\u00ean lehengan \u00fb fermandartiya dem\u00ea dihatin dagirtin. Di w\u00ea berxwedaniy\u00ea<\/p>\n<p style=\"text-align: left;\">de bi dehan fermandar \u00fb \u015fervan\u00ean leheng heya hinasey\u00ean xwe y\u00ea daw\u00ee \u015fer kirin \u00fb<\/p>\n<p style=\"text-align: left;\">gihan asta \u015fehadet\u00ea.<\/p>\n<p style=\"text-align: left;\">Yara Mistefa bi nasnav N\u00fbcan Gabar li war\u00ea t\u00eako\u015fer\u00ean hemdem\u00ee Efr\u00eena bedew<\/p>\n<p style=\"text-align: left;\">\u00e7av\u00ean xwe li jiyan\u00ea vekirib\u00fb. Hevr\u00ea N\u00fbcan bi \u00e7anda kurd\u00ee y\u00ea resen di nava civaka<\/p>\n<p style=\"text-align: left;\">xwe y\u00ea xwed\u00ee kok \u00fb d\u00eerokeke kevnar de mezin bib\u00fb. Her ku mezin dib\u00fb j\u00ee, p\u00eare<\/p>\n<p style=\"text-align: left;\">xeyal\u00ean azadiy\u00ea \u00fb t\u00eagihi\u015ftina azadiya welat mezin dib\u00fb \u00fb di naskirin\u00ea w\u00ea de k\u00fbr<\/p>\n<p style=\"text-align: left;\">dib\u00fb. Ji ber welatpar\u00eaziya malbat\u00ea hevr\u00ea N\u00fbcan di zaroktiya xwe de \u015fore\u015f\u00ea dinase<\/p>\n<p style=\"text-align: left;\">\u00fb di dil \u00fb mejiy\u00ea w\u00ea de \u015fore\u015f t\u00ea \u00e7andin. Du ap\u00ean hevr\u00ea N\u00fbcan, Rojhat Gabar \u00fb<\/p>\n<p style=\"text-align: left;\">\u00c7ekdar Gabar di nava \u015fore\u015fa azadiy\u00ea de cih\u00ean xwe girtib\u00fbn \u00fb bi qehreman\u00ee j\u00ee<\/p>\n<p style=\"text-align: left;\">t\u00eako\u015f\u00een dan me\u015fandin \u00fb \u015feh\u00eed bib\u00fbn. Ev li ser hevr\u00ea N\u00fbcan bandoriya \u015for\u015fgertiy\u00ea<\/p>\n<p style=\"text-align: left;\">da \u00e7\u00eakirin her wiha \u015fer\u00ea Efr\u00een\u00ea j\u00ee ji bo hevr\u00eaya me dibe xala daw\u00ee \u00fb ji dijmin re v\u00ea<\/p>\n<p style=\"text-align: left;\">gava dagirkirin\u00ea nah\u00eale \u00fb bi bandorb\u00fby\u00eena xwe ya ji Berxwedana Serdem\u00ea re,<\/p>\n<p style=\"text-align: left;\">biryara jiyaneke n\u00fb dide \u00fb dibe yek ji \u015fervan\u00ean Yek\u00eeney\u00ean Parastina Jin YPJ\u2019\u00ea.<\/p>\n<p style=\"text-align: left;\">Pi\u015ft\u00ee ku hevr\u00ea N\u00fbcan tevl\u00ee dibe, bi d\u00eetina perwerdey\u00ean b\u00eerdoz\u00ee \u00fb le\u015fker\u00ee dibe yek ji<\/p>\n<p style=\"text-align: left;\">\u015fervan\u00ean jin \u00ea her\u00ee j\u00eer \u00fb xwed\u00ee kesayetek \u015fareza. Di nava heval\u00ean xwe de her<\/p>\n<p style=\"text-align: left;\">p\u00ea\u015feng, dilnizim \u00fb wefadar dihat naskirin. Ew bi xwe j\u00ee jir\u00eaz\u00eab\u00fby\u00een ji bo xwe<\/p>\n<p style=\"text-align: left;\">nedipejirand \u00fb her bi w\u00ea xwesteka xwep\u00ea\u015fxistin \u00fb xwe zane kirin\u00ea jiyana xwe y\u00ea<\/p>\n<p style=\"text-align: left;\">\u015fore\u015fger\u00ee dijiya. Kesayeta hevr\u00ea N\u00fbcan xurt \u00fb pir pak b\u00fb, di hevalt\u00ee \u00fb t\u00eakiliy\u00ean xwe<\/p>\n<p style=\"text-align: left;\">de xwed\u00ee p\u00eevan\u00ean bilind b\u00fb. Li hember xeta R\u00eaber Apo bi hizirandineke k\u00fbr \u00fb bi<\/p>\n<p style=\"text-align: left;\">hestiyareke mezin n\u00eaz\u00eekat\u00ee dida raber kirin \u00fb esareta R\u00eaber Apo ti car\u00ee normal<\/p>\n<p style=\"text-align: left;\">nedigirte dest. Xeyal \u00fb armanc\u00ean hevr\u00ea N\u00fbcan her ew b\u00fb ku R\u00eaber Apo f\u00eez\u00eek\u00ee azad<\/p>\n<p style=\"text-align: left;\">bid\u00eeta \u00fb ev mizg\u00een\u00ee bigihanda tevah\u00ee azad\u00eexwazan.<\/p>\n<p style=\"text-align: left;\">Weke bi hezaran hevr\u00eay\u00ean xwe, heval N\u00fbcan bi hest\u00ean tolhildan\u00ea \u00fb fedekariy\u00ea di<\/p>\n<p style=\"text-align: left;\">nava \u015fore\u015f\u00ea de b\u00fb xwed\u00ee gelek bar\u00ean mezin. Her\u00ee daw\u00ee j\u00ee di nava berxwedaniya<\/p>\n<p style=\"text-align: left;\">Bendava Ti\u015fr\u00een\u00ea de bi rol\u00ean mezin ley\u00eest \u00fb erk\u00ean xwe bi awayek\u00ee her\u00ee ba\u015f bi cih<\/p>\n<p style=\"text-align: left;\">an\u00een. Di d\u00eeroka 13\u2019y\u00ea \u00c7ileya 2025\u2019an de dema ku hevr\u00ea N\u00fbcan bi du heval\u00ean xwe<\/p>\n<p style=\"text-align: left;\">T\u00eako\u015fer Efr\u00een \u00fb Xebat Baz re di\u00e7\u00fbn \u00e7alakiy\u00ea, di encama l\u00eadana ke\u015ffa dewleta<\/p>\n<p style=\"text-align: left;\">Tirkiy\u00ea \u00ea dagirker de bi leheng\u00ee \u015feh\u00eed b\u00fbn. Nav\u00ea wan b\u00fb nav\u00ea berxwedaniy\u00ea \u00fb<\/p>\n<p style=\"text-align: left;\">wiha ala serkeftin\u00ea li ser Bendava Ti\u015fr\u00een\u00ea li ba b\u00fb \u00fb deng\u00ea azadiy\u00ea berbelav\u00ee<\/p>\n<p style=\"text-align: left;\">c\u00eehan\u00ea b\u00fb.<strong><b>\u00a0 \u00a0<\/b><\/strong><\/p>\n<p><strong><b>\u00a0 \u00a0 \u00a0 \u00a0 \u00a0 \u00a0 \u00a0 \u00a0 \u00a0 \u00a0 \u00a0 \u00a0 \u00a0 \u00a0 \u00a0 \u00a0 \u00a0 \u00a0 \u00a0 \u00a0 \u00a0 \u00a0 \u00a0 \u00a0 \u00a0 \u00a0 \u00a0 \u00a0 \u00a0 \u00a0 \u00a0 \u00a0 \u00a0 \u00a0 \u00a0 <\/b><\/strong><b>Silav \u00fb R\u00eaz\u00ean \u015eore\u015fger\u00ee\u00a0 \u00a0 \u00a0 \u00a0 \u00a0 \u00a0 \u00a0<\/b><b>\u00a0 \u00a0 \u00a0<\/b><\/p>\n<p style=\"text-align: right;\"><b> \u00a0 \u00a0 \u00a0\u00a010.10.2025\u00a0 \u00a0 \u00a0 \u00a0 \u00a0 \u00a0 \u00a0 \u00a0 \u00a0 \u00a0 \u00a0 \u00a0 \u00a0 \u00a0 \u00a0 \u00a0 \u00a0 \u00a0 \u00a0 \u00a0 \u00a0 \u00a0 \u00a0 \u00a0 \u00a0 \u00a0 \u00a0 \u00a0 \u00a0 \u00a0 \u00a0 \u00a0 \u00a0 \u00a0 \u00a0 \u00a0 \u00a0 \u00a0 \u00a0 \u00a0\u00a0<\/b><\/p>\n<p style=\"text-align: right;\"><b> \u00a0 \u00a0 \u00a0 \u00a0 \u00a0 \u00a0 <\/b><b>Fermandariya Gi\u015ft\u00ee Ya YPJ\u2019\u00ea\u00a0 \u00a0 \u00a0 \u00a0 \u00a0 \u00a0 \u00a0 \u00a0 \u00a0 \u00a0 \u00a0 \u00a0 \u00a0 \u00a0 \u00a0 \u00a0 \u00a0 \u00a0 \u00a0 \u00a0 \u00a0 \u00a0 \u00a0 \u00a0 \u00a0 \u00a0 \u00a0 \u00a0 \u00a0 \u00a0 \u00a0\u00a0<\/b><\/p>\n<p style=\"text-align: left;\">\n<p style=\"text-align: right;\"><b>\u00a0 <\/b><b><img loading=\"lazy\" decoding=\"async\" class=\" wp-image-19738 alignright\" src=\"https:\/\/ypjrojava.net\/wp-content\/uploads\/2025\/10\/DSC0013711-300x207.png\" alt=\"\" width=\"338\" height=\"233\" srcset=\"https:\/\/ypjrojava.net\/wp-content\/uploads\/2025\/10\/DSC0013711-300x207.png 300w, https:\/\/ypjrojava.net\/wp-content\/uploads\/2025\/10\/DSC0013711-1024x707.png 1024w, https:\/\/ypjrojava.net\/wp-content\/uploads\/2025\/10\/DSC0013711-768x530.png 768w, https:\/\/ypjrojava.net\/wp-content\/uploads\/2025\/10\/DSC0013711-1536x1060.png 1536w, https:\/\/ypjrojava.net\/wp-content\/uploads\/2025\/10\/DSC0013711-2048x1414.png 2048w\" sizes=\"auto, (max-width: 338px) 100vw, 338px\" \/> <img loading=\"lazy\" decoding=\"async\" class=\"alignnone size-medium wp-image-19739\" src=\"https:\/\/ypjrojava.net\/wp-content\/uploads\/2025\/10\/DSC0535411-300x287.png\" alt=\"\" width=\"300\" height=\"287\" srcset=\"https:\/\/ypjrojava.net\/wp-content\/uploads\/2025\/10\/DSC0535411-300x287.png 300w, https:\/\/ypjrojava.net\/wp-content\/uploads\/2025\/10\/DSC0535411-1024x979.png 1024w, https:\/\/ypjrojava.net\/wp-content\/uploads\/2025\/10\/DSC0535411-768x734.png 768w, https:\/\/ypjrojava.net\/wp-content\/uploads\/2025\/10\/DSC0535411.png 1049w\" sizes=\"auto, (max-width: 300px) 100vw, 300px\" \/> <img loading=\"lazy\" decoding=\"async\" class=\"alignnone size-medium wp-image-19740\" src=\"https:\/\/ypjrojava.net\/wp-content\/uploads\/2025\/10\/DSCN042111-277x300.png\" alt=\"\" width=\"277\" height=\"300\" srcset=\"https:\/\/ypjrojava.net\/wp-content\/uploads\/2025\/10\/DSCN042111-277x300.png 277w, https:\/\/ypjrojava.net\/wp-content\/uploads\/2025\/10\/DSCN042111-946x1024.png 946w, https:\/\/ypjrojava.net\/wp-content\/uploads\/2025\/10\/DSCN042111-768x831.png 768w, https:\/\/ypjrojava.net\/wp-content\/uploads\/2025\/10\/DSCN042111-1419x1536.png 1419w, https:\/\/ypjrojava.net\/wp-content\/uploads\/2025\/10\/DSCN042111-1892x2048.png 1892w\" sizes=\"auto, (max-width: 277px) 100vw, 277px\" \/> <img loading=\"lazy\" decoding=\"async\" class=\"alignnone size-medium wp-image-19741\" src=\"https:\/\/ypjrojava.net\/wp-content\/uploads\/2025\/10\/DSCN618511-235x300.png\" alt=\"\" width=\"235\" height=\"300\" srcset=\"https:\/\/ypjrojava.net\/wp-content\/uploads\/2025\/10\/DSCN618511-235x300.png 235w, https:\/\/ypjrojava.net\/wp-content\/uploads\/2025\/10\/DSCN618511-802x1024.png 802w, https:\/\/ypjrojava.net\/wp-content\/uploads\/2025\/10\/DSCN618511-768x980.png 768w, https:\/\/ypjrojava.net\/wp-content\/uploads\/2025\/10\/DSCN618511-1203x1536.png 1203w, https:\/\/ypjrojava.net\/wp-content\/uploads\/2025\/10\/DSCN618511-1605x2048.png 1605w, https:\/\/ypjrojava.net\/wp-content\/uploads\/2025\/10\/DSCN618511-scaled.png 2006w\" sizes=\"auto, (max-width: 235px) 100vw, 235px\" \/> <img loading=\"lazy\" decoding=\"async\" class=\"alignnone size-medium wp-image-19742\" src=\"https:\/\/ypjrojava.net\/wp-content\/uploads\/2025\/10\/N11-1.tif\" alt=\"\" width=\"1\" height=\"1\" \/> <img loading=\"lazy\" decoding=\"async\" class=\"alignnone size-medium wp-image-19743\" src=\"https:\/\/ypjrojava.net\/wp-content\/uploads\/2025\/10\/SICIL-1311-160x300.png\" alt=\"\" width=\"160\" height=\"300\" srcset=\"https:\/\/ypjrojava.net\/wp-content\/uploads\/2025\/10\/SICIL-1311-160x300.png 160w, https:\/\/ypjrojava.net\/wp-content\/uploads\/2025\/10\/SICIL-1311-547x1024.png 547w, https:\/\/ypjrojava.net\/wp-content\/uploads\/2025\/10\/SICIL-1311-768x1438.png 768w, https:\/\/ypjrojava.net\/wp-content\/uploads\/2025\/10\/SICIL-1311-820x1536.png 820w, https:\/\/ypjrojava.net\/wp-content\/uploads\/2025\/10\/SICIL-1311-1094x2048.png 1094w, https:\/\/ypjrojava.net\/wp-content\/uploads\/2025\/10\/SICIL-1311-scaled.png 1367w\" sizes=\"auto, (max-width: 160px) 100vw, 160px\" \/> <img loading=\"lazy\" decoding=\"async\" class=\"alignnone size-medium wp-image-19744\" src=\"https:\/\/ypjrojava.net\/wp-content\/uploads\/2025\/10\/1-300x200.png\" alt=\"\" width=\"300\" height=\"200\" srcset=\"https:\/\/ypjrojava.net\/wp-content\/uploads\/2025\/10\/1-300x200.png 300w, https:\/\/ypjrojava.net\/wp-content\/uploads\/2025\/10\/1-1024x683.png 1024w, https:\/\/ypjrojava.net\/wp-content\/uploads\/2025\/10\/1-768x512.png 768w, https:\/\/ypjrojava.net\/wp-content\/uploads\/2025\/10\/1-1536x1024.png 1536w, https:\/\/ypjrojava.net\/wp-content\/uploads\/2025\/10\/1-2048x1365.png 2048w\" sizes=\"auto, (max-width: 300px) 100vw, 300px\" \/> <img loading=\"lazy\" decoding=\"async\" class=\"size-medium wp-image-19745 alignnone\" src=\"https:\/\/ypjrojava.net\/wp-content\/uploads\/2025\/10\/2-300x200.png\" alt=\"\" width=\"300\" height=\"200\" srcset=\"https:\/\/ypjrojava.net\/wp-content\/uploads\/2025\/10\/2-300x200.png 300w, https:\/\/ypjrojava.net\/wp-content\/uploads\/2025\/10\/2-1024x683.png 1024w, https:\/\/ypjrojava.net\/wp-content\/uploads\/2025\/10\/2-768x512.png 768w, https:\/\/ypjrojava.net\/wp-content\/uploads\/2025\/10\/2-1536x1024.png 1536w, https:\/\/ypjrojava.net\/wp-content\/uploads\/2025\/10\/2-2048x1365.png 2048w\" sizes=\"auto, (max-width: 300px) 100vw, 300px\" \/><\/b><\/p>\n<p>&nbsp;<\/p>\n<p><iframe loading=\"lazy\" title=\"Ji Gel\u00ea Me \u00fb Raya Gi\u015ft\u00ee Re #YPJ\" width=\"696\" height=\"392\" src=\"https:\/\/www.youtube.com\/embed\/O56qIq1iFIg?feature=oembed\" frameborder=\"0\" allow=\"accelerometer; autoplay; clipboard-write; encrypted-media; gyroscope; picture-in-picture; web-share\" referrerpolicy=\"strict-origin-when-cross-origin\" allowfullscreen><\/iframe><\/p>\n","protected":false},"excerpt":{"rendered":"<p>Di p\u00eavajoya berxwedaniya b\u00eahempa y\u00ea Bendava Ti\u015fr\u00een\u00ea, Pira Qereqozax\u00ea \u00fb D\u00ear\u00ee Hafir\u00ea de, di wan dem \u00fb k\u00ealiy\u00ean d\u00eerok\u00ee de, r\u00fbpel\u00ean efsaney\u00ean serdem\u00ea pel bi pel bi \u00e7\u00eerok\u00ean lehengan \u00fb fermandartiya dem\u00ea dihatin dagirtin. Di w\u00ea berxwedaniy\u00ea de bi dehan fermandar \u00fb \u015fervan\u00ean leheng heya hinasey\u00ean xwe y\u00ea daw\u00ee \u015fer kirin \u00fb gihan asta \u015fehadet\u00ea. [&hellip;]<\/p>\n","protected":false},"author":1,"featured_media":19744,"comment_status":"open","ping_status":"closed","sticky":false,"template":"","format":"standard","meta":{"footnotes":""},"categories":[100,41,38,40],"tags":[],"class_list":{"0":"post-19736","1":"post","2":"type-post","3":"status-publish","4":"format-standard","5":"has-post-thumbnail","7":"category-100","8":"category-dimen","9":"category-nuce","10":"category-wene"},"_links":{"self":[{"href":"https:\/\/ypjrojava.net\/index.php?rest_route=\/wp\/v2\/posts\/19736","targetHints":{"allow":["GET"]}}],"collection":[{"href":"https:\/\/ypjrojava.net\/index.php?rest_route=\/wp\/v2\/posts"}],"about":[{"href":"https:\/\/ypjrojava.net\/index.php?rest_route=\/wp\/v2\/types\/post"}],"author":[{"embeddable":true,"href":"https:\/\/ypjrojava.net\/index.php?rest_route=\/wp\/v2\/users\/1"}],"replies":[{"embeddable":true,"href":"https:\/\/ypjrojava.net\/index.php?rest_route=%2Fwp%2Fv2%2Fcomments&post=19736"}],"version-history":[{"count":1,"href":"https:\/\/ypjrojava.net\/index.php?rest_route=\/wp\/v2\/posts\/19736\/revisions"}],"predecessor-version":[{"id":19746,"href":"https:\/\/ypjrojava.net\/index.php?rest_route=\/wp\/v2\/posts\/19736\/revisions\/19746"}],"wp:featuredmedia":[{"embeddable":true,"href":"https:\/\/ypjrojava.net\/index.php?rest_route=\/wp\/v2\/media\/19744"}],"wp:attachment":[{"href":"https:\/\/ypjrojava.net\/index.php?rest_route=%2Fwp%2Fv2%2Fmedia&parent=19736"}],"wp:term":[{"taxonomy":"category","embeddable":true,"href":"https:\/\/ypjrojava.net\/index.php?rest_route=%2Fwp%2Fv2%2Fcategories&post=19736"},{"taxonomy":"post_tag","embeddable":true,"href":"https:\/\/ypjrojava.net\/index.php?rest_route=%2Fwp%2Fv2%2Ftags&post=19736"}],"curies":[{"name":"wp","href":"https:\/\/api.w.org\/{rel}","templated":true}]}}