{"id":19795,"date":"2025-10-15T12:05:59","date_gmt":"2025-10-15T11:05:59","guid":{"rendered":"https:\/\/ypjrojava.net\/?p=19795"},"modified":"2025-10-15T12:05:59","modified_gmt":"2025-10-15T11:05:59","slug":"ji-gele-me-u-raya-gisti-re-46","status":"publish","type":"post","link":"https:\/\/ypjrojava.net\/?p=19795","title":{"rendered":"Ji Gel\u00ea Me \u00fb Raya Gi\u015ft\u00ee Re"},"content":{"rendered":"<p>Gel\u00ea Kurdistan\u00ea di riya \u015fore\u015f\u00ea de gelek ewlad\u00ean xwe y\u00ean giranb\u00fbha \u00fb qehreman feda kirine \u00fb hina j\u00ee di heman reng\u00ee, gelek jin \u00fb mirxwaz\u00ean v\u00ea xak\u00ea xwe feda dikin. Reber\u00ea gel\u00ea Kurd li ser pakrewan\u00ean piroz wiha dib\u00eaje,\u2019\u2019 Em \u015feh\u00eedan disp\u00earin dil\u00ea xwe nasp\u00earin xak\u00ea\u2019\u2019. bi her \u015fahadetek\u00ea re me sozek daye \u00fb em soza xwe j\u00ee bi gav\u00ean pir xurt p\u00eakt\u00eenin \u00fb t\u00eako\u015f\u00eena xwe j\u00ee p\u00ea\u015f de dibin. Em j\u00ee wek \u015fagirt\u00ean R\u00eaber Apo, hevre \u00fb \u015fopdar\u00ean \u015feh\u00eed\u00ean qehreman em sozdariya xwe bi pakrewan\u00ean xwe re t\u00eenin ziman \u00fb em dib\u00eajin \u015feh\u00eed p\u00ea\u015feng\u00ea riya me ne, berhema ked \u00fb feda\u00eetiya wan em \u00ea bi\u00e7in serkeftin\u00ea \u00fb paradigma R\u00eaber Apo em\u00ea p\u00eakb\u00eenin.<\/p>\n<p>Di seri de em ji R\u00eaber Apo, ji malbata xwe ya heja \u00fb welatpar\u00eaz re tevah\u00ee gel\u00ean xwey\u00ea azad\u00eexwaz re sersaxiy\u00ea dixwazin. Di nava \u015fore\u015f\u00ea de her bed\u00ealek ji bo me ne windahiyek deskeftiye<\/p>\n<p>Bi \u015fahadeta her jinek\u00ee berxwed\u00ear \u00fb dilw\u00earek bi sedan jin\u00ean ciwan \u00e7eka \u015feref \u00fb x\u00eeret\u00ea ya \u015feh\u00eeda radikin \u00fb be\u015fdar\u00ee t\u00eako\u015f\u00eena wekhev\u00ee \u00fb azadiy\u00ea dibin. \u015eahadeta r\u00ea hevala me Del\u00eela D\u00ears\u00eem bi nasnav Nazan A\u011f\u0131rman ku j\u0131 herema M\u00eardin\u00ea ye 11&#8217;\u00ea \u00e7ile ya 2025&#8217;an li eniya sedta Ti\u015fr\u00een de di encama l\u00eadana balafira ke\u015ff\u00ea y\u00ean dewleta Tirk ya dagirker de gehi\u015ftiye \u015fahadet\u00ea. Em R\u00eahevala xwe Delila Dersim bi h\u00fbrmet \u00fb minnedar\u00ee bi b\u00eert\u00eenin \u00fb bejna xwe li hember\u00ee maznah\u00ee \u00fb piroziya w\u00ea t\u00eenin ziman. di \u015faxs\u00ea heval Del\u00eela de tevah\u00ee \u015feh\u00eed\u00ean \u015fore\u015f\u00ea re giradan \u00fb dilsoziya xwe dubare dikin. Bila malbata me ya welatpar\u00eaz bi rehevala me jina t\u00eako\u015fer Del\u00eela serbilind \u00fb \u015fahnaz bin ji ber r\u00eaheval Del\u00eela heya k\u00ealiya jiyana xwe ya dawi bi armanca doza azadiy\u00ea re t\u00eako\u015fiya \u00fb b\u00fb y\u00eak j\u00ee remza berxwedana \u015fore\u015fa Rojava \u00fb \u00eero ji bo jin\u00ean cihan\u00ea \u00fb tevah\u00ee mirovahiy\u00ea heviya azadiy\u00ea.<\/p>\n<p>Hevala Del\u00eela wek\u00ee ke\u00e7ek\u00ee Kurd ji malbatek\u00ee welatpar\u00eaz li bajar\u00ea M\u00eardin\u00ea sala 1989\u2019an de hatiye din\u00ea. Malbata A\u011f\u0131rman, r\u00eahevala me bi heskirina welat \u00fb \u00e7anda Kurdperwer\u00ee mezin dike. Malbata heval Delila di pevajoyek\u00ee ku heb\u00fbn \u00fb t\u00fbneb\u00fbna Kurdan di naqa\u015f\u00ea de b\u00fb, doza azadiy\u00ea nas dike. Yek j\u00ee malbata ku destp\u00eaka vejina Kurd de, xwed\u00ee roleke giring hil dide ser mil\u00ea xwe. Wek hem\u00fb gel\u00ea me y\u00ea azad\u00eexwaz pir zext\u00ean dijwar y\u00ean dijmin re \u015fah\u00eed\u00ee dike. Ji ber zexta dijmin malbata hevala me ne\u00e7ar dim\u00eene \u00fb ber\u00ea xwe dide ko\u00e7beriy\u00ea. R\u00eaheval Delila bi berikirina welat ya kurd ve bi salan jiyan dike. Ruxm\u00ea ku ji welat dure \u00fb di navenda pergala Kap\u00eetal\u00eezm\u00ea de jiyan dike l\u00ea dev ji \u00e7anda xwe ya kevnar ber nade hertim xwed\u00ee \u00e7and \u00fb ziman\u00ea dayika xwe der dikeve. Xeyal\u00ean w\u00ea \u00ead\u00ee ji n\u00fbve gehandina welat b\u00fb. Bi v\u00ea ev\u00eenadariy\u00ea sala 2009&#8242; an de ew bi xwi\u015fka xwe re dikeve d\u00fb xeyal\u00ea xwe \u00fb ji Bel\u00e7ikay\u00ea ber\u00ea xwe dide \u00e7iyay\u00ean Kurdistan\u00ea. Bi d\u00eetina welat re hertim bi co\u015f \u00fb kelecanek mezin tevl\u00ee hem\u00fb xebatan dib\u00fb. Hem\u00fb hevrey\u00ean xwe re, di zir\u00fbf\u00ean her\u00ee zehmet de p\u00ea\u015feng\u00ee dikir. Ew di hem\u00fb keliy\u00ean jiyana xwe de li ser van xak\u00ean piroz ji n\u00fbve dayik dib\u00fb.Bi her\u00eekina jiyan\u00ea re w\u00ea xwe ji n\u00fb ve diafirand. Ew \u015fervanek \u00fb fermandarek heq\u00eeqet\u00ea b\u00fb ku b\u00ea rawestan hertim t\u00eadiko\u015fiya. Ew li r\u00eabaz\u00ea xwe y\u00ea jiyan\u00ea de pir xwezay\u00ee \u00fb dilnizim b\u00fb. R\u00ea hevala me wek\u00ee deryayek\u00ee ewqas k\u00fbr \u00fb fireh b\u00fb ku di h\u00fbndir\u00ea xwe de maznahiya f\u00eekr\u00ea r\u00eabert\u00ee radigirt. Fermandara azadiy\u00ea Del\u00eela, di nava jiyan\u00ea de fedakar \u00fb di \u015fer\u00ea xwe de j\u00ee feday\u00ee b\u00fb.<\/p>\n<p>Di hem\u00fb erk\u00ean ku w\u00ea hildigirt ser mil\u00ea xwe de teqez serkeft\u00ee b\u00fb. Ber\u00ea w\u00ea hertim li R\u00eabertiya azad b\u00fb ji v\u00ea w\u00ea tucara binkeftin ji xwe re qeb\u00fbl ne dikir. Her tim ber\u00ea w\u00ea h\u00fbnandin\u00ean f\u00eekr\u00ea civaka demokrat\u00eek \u00fb azad y\u00ea R\u00eaber Apo b\u00fb. Pi\u015ft\u00ee teko\u015f\u00eenek b\u00ea eman ya sal\u00ean dir\u00eaj r\u00eaheval Del\u00eela ji qad\u00ean \u00e7iyay\u00ea azad ber\u00ea xwe dide Rojavay\u00ea Kurdistan\u00ea. Ji ber w\u00ea di avab\u00fbna \u015fore\u015fa Rojavay\u00ea Kurdistan\u00ea de yekb\u00fbna hem\u00fb Kurdistan\u00ea \u00fb hem\u00fb jinan did\u00eet. Dem\u00ean her\u00ee zehmet de wek jinek ciwan ber\u00ea xwe da van qadan \u00fb ala ku Ar\u00een \u00fb bar\u00eenan hilgirtib\u00fb ser mil\u00ea xwe rakir li ber as\u00eemanan. Ji ber di wan deman de xeteriya DA\u00ce\u015e\u00ea li ser Rojavay\u00ea Kurdistan\u00ea \u00fb mirovahiy\u00ea hem\u00fb xeteriya xwe domdar b\u00fb. Ew j\u00ee beramber\u00ee da\u00ee\u015fa ku kes\u00ea nedikar\u00ee li beramber\u00ee wan bisekine b\u00fb agirek ji pola. Pengava yekem de DA\u00ce\u015e bi gi\u015ft\u00ee hat \u015fekandin. L\u00ea bel\u00ea ji ber xeteriya da\u00ee\u015f\u00ea berxwedan r\u00eahevala me j\u00ee wek gelek qehreman\u00ean me domdarkir. Ew \u015fervanek \u00fb fermandarek werek b\u00fb ku di gelek operasyonan de cih\u00ea xwe girt. R\u00eahevala me ji Koban\u00ee heya Reqa \u00fb Bahoz\u00ea pakrawanek be rawestan b\u00fb. Gelek perwerdey\u00ean ku wek b\u00eerdozik \u00fb le\u015fker\u00ee ditin\u00ea re hem\u00fb danehev\u00ean ku ji \u015fer girt\u00ee zivirandi b\u00fb tarz\u00ea jiyana Apoger\u00ee. Hevala me di jiyan \u00fb \u015fer\u00ea xwe de hertim b\u00fb xwed\u00ee m\u00eeratey\u00ean \u015feh\u00eed\u00ean me.<\/p>\n<p><img loading=\"lazy\" decoding=\"async\" class=\"alignnone size-medium wp-image-19784\" src=\"https:\/\/ypjrojava.net\/wp-content\/uploads\/2025\/10\/ala-sici11-227x300.png\" alt=\"\" width=\"227\" height=\"300\" srcset=\"https:\/\/ypjrojava.net\/wp-content\/uploads\/2025\/10\/ala-sici11-227x300.png 227w, https:\/\/ypjrojava.net\/wp-content\/uploads\/2025\/10\/ala-sici11-774x1024.png 774w, https:\/\/ypjrojava.net\/wp-content\/uploads\/2025\/10\/ala-sici11-768x1017.png 768w, https:\/\/ypjrojava.net\/wp-content\/uploads\/2025\/10\/ala-sici11.png 843w\" sizes=\"auto, (max-width: 227px) 100vw, 227px\" \/><\/p>\n<p><strong>Nav \u00fb Pa\u015fnav\u00ea: DEL\u0130LA DERS\u0130M<\/strong><\/p>\n<p><strong>Nav \u00fb Pa\u015fnav\u00ea Rast: NAZAN A\u011eIRMAN<\/strong><\/p>\n<p><strong>Nav\u00ea Dayik : VEHB\u0130YE AKKURT<\/strong><\/p>\n<p><strong>Nav\u00ea Bav: ABDURRAHMAN<\/strong><\/p>\n<p><strong>D\u00eeroka \u015eehadet\u00ea: 11\/1\/2025<\/strong><\/p>\n<p>Rawesgeha rehevala me ya l\u00fbtkeya berxwedaniy\u00ea seda Ti\u015fr\u00een\u00ea b\u00fb. Seda Ti\u015fr\u00een\u00ea bi yekgirtina gel \u00fb \u015fervanan re b\u00fb remza \u015fer\u00ea gel\u00ea \u015fore\u015fger\u00ee ya hemdem\u00een. Ji 7 &#8216;sal\u00ee heya 70&#8217; sali kes\u00ean ku ji bo rumet\u00ea, xwe, xwe razandine serkeftin\u00ea b\u00fbn mifteya deriy\u00ea a\u015fitiy\u00ea. R\u00eahevala me b\u00fb yek j\u00ee berxwed\u00eara b\u00ea eman ya seda Ti\u015frin\u00ea. W\u00ea bi ev\u00eendariya welat\u00ea xwe re \u015fer kir. Jina teko\u015fer di seda Ti\u015frin\u00ea de xwe gihand M\u00eardina Reng\u00een. r\u00eahevala me Del\u00eela bi serkeftina berxwedaniy\u00ea ve seda Ti\u015fr\u00een\u00ea heya M\u00eard\u00een\u00ea b\u00fb pira hevgirtin\u00ea. Em wek h\u00eaz\u00ean parastin\u00ea ji \u015fehadeta qehremana gel\u00ea xwe serbilindin. Em wek r\u00eaheval\u00ean w\u00ea teqez dikin ku heya em negihejin serkeftina xak\u00ean kevnar y\u00ean mirovahiy\u00ea \u00fb Serok\u00ea azad em \u00ea dev ji v\u00ea teko\u015f\u00een\u00ea bernedin. Em dubare sersaxi ji malbata r\u00eahevala xwe \u00fb hem\u00fb gel\u00ean mezl\u00fbm re dixwazin.<\/p>\n<p>&nbsp;<\/p>\n<p><b>\u00a0 \u00a0 \u00a0 \u00a0 \u00a0 \u00a0 \u00a0 \u00a0 \u00a0 \u00a0 \u00a0 \u00a0 \u00a0 \u00a0 \u00a0 \u00a0 \u00a0 \u00a0 \u00a0 \u00a0 \u00a0 \u00a0 \u00a0 \u00a0 \u00a0 \u00a0 \u00a0 \u00a0 \u00a0 \u00a0 \u00a0 \u00a0 \u00a0 \u00a0 \u00a0 Silav \u00fb R\u00eaz\u00ean \u015eore\u015fger\u00ee <\/b><\/p>\n<p><strong><b>\u00a0 \u00a0 \u00a0 \u00a0 \u00a0 \u00a0 \u00a0 \u00a0 \u00a0 \u00a0 \u00a0 \u00a0 \u00a0 \u00a0 \u00a0 \u00a0 \u00a0 \u00a0 \u00a0 \u00a0 \u00a0 \u00a0 \u00a0 \u00a0 \u00a0 \u00a0 \u00a0 \u00a0 \u00a0 \u00a0 \u00a0 \u00a0 \u00a0 \u00a0 \u00a0 Fermandariya Gi\u015ft\u00ee ya YPJ\u2019\u00ea<\/b><\/strong><\/p>\n<p><strong>\u00a0 \u00a0 \u00a0 \u00a0 \u00a0 \u00a0 \u00a0 \u00a0 \u00a0 \u00a0 \u00a0 \u00a0 \u00a0 \u00a0 \u00a0 \u00a0 \u00a0 \u00a0 \u00a0 \u00a0 \u00a0 \u00a0 \u00a0 \u00a0 \u00a0 \u00a0 \u00a0 \u00a0 \u00a0 \u00a0 \u00a0 \u00a0 \u00a0 \u00a0 \u00a0 \u00a0 \u00a0 \u00a0 \u00a0 \u00a0 \u00a0 \u00a015.10.2025<\/strong><\/p>\n<p><img loading=\"lazy\" decoding=\"async\" class=\"alignnone size-medium wp-image-19785\" src=\"https:\/\/ypjrojava.net\/wp-content\/uploads\/2025\/10\/gg-1-300x169.png\" alt=\"\" width=\"300\" height=\"169\" srcset=\"https:\/\/ypjrojava.net\/wp-content\/uploads\/2025\/10\/gg-1-300x169.png 300w, https:\/\/ypjrojava.net\/wp-content\/uploads\/2025\/10\/gg-1-768x432.png 768w, https:\/\/ypjrojava.net\/wp-content\/uploads\/2025\/10\/gg-1-390x220.png 390w, https:\/\/ypjrojava.net\/wp-content\/uploads\/2025\/10\/gg-1.png 1003w\" sizes=\"auto, (max-width: 300px) 100vw, 300px\" \/> <img loading=\"lazy\" decoding=\"async\" class=\"alignnone size-medium wp-image-19786\" src=\"https:\/\/ypjrojava.net\/wp-content\/uploads\/2025\/10\/\u06f2\u06f0\u06f2\u06f3\u06f1\u06f1\u06f1\u06f2_\u06f1\u06f5\u06f4\u06f6\u06f5\u06f91-300x225.jpg\" alt=\"\" width=\"300\" height=\"225\" srcset=\"https:\/\/ypjrojava.net\/wp-content\/uploads\/2025\/10\/\u06f2\u06f0\u06f2\u06f3\u06f1\u06f1\u06f1\u06f2_\u06f1\u06f5\u06f4\u06f6\u06f5\u06f91-300x225.jpg 300w, https:\/\/ypjrojava.net\/wp-content\/uploads\/2025\/10\/\u06f2\u06f0\u06f2\u06f3\u06f1\u06f1\u06f1\u06f2_\u06f1\u06f5\u06f4\u06f6\u06f5\u06f91-1024x768.jpg 1024w, https:\/\/ypjrojava.net\/wp-content\/uploads\/2025\/10\/\u06f2\u06f0\u06f2\u06f3\u06f1\u06f1\u06f1\u06f2_\u06f1\u06f5\u06f4\u06f6\u06f5\u06f91-768x576.jpg 768w, https:\/\/ypjrojava.net\/wp-content\/uploads\/2025\/10\/\u06f2\u06f0\u06f2\u06f3\u06f1\u06f1\u06f1\u06f2_\u06f1\u06f5\u06f4\u06f6\u06f5\u06f91-1536x1152.jpg 1536w, https:\/\/ypjrojava.net\/wp-content\/uploads\/2025\/10\/\u06f2\u06f0\u06f2\u06f3\u06f1\u06f1\u06f1\u06f2_\u06f1\u06f5\u06f4\u06f6\u06f5\u06f91-2048x1536.jpg 2048w\" sizes=\"auto, (max-width: 300px) 100vw, 300px\" \/> <img loading=\"lazy\" decoding=\"async\" class=\"alignnone size-medium wp-image-19787\" src=\"https:\/\/ypjrojava.net\/wp-content\/uploads\/2025\/10\/IMG_0348-300x200.jpg\" alt=\"\" width=\"300\" height=\"200\" srcset=\"https:\/\/ypjrojava.net\/wp-content\/uploads\/2025\/10\/IMG_0348-300x200.jpg 300w, https:\/\/ypjrojava.net\/wp-content\/uploads\/2025\/10\/IMG_0348-1024x683.jpg 1024w, https:\/\/ypjrojava.net\/wp-content\/uploads\/2025\/10\/IMG_0348-768x512.jpg 768w, https:\/\/ypjrojava.net\/wp-content\/uploads\/2025\/10\/IMG_0348-1536x1024.jpg 1536w, https:\/\/ypjrojava.net\/wp-content\/uploads\/2025\/10\/IMG_0348-2048x1365.jpg 2048w\" sizes=\"auto, (max-width: 300px) 100vw, 300px\" \/> <img loading=\"lazy\" decoding=\"async\" class=\"alignnone size-medium wp-image-19788\" src=\"https:\/\/ypjrojava.net\/wp-content\/uploads\/2025\/10\/IMG_0378-300x200.jpg\" alt=\"\" width=\"300\" height=\"200\" srcset=\"https:\/\/ypjrojava.net\/wp-content\/uploads\/2025\/10\/IMG_0378-300x200.jpg 300w, https:\/\/ypjrojava.net\/wp-content\/uploads\/2025\/10\/IMG_0378-1024x683.jpg 1024w, https:\/\/ypjrojava.net\/wp-content\/uploads\/2025\/10\/IMG_0378-768x512.jpg 768w, https:\/\/ypjrojava.net\/wp-content\/uploads\/2025\/10\/IMG_0378-1536x1024.jpg 1536w, https:\/\/ypjrojava.net\/wp-content\/uploads\/2025\/10\/IMG_0378-2048x1365.jpg 2048w\" sizes=\"auto, (max-width: 300px) 100vw, 300px\" \/> <img loading=\"lazy\" decoding=\"async\" class=\"alignnone size-medium wp-image-19789\" src=\"https:\/\/ypjrojava.net\/wp-content\/uploads\/2025\/10\/IMG_0382-300x200.jpg\" alt=\"\" width=\"300\" height=\"200\" srcset=\"https:\/\/ypjrojava.net\/wp-content\/uploads\/2025\/10\/IMG_0382-300x200.jpg 300w, https:\/\/ypjrojava.net\/wp-content\/uploads\/2025\/10\/IMG_0382-1024x683.jpg 1024w, https:\/\/ypjrojava.net\/wp-content\/uploads\/2025\/10\/IMG_0382-768x512.jpg 768w, https:\/\/ypjrojava.net\/wp-content\/uploads\/2025\/10\/IMG_0382-1536x1024.jpg 1536w, https:\/\/ypjrojava.net\/wp-content\/uploads\/2025\/10\/IMG_0382-2048x1365.jpg 2048w\" sizes=\"auto, (max-width: 300px) 100vw, 300px\" \/> \u00a0<img loading=\"lazy\" decoding=\"async\" class=\"alignnone size-medium wp-image-19791\" src=\"https:\/\/ypjrojava.net\/wp-content\/uploads\/2025\/10\/IMG_46541-300x200.jpg\" alt=\"\" width=\"300\" height=\"200\" srcset=\"https:\/\/ypjrojava.net\/wp-content\/uploads\/2025\/10\/IMG_46541-300x200.jpg 300w, https:\/\/ypjrojava.net\/wp-content\/uploads\/2025\/10\/IMG_46541-1024x683.jpg 1024w, https:\/\/ypjrojava.net\/wp-content\/uploads\/2025\/10\/IMG_46541-768x512.jpg 768w, https:\/\/ypjrojava.net\/wp-content\/uploads\/2025\/10\/IMG_46541-1536x1024.jpg 1536w, https:\/\/ypjrojava.net\/wp-content\/uploads\/2025\/10\/IMG_46541-2048x1365.jpg 2048w\" sizes=\"auto, (max-width: 300px) 100vw, 300px\" \/><\/p>\n<p>&nbsp;<\/p>\n<p><iframe loading=\"lazy\" title=\"Ji Bo B\u00eeran\u00eena \u015eeh\u00eed Del\u00eela Ders\u00eem #YPJ\" width=\"696\" height=\"392\" src=\"https:\/\/www.youtube.com\/embed\/7aE8oxF_ntQ?feature=oembed\" frameborder=\"0\" allow=\"accelerometer; autoplay; clipboard-write; encrypted-media; gyroscope; picture-in-picture; web-share\" referrerpolicy=\"strict-origin-when-cross-origin\" allowfullscreen><\/iframe><\/p>\n","protected":false},"excerpt":{"rendered":"<p>Gel\u00ea Kurdistan\u00ea di riya \u015fore\u015f\u00ea de gelek ewlad\u00ean xwe y\u00ean giranb\u00fbha \u00fb qehreman feda kirine \u00fb hina j\u00ee di heman reng\u00ee, gelek jin \u00fb mirxwaz\u00ean v\u00ea xak\u00ea xwe feda dikin. Reber\u00ea gel\u00ea Kurd li ser pakrewan\u00ean piroz wiha dib\u00eaje,\u2019\u2019 Em \u015feh\u00eedan disp\u00earin dil\u00ea xwe nasp\u00earin xak\u00ea\u2019\u2019. bi her \u015fahadetek\u00ea re me sozek daye \u00fb em [&hellip;]<\/p>\n","protected":false},"author":1,"featured_media":19781,"comment_status":"open","ping_status":"closed","sticky":false,"template":"","format":"standard","meta":{"footnotes":""},"categories":[100,39,41,40],"tags":[],"class_list":{"0":"post-19795","1":"post","2":"type-post","3":"status-publish","4":"format-standard","5":"has-post-thumbnail","7":"category-100","8":"category-daxuyani","9":"category-dimen","10":"category-wene"},"_links":{"self":[{"href":"https:\/\/ypjrojava.net\/index.php?rest_route=\/wp\/v2\/posts\/19795","targetHints":{"allow":["GET"]}}],"collection":[{"href":"https:\/\/ypjrojava.net\/index.php?rest_route=\/wp\/v2\/posts"}],"about":[{"href":"https:\/\/ypjrojava.net\/index.php?rest_route=\/wp\/v2\/types\/post"}],"author":[{"embeddable":true,"href":"https:\/\/ypjrojava.net\/index.php?rest_route=\/wp\/v2\/users\/1"}],"replies":[{"embeddable":true,"href":"https:\/\/ypjrojava.net\/index.php?rest_route=%2Fwp%2Fv2%2Fcomments&post=19795"}],"version-history":[{"count":1,"href":"https:\/\/ypjrojava.net\/index.php?rest_route=\/wp\/v2\/posts\/19795\/revisions"}],"predecessor-version":[{"id":19796,"href":"https:\/\/ypjrojava.net\/index.php?rest_route=\/wp\/v2\/posts\/19795\/revisions\/19796"}],"wp:featuredmedia":[{"embeddable":true,"href":"https:\/\/ypjrojava.net\/index.php?rest_route=\/wp\/v2\/media\/19781"}],"wp:attachment":[{"href":"https:\/\/ypjrojava.net\/index.php?rest_route=%2Fwp%2Fv2%2Fmedia&parent=19795"}],"wp:term":[{"taxonomy":"category","embeddable":true,"href":"https:\/\/ypjrojava.net\/index.php?rest_route=%2Fwp%2Fv2%2Fcategories&post=19795"},{"taxonomy":"post_tag","embeddable":true,"href":"https:\/\/ypjrojava.net\/index.php?rest_route=%2Fwp%2Fv2%2Ftags&post=19795"}],"curies":[{"name":"wp","href":"https:\/\/api.w.org\/{rel}","templated":true}]}}