{"id":19799,"date":"2025-10-15T14:05:44","date_gmt":"2025-10-15T13:05:44","guid":{"rendered":"https:\/\/ypjrojava.net\/?p=19799"},"modified":"2025-10-15T14:05:44","modified_gmt":"2025-10-15T13:05:44","slug":"azadiya-jin-besek-e-ku-ji-azadiya-welat-ne-qut-e","status":"publish","type":"post","link":"https:\/\/ypjrojava.net\/?p=19799","title":{"rendered":"Azadiya Jin Be\u015fek e ku Ji Azadiya Welat Ne Qut e"},"content":{"rendered":"<p>Du \u015fervan\u00ean jin \u00ean ku li Akademiya \u015eeh\u00eed Rojda ya li Reqay\u00ea perwerdehiy\u00ea dib\u00eenin, behsa mot\u00eevasyon\u00ean xwe y\u00ean tevl\u00eeb\u00fbna akademiy\u00ea \u00fb ders\u00ean ku ew h\u00een b\u00fbne kirin. Her wiha amadeb\u00fbna xwe ya tevah\u00ee ji bo parastina welat \u00fb gel\u00ea xwe \u00fb parastina destkeftiy\u00ean \u015feh\u00eedan pi\u015ftrast kirin.<\/p>\n<p>Leyla Koban\u00ee behsa sedema tevl\u00eeb\u00fbna xwe kir \u00fb got: &#8220;Nav\u00ea min Leyla Koban\u00ee ye. Ez bi \u015feh\u00eed\u00ean welat \u00ean ku jiyana xwe ji bo azadiy\u00ea feda kirine bandor b\u00fbm \u00fb tevl\u00ee ref\u00ean Yek\u00eeney\u00ean Parastina Jin (YPJ) b\u00fbm.&#8221;<\/p>\n<p>\u015eervana bi nasnav Leyla Koban\u00ee her wiha tekez kir ku armanca w\u00ea ew e ku her jin maf\u00ea xwe y\u00ea azad\u00ee \u00fb r\u00fbmet\u00ea bi dest bixe.<\/p>\n<p>Leyla Koban\u00ee wiha l\u00ea z\u00eade kir: &#8220;Ez \u00ea bihostek ji axa xwe di bin dagirkeriy\u00ea de neh\u00ealim \u00fb ez \u00ea heta dilopa xw\u00eena xwe ya daw\u00ee bipar\u00eazim.&#8221; W\u00ea tekez kir ku giringiya azadiya jinan ji azadiya welat ne k\u00eamtir e \u00fb ew be\u015fek e ku ji \u015fer\u00ea rizgar\u00ee \u00fb parastin\u00ea ne qut e.<\/p>\n<p>\u015eervana duyem Serhildan Amed j\u00ee behsa rih\u00ea k\u00fbr \u00ea hevaltiy\u00ea kir ku di nav \u015fervan\u00ean jin de li p\u00ea\u015f e \u00fb tekez kir ku ev gir\u00eadana xurt bi felsefeya R\u00eaber Abdullah Ocalan ve gir\u00eaday\u00ee ye ku p\u00eakhatey\u00ean c\u00fbda dike yek \u00fb cudah\u00eey\u00ean wan ji hol\u00ea radike. Serhildan Amed di axaftina xwe de got, &#8220;Tev\u00ee p\u00eakhate \u00fb pa\u015fxaney\u00ean me y\u00ean c\u00fbda, em li akademiy\u00ea wek\u00ee yek malbat dij\u00een, b\u00eay\u00ee ku di navbera me de cudah\u00ee hebe. Ev yek h\u00eaza me xurt dike \u00fb me amadetir dike ku bi hem\u00fb h\u00eaza xwe welat\u00ea xwe bipar\u00eazin.&#8221; Amed, h\u00eaviya xwe ya mezin ji bo azadiya f\u00eez\u00eek\u00ee ya R\u00eaber Abdullah Ocalan ku sembola r\u00fbmet \u00fb azadiy\u00ea ye an\u00ee ziman \u00fb tekez kir ku ew ji felsefeya w\u00ee h\u00eaz\u00ea digirin da ku r\u00eaw\u00eetiya xwe ya ber bi azad\u00ee \u00fb a\u015ftiy\u00ea ve bidom\u00eenin. Di dawiya axaftin\u00ea de, \u015fervanan tekez kirin ku perwerdehiya ku wan wergirtiye, hem le\u015fker\u00ee \u00fb hem j\u00ee siyas\u00ee, wan amade kiriye ku bi hem\u00fb h\u00eaz \u00fb biryardariya xwe welat\u00ea xwe bipar\u00eazin.<\/p>\n<p><strong><b>\u00a0 \u00a0 \u00a0 \u00a0 \u00a0 \u00a0 \u00a0 \u00a0 \u00a0 \u00a0 \u00a0 \u00a0 \u00a0 \u00a0 \u00a0 \u00a0 \u00a0 \u00a0 \u00a0 \u00a0 \u00a0 \u00a0 \u00a0 \u00a0 \u00a0 \u00a0 \u00a0Navenda Ragihandina YPJ\u2019\u00ea\u00a0 \u00a0 \u00a0\u00a0<\/b><\/strong><\/p>\n<p><strong>\u00a0 \u00a0 \u00a0 \u00a0 \u00a0 \u00a0 \u00a0 \u00a0 \u00a0 \u00a0 \u00a0 \u00a0 \u00a0 \u00a0 \u00a0 \u00a0 \u00a0 \u00a0 \u00a0 \u00a0 \u00a0 \u00a0 \u00a0 \u00a0 \u00a0 \u00a0 \u00a0 \u00a0 \u00a0 \u00a0 \u00a0 \u00a0 \u00a0 \u00a015.10.2025\u00a0\u00a0<\/strong><\/p>\n<p><iframe loading=\"lazy\" title=\"Azadiya Jin Be\u015fek e ku Ji Azadiya Welat Ne Qut e #YPJ\" width=\"696\" height=\"392\" src=\"https:\/\/www.youtube.com\/embed\/om0nZJgOfI8?feature=oembed\" frameborder=\"0\" allow=\"accelerometer; autoplay; clipboard-write; encrypted-media; gyroscope; picture-in-picture; web-share\" referrerpolicy=\"strict-origin-when-cross-origin\" allowfullscreen><\/iframe><\/p>\n","protected":false},"excerpt":{"rendered":"<p>Du \u015fervan\u00ean jin \u00ean ku li Akademiya \u015eeh\u00eed Rojda ya li Reqay\u00ea perwerdehiy\u00ea dib\u00eenin, behsa mot\u00eevasyon\u00ean xwe y\u00ean tevl\u00eeb\u00fbna akademiy\u00ea \u00fb ders\u00ean ku ew h\u00een b\u00fbne kirin. Her wiha amadeb\u00fbna xwe ya tevah\u00ee ji bo parastina welat \u00fb gel\u00ea xwe \u00fb parastina destkeftiy\u00ean \u015feh\u00eedan pi\u015ftrast kirin. Leyla Koban\u00ee behsa sedema tevl\u00eeb\u00fbna xwe kir \u00fb got: [&hellip;]<\/p>\n","protected":false},"author":1,"featured_media":19800,"comment_status":"open","ping_status":"closed","sticky":false,"template":"","format":"standard","meta":{"footnotes":""},"categories":[100,41,38],"tags":[],"class_list":{"0":"post-19799","1":"post","2":"type-post","3":"status-publish","4":"format-standard","5":"has-post-thumbnail","7":"category-100","8":"category-dimen","9":"category-nuce"},"_links":{"self":[{"href":"https:\/\/ypjrojava.net\/index.php?rest_route=\/wp\/v2\/posts\/19799","targetHints":{"allow":["GET"]}}],"collection":[{"href":"https:\/\/ypjrojava.net\/index.php?rest_route=\/wp\/v2\/posts"}],"about":[{"href":"https:\/\/ypjrojava.net\/index.php?rest_route=\/wp\/v2\/types\/post"}],"author":[{"embeddable":true,"href":"https:\/\/ypjrojava.net\/index.php?rest_route=\/wp\/v2\/users\/1"}],"replies":[{"embeddable":true,"href":"https:\/\/ypjrojava.net\/index.php?rest_route=%2Fwp%2Fv2%2Fcomments&post=19799"}],"version-history":[{"count":1,"href":"https:\/\/ypjrojava.net\/index.php?rest_route=\/wp\/v2\/posts\/19799\/revisions"}],"predecessor-version":[{"id":19801,"href":"https:\/\/ypjrojava.net\/index.php?rest_route=\/wp\/v2\/posts\/19799\/revisions\/19801"}],"wp:featuredmedia":[{"embeddable":true,"href":"https:\/\/ypjrojava.net\/index.php?rest_route=\/wp\/v2\/media\/19800"}],"wp:attachment":[{"href":"https:\/\/ypjrojava.net\/index.php?rest_route=%2Fwp%2Fv2%2Fmedia&parent=19799"}],"wp:term":[{"taxonomy":"category","embeddable":true,"href":"https:\/\/ypjrojava.net\/index.php?rest_route=%2Fwp%2Fv2%2Fcategories&post=19799"},{"taxonomy":"post_tag","embeddable":true,"href":"https:\/\/ypjrojava.net\/index.php?rest_route=%2Fwp%2Fv2%2Ftags&post=19799"}],"curies":[{"name":"wp","href":"https:\/\/api.w.org\/{rel}","templated":true}]}}