{"id":19804,"date":"2025-10-20T10:03:55","date_gmt":"2025-10-20T09:03:55","guid":{"rendered":"https:\/\/ypjrojava.net\/?p=19804"},"modified":"2025-10-20T10:09:17","modified_gmt":"2025-10-20T09:09:17","slug":"19804","status":"publish","type":"post","link":"https:\/\/ypjrojava.net\/?p=19804","title":{"rendered":"Salvegera\u00a08\u2019em\u00een\u00a0a\u00a0Rizgarkirina Reqay\u00ea"},"content":{"rendered":"<p><strong><b>E<\/b><\/strong><strong><b>m\u00eera Mihemed, endama<\/b><\/strong><strong><b>\u00a0Konseya <\/b><\/strong><strong><b>Le\u015fker\u00ee ya Yek\u00eeney\u00ean Parastina Jin, li ser salvegera rizgarkirina Reqay\u00ea axiv\u00ee \u00fb got, &#8220;Di v\u00ea roj\u00ea de, em rizgarkirina Reqay\u00ea ji DAI\u015e\u00ea ya teror\u00eest bi b\u00eer t\u00eenin, ji ber ku ev salveger di dil\u00ea gel\u00ea me de, mezin e.&#8221;<\/b><\/strong><\/p>\n<p>Em\u00eera Mihemed, endama\u00a0Konseya\u00a0Le\u015fker\u00ee ya Yek\u00eeney\u00ean Parastina Jinji bo salvegera rizgarkirina Reqay\u00ea axiv\u00ee \u00fb ev roj li hem\u00fb gel\u00ea me p\u00eeroz kir\u00a0\u00fb got, &#8220;Gel\u00ea Reqay\u00ea ji DAI\u015e\u2019a teror\u00eest, zilm \u00fb zordariya w\u00ea ya li ser gel \u00fb kiryar\u00ean w\u00ea y\u00ean hovane gelek \u00ea\u015f ki\u015fandiye. H\u00eaz\u00ean me, H\u00eaz\u00ean S\u00fbriyeya Demokrat\u00eek, bi r\u00eaxistinb\u00fbneke\u00a0her\u00ee mezin, DAI\u015e\u2019\u00ea re r\u00fb bi r\u00fb man \u00fb di v\u00ea roj\u00ea de Reqa azad kirin.&#8221;<\/p>\n<p><strong><b>&#8220;Em \u00ea her gav<\/b><\/strong><strong><b>\u00a0li ser <\/b><\/strong><strong><b>soza xwe tevahiya S\u00fbriyey\u00ea \u00fb her<\/b><\/strong><strong><b>\u00a0bihustek<\/b><\/strong><strong><b>\u00a0axa xwe ya ku dagirkir\u00ee maye azad bikin, dilsoz bim\u00eenin.&#8221;<\/b><\/strong><\/p>\n<p>Her daw\u00ee j\u00ee Em\u00eera Mihemed ev roj weke roja xilasiya ji tar\u00eetiy\u00ea p\u00eanase kir \u00fb wiha daw\u00ee li axaftin\u00ean xwe an\u00ee:\u00a0&#8220;Ji tariy\u00ea heta t\u00eer\u00eaj\u00ean roj\u00ea,Yek\u00eeney\u00ean Parastina Jin\u00a0\u00fb\u00a0H\u00eaz\u00ean S\u00fbriya Demokrat\u00eek\u00a0kar\u00een Reqay\u00ea ji kiryar\u00ean DAI\u015e\u2019\u00ea rizgar bikin, y\u00ean ku jin bi re\u015f\u00a0p\u00ea\u00e7ab\u00fbn \u00fb heya daw\u00ee jin b\u00ea nirx dikirin weke \u00eero hatin \u015fikandin. \u00cero, bi nav\u00ea Yek\u00eeney\u00ean Parastina Jin \u00fb H\u00eaz\u00ean S\u00fbriya Demokrat\u00eek, em silav\u00ean xwe\u00a0li hem\u00fb gel\u00ea xwe dikin \u00fb ji wan re dib\u00eajin ku em \u00ea her gav bi soza xwe ve gir\u00eaday\u00ee bim\u00eenin.&#8221; Em \u00ea her gav li dij\u00ee her dijminek\u00ee ku hewl dide her\u00eam\u00ean me\u00a0dagir bike bisekinin\u00a0Reqqa \u00fb hem\u00fb dever\u00ean bakur-rojhilat\u00ea S\u00fbriyey\u00ea hatine rizgarkirin.<\/p>\n<p>&nbsp;<\/p>\n<p><strong><b>\u00a0 \u00a0 \u00a0 \u00a0 \u00a0 \u00a0 \u00a0 \u00a0 \u00a0 \u00a0 \u00a0 \u00a0 \u00a0 \u00a0 \u00a0 \u00a0 \u00a0 \u00a0 \u00a0 \u00a0 \u00a0 \u00a0 \u00a0 \u00a0 \u00a0 \u00a0 \u00a0 \u00a0 \u00a0 \u00a0 \u00a0 \u00a0 \u00a0 \u00a0Navenda Ragihandina YPJ\u2019\u00ea\u00a0 \u00a0 \u00a0\u00a0<\/b><\/strong><\/p>\n<p><strong>\u00a0 \u00a0 \u00a0 \u00a0 \u00a0 \u00a0 \u00a0 \u00a0 \u00a0 \u00a0 \u00a0 \u00a0 \u00a0 \u00a0 \u00a0 \u00a0 \u00a0 \u00a0 \u00a0 \u00a0 \u00a0 \u00a0 \u00a0 \u00a0 \u00a0 \u00a0 \u00a0 \u00a0 \u00a0 \u00a0 \u00a0 \u00a0 \u00a0 \u00a0 \u00a0 \u00a0 \u00a0 \u00a0 \u00a0 \u00a0 \u00a0 15.10.2025\u00a0\u00a0<\/strong><\/p>\n<p><iframe loading=\"lazy\" title=\"Salvegera 8\u2019em\u00een a Rizgarkirina Reqay\u00ea #YPJ\" width=\"696\" height=\"392\" src=\"https:\/\/www.youtube.com\/embed\/KzlRcTZ1pnw?feature=oembed\" frameborder=\"0\" allow=\"accelerometer; autoplay; clipboard-write; encrypted-media; gyroscope; picture-in-picture; web-share\" referrerpolicy=\"strict-origin-when-cross-origin\" allowfullscreen><\/iframe><\/p>\n","protected":false},"excerpt":{"rendered":"<p>Em\u00eera Mihemed, endama\u00a0Konseya Le\u015fker\u00ee ya Yek\u00eeney\u00ean Parastina Jin, li ser salvegera rizgarkirina Reqay\u00ea axiv\u00ee \u00fb got, &#8220;Di v\u00ea roj\u00ea de, em rizgarkirina Reqay\u00ea ji DAI\u015e\u00ea ya teror\u00eest bi b\u00eer t\u00eenin, ji ber ku ev salveger di dil\u00ea gel\u00ea me de, mezin e.&#8221; Em\u00eera Mihemed, endama\u00a0Konseya\u00a0Le\u015fker\u00ee ya Yek\u00eeney\u00ean Parastina Jinji bo salvegera rizgarkirina Reqay\u00ea axiv\u00ee \u00fb [&hellip;]<\/p>\n","protected":false},"author":1,"featured_media":19805,"comment_status":"open","ping_status":"closed","sticky":false,"template":"","format":"standard","meta":{"footnotes":""},"categories":[100,38],"tags":[],"class_list":{"0":"post-19804","1":"post","2":"type-post","3":"status-publish","4":"format-standard","5":"has-post-thumbnail","7":"category-100","8":"category-nuce"},"_links":{"self":[{"href":"https:\/\/ypjrojava.net\/index.php?rest_route=\/wp\/v2\/posts\/19804","targetHints":{"allow":["GET"]}}],"collection":[{"href":"https:\/\/ypjrojava.net\/index.php?rest_route=\/wp\/v2\/posts"}],"about":[{"href":"https:\/\/ypjrojava.net\/index.php?rest_route=\/wp\/v2\/types\/post"}],"author":[{"embeddable":true,"href":"https:\/\/ypjrojava.net\/index.php?rest_route=\/wp\/v2\/users\/1"}],"replies":[{"embeddable":true,"href":"https:\/\/ypjrojava.net\/index.php?rest_route=%2Fwp%2Fv2%2Fcomments&post=19804"}],"version-history":[{"count":2,"href":"https:\/\/ypjrojava.net\/index.php?rest_route=\/wp\/v2\/posts\/19804\/revisions"}],"predecessor-version":[{"id":19807,"href":"https:\/\/ypjrojava.net\/index.php?rest_route=\/wp\/v2\/posts\/19804\/revisions\/19807"}],"wp:featuredmedia":[{"embeddable":true,"href":"https:\/\/ypjrojava.net\/index.php?rest_route=\/wp\/v2\/media\/19805"}],"wp:attachment":[{"href":"https:\/\/ypjrojava.net\/index.php?rest_route=%2Fwp%2Fv2%2Fmedia&parent=19804"}],"wp:term":[{"taxonomy":"category","embeddable":true,"href":"https:\/\/ypjrojava.net\/index.php?rest_route=%2Fwp%2Fv2%2Fcategories&post=19804"},{"taxonomy":"post_tag","embeddable":true,"href":"https:\/\/ypjrojava.net\/index.php?rest_route=%2Fwp%2Fv2%2Ftags&post=19804"}],"curies":[{"name":"wp","href":"https:\/\/api.w.org\/{rel}","templated":true}]}}