{"id":19874,"date":"2025-11-03T16:35:42","date_gmt":"2025-11-03T16:35:42","guid":{"rendered":"https:\/\/ypjrojava.net\/?p=19874"},"modified":"2025-11-03T16:35:42","modified_gmt":"2025-11-03T16:35:42","slug":"ji-gele-me-u-raya-gisti-re-48","status":"publish","type":"post","link":"https:\/\/ypjrojava.net\/?p=19874","title":{"rendered":"Ji Gel\u00ea Me \u00fb Raya G\u00ee\u015ft\u00ee Re"},"content":{"rendered":"<p>R\u00eaber Apo; \u2018\u2019Dib\u00eaje Dara \u015eore\u015f\u00ea bi xw\u00een\u00ea t\u00ea Avdan\u2019\u2019. \u00a0Her \u015fore\u015fek pe\u015fengiya qehreman\u00ean gelan ve p\u00eak t\u00ea. \u00cero \u015fore\u015fa Rojavay\u00ea Kurdistan\u00ea di hem\u00fb cihan\u00ea de di reng\u00ea jina azad ve t\u00ea\u015fe girtiye. \u015eore\u015fa Rojava di h\u00fbndir\u00ea xwe de ne ten\u00ea heb\u00fbna Kurd, Erep, Ermen \u00fb Durziyan, heb\u00fbna hem\u00fb gel\u00ean azadixwaz hildigre. Ji bo v\u00ea pergala Kap\u00eetal\u00eest, \u015eore\u015fa jinan ango \u015fore\u015fa Modern\u00eeteya Demokrat\u00eek ji xwe re weke xeteriyek\u00ee mezin dib\u00eene. Y\u00ean ku paradigmaya R\u00eaber APO nasdikin ber\u00ea xwe didin van xak\u00ean ku felsefeya \u00a0\u00a0Jin Jiyan Azad\u00ee\u2019 \u00a0jiyan\u00ee dibe. Ji ber R\u00eaber Apo jina ku ji heb\u00fbna xwe d\u00fbrket\u00ee bi watekirina felsef\u00eek ya van hevokan de \u00a0li ser van xak\u00ean p\u00eeroz ji nuve diafir\u00eene.<\/p>\n<p>H\u00eaz\u00ean emperyal\u00eest \u00fb y\u00ean dagirker ji bo pergala xwe ya kurev\u00ee bikaribin li Rojhilata Navin \u00fb Kurdistan\u00ea saz bikin, hem\u00fb maf\u00ean gel\u00ean bindest \u00fb mazlum binp\u00ea dikin. Her car\u00ea bi navek\u00ee cuda l\u00ea heman aql\u00ea serdest er\u00ee\u015f\u00ean b\u00ea ser \u00fb ber li ser herem\u00ean \u015fore\u015f\u00ea de p\u00eakt\u00eenin. Li beramber\u00ee van \u00ear\u00ee\u015fan her roj \u015feh\u00eed\u00ean me bi berxwedaniy\u00ean b\u00ea eman destan\u00ean azadiy\u00ea din\u00eevis\u00eenin. Di \u00ear\u00ee\u015fa her\u00ee dawi ya ku aliy\u00ea h\u00eaz\u00ean HT\u015e \u00fb \u00e7etey\u00ean dagirker ve Mijdara 2024\u2019an de \u00a0li ser herem\u00ean me de p\u00eakhat\u00ee rast\u00ee berxwedaniyek\u00ea destan\u00ee ve hat. Ev konsepta \u00ear\u00ee\u015fa dagirker berdevamiya Efr\u00een \u00fb Ser\u00eakan\u00ee b\u00fb. Armanca van h\u00eazan \u00a0g\u00ee\u015ft\u00ee herem\u00ean Rojava \u00fb Bakur Rojhilat\u00ea Sur\u00eey\u00ea dagirkirin b\u00fb. L\u00ea \u015fervan \u00fb fermandar\u00ean me y\u00ean dilw\u00earek li beramber\u00ee hem\u00fb cure \u00ear\u00ee\u015fan xeta berxwedan\u00ea tercih kirin \u00fb teslimiyet ji xwe re qeb\u00fbl nekirin. R\u00eahevala me Zeynep Teko\u015fer j\u00ee li xeta Minbic\u00ea de ruxm\u00ea hem\u00fb daxwaz\u00ean dijmin y\u00ean teslimiyet\u00ea, ji xwe re xeta berxwedaniy\u00ea hilbijart \u00fb b\u00fb Beritana hemdem\u00ee. R\u00eahevala me bi biryardariyek\u00ee mezin ser dijmin\u00ea xwinxwar de \u00e7\u00fb. Ruxm\u00ea hem\u00fb cure \u00ear\u00ee\u015f\u00ean dagirkeriy\u00ea heya f\u00ee\u015feka \u00a0xwe ya dawi \u015fer kir \u00fb g\u00eehi\u015ft asta \u015fahadet\u00ea. Em ser\u00ee de malbata r\u00eahevala xwe ya welatpar\u00eaz \u00fb hem\u00fb gel\u00ea xwe y\u00ea dilsoz\u00ean doza azadiy\u00ea re sersax\u00ee dixwazin. Ger \u00eero mina Zeyneban Ber\u00eetanan remza berxwedaniye n\u00eenb\u00fbna me nedikarib\u00fb li ser van xak\u00ean p\u00eeroz bi nasnameya xwe ya azad ve \u015fer bikin \u00fb jiyan bikin.<\/p>\n<p><img loading=\"lazy\" decoding=\"async\" class=\"alignnone size-medium wp-image-19875\" src=\"https:\/\/ypjrojava.net\/wp-content\/uploads\/2025\/11\/f-169x300.png\" alt=\"\" width=\"169\" height=\"300\" srcset=\"https:\/\/ypjrojava.net\/wp-content\/uploads\/2025\/11\/f-169x300.png 169w, https:\/\/ypjrojava.net\/wp-content\/uploads\/2025\/11\/f-576x1024.png 576w, https:\/\/ypjrojava.net\/wp-content\/uploads\/2025\/11\/f-768x1365.png 768w, https:\/\/ypjrojava.net\/wp-content\/uploads\/2025\/11\/f-864x1536.png 864w, https:\/\/ypjrojava.net\/wp-content\/uploads\/2025\/11\/f.png 1080w\" sizes=\"auto, (max-width: 169px) 100vw, 169px\" \/><\/p>\n<p><strong>Nav \u00fb Pa\u015fnav: ZEYNEP TEKO\u015e\u00ceN<\/strong><\/p>\n<p><strong>Nav \u00fb Pa\u015fnav\u00ea Rast: V\u00ceYAN XEL\u00ceL<\/strong><\/p>\n<p><strong>Nav\u00ea Dayik: LEYLA<\/strong><\/p>\n<p><strong>Nav\u00ea Bav: TEWF\u00ceQ<\/strong><\/p>\n<p><strong>D\u00eeroka \u015eehadet\u00ea: 08\/12\/2024<\/strong><\/p>\n<p>&nbsp;<\/p>\n<p>R\u00eahevala me Zeynep Teko\u015f\u00een bi nasnav Viyan Xel\u00eel di sala 2004\u2019an de li bajar\u00ea ev\u00een\u00ea Qami\u015flo dayik dibe. Malbata r\u00eahevala me esl\u00ea xwe ji bajar\u00ea M\u00eardin\u00ea y\u00ea serhildire. R\u00eahevala me bi \u00e7irok\u00ean berxwedaniy\u00ea bi \u00e7anda welatpareziy\u00ea t\u00ea mezin kirin. Di \u015fexs\u00ea qehreman\u00ean dilpak de dest bi leger\u00eenan dike. Dewlet\u00ean dagirker bi pol\u00eet\u00eekay\u00ean qirkirin\u00ea re Kurdistan kiriye 4 par\u00e7e \u00fb sinor\u00ean b\u00ea wate di navbera bajaran de x\u00eaz kirine. Ruxm\u00ea van s\u00eenoran r\u00eahevala me ji Qami\u015flo sala 2022\u2019an de ber\u00ea xwe dide qad\u00ean \u015fore\u015f\u00ea \u00fb bi t\u00eako\u015f\u00eena xwe ve sinor\u00ean b\u00ea wate hildiwe\u015f\u00eene. \u00a0Di nava \u015eore\u015fa Jin de rastiya dijmin\u00ea xwe nasdike. Di van berxwedaniy\u00ean b\u00ea eman de gelek pe\u015feng\u00ean \u015fore\u015f\u00ea nasdike \u00fb dixwaze xewn \u00fb xeyal\u00ean wan bi t\u00eako\u015f\u00eena xwe ve xwed\u00ee derbikeve. Her ku di\u00e7e felsefeya R\u00eabert\u00ee de xwe kur dike. Li ser nasnameya jina azad l\u00eah\u00fbrb\u00fbn dike \u00fb dixwaze xwe ewe ku xwe bigehin\u00ea p\u00eevan\u00ean jina azad. \u00a0Ji bo v\u00ea gelek xebatan de bi dilsozi cih digre. \u00a0\u00a0Ew bi raman\u00ean R\u00eaber Apo her roj \u00fb kel\u00ee kesayet \u00fb jiyana xwe dih\u00fbne. \u00a0Bi d\u00eetina perwerdey\u00ean b\u00eerdoz\u00ee \u00a0\u00fb \u00a0le\u015fger\u00ee ve dibe xwed\u00ee kesayetek\u00ee \u015feraza. Her wiha ezm\u00fbn\u00ean mezin qezen\u00e7 dike. Di nava hevrey\u00ean xwe de erka \u00a0pe\u015fengtiy\u00ea hildigre. Bi p\u00ea\u015fniyar \u00fb daxwaza xwe ve ruxm\u00ea temen\u00ea xwe y\u00ea ciwan, gelek pengav\u00ean \u015fore\u015fgeri de cih digre. Di demek\u00ee pir kin de xwe digih\u00eene asta kesayetek\u00ee t\u00earker. Dema Dewleta Tirk \u00fb \u00e7etey\u00ean w\u00ea ji bo dagirkeriy\u00ea ber\u00ea xwe dan bajar\u00ea Minbic\u00ea rast\u00ea berxwedaniya fermandar \u00fb \u015fervan\u00ean azadiy\u00ea hatin. Di nava v\u00ee \u015fer\u00ea dijwar de rehevala me Zeynep ruxm\u00ea ku hevala xwe ya t\u00eako\u015f\u00een\u00ea Nesr\u00een \u00c7iya re giran birindar j\u00ee dibin \u00a0heya f\u00ee\u015feka xwe ya dawiy\u00ea \u015fer dikin. Em deyndar\u00ea kesayeten wiha giranb\u00fbhane ku weke jin \u00eero b\u00ea rawestan em dikarin t\u00eako\u015f\u00eena azadiy\u00ea domdar bikin.<\/p>\n<p>Em j\u00ee weke hevrey\u00ean van hevalan dubare gir\u00eadana xwe ya \u015feh\u00eedan re bib\u00eert\u00eenin \u00fb em dib\u00eajin \u015feh\u00eed\u00ean me b\u00eamirinin \u00fb t\u00eako\u015f\u00eena wan her y\u00ea domdar bibe. Heya em negehijin xewn \u00fb xeyalan wan em\u00ea dev ji t\u00eako\u015f\u00eena azadiy\u00ea bernedin. Em dubare soz \u00fb gir\u00eadana xwe ya \u015feh\u00eedan re bi dilsozi t\u00eenin ziman \u00fb em dib\u00eajin \u015feh\u00eed\u00ean me w\u00ea t\u00eako\u015f\u00eena me de hertim jiyan bikin.<\/p>\n<p><strong><b>\u00a0 \u00a0 \u00a0 \u00a0 \u00a0 \u00a0 \u00a0 \u00a0 \u00a0 \u00a0 \u00a0 \u00a0 \u00a0 \u00a0 \u00a0 \u00a0 \u00a0 \u00a0 \u00a0 \u00a0 \u00a0 \u00a0 \u00a0 \u00a0 \u00a0 \u00a0 \u00a0 \u00a0 \u00a0 \u00a0 Silav \u00fb R\u00eaz\u00ean \u015eore\u015fger\u00ee<\/b><\/strong><\/p>\n<p><strong>\u00a0 \u00a0 \u00a0 \u00a0 \u00a0 \u00a0 \u00a0 \u00a0 \u00a0 \u00a0 \u00a0 \u00a0 \u00a0 \u00a0 \u00a0 \u00a0 \u00a0 \u00a0 \u00a0 \u00a0 \u00a0 \u00a0 \u00a0 \u00a0 \u00a0 \u00a0 \u00a0 \u00a0 \u00a0 \u00a0 \u00a0 \u00a0 \u00a0 \u00a0 \u00a0 \u00a003.11.2025<\/strong><\/p>\n<p><strong>\u00a0 \u00a0 \u00a0 \u00a0 \u00a0 \u00a0 \u00a0 \u00a0 \u00a0 \u00a0 \u00a0 \u00a0 \u00a0 \u00a0 \u00a0 \u00a0 \u00a0 \u00a0 \u00a0 \u00a0 \u00a0 \u00a0 \u00a0 \u00a0 \u00a0 \u00a0 \u00a0 \u00a0 \u00a0 Fermandariya G\u00ee\u015ft\u00ee ya YPJ&#8217;\u00ea<\/strong><\/p>\n<p><img loading=\"lazy\" decoding=\"async\" class=\"alignnone size-medium wp-image-19877\" src=\"https:\/\/ypjrojava.net\/wp-content\/uploads\/2025\/11\/IMG_1521-300x200.jpg\" alt=\"\" width=\"300\" height=\"200\" srcset=\"https:\/\/ypjrojava.net\/wp-content\/uploads\/2025\/11\/IMG_1521-300x200.jpg 300w, https:\/\/ypjrojava.net\/wp-content\/uploads\/2025\/11\/IMG_1521-1024x683.jpg 1024w, https:\/\/ypjrojava.net\/wp-content\/uploads\/2025\/11\/IMG_1521-768x512.jpg 768w, https:\/\/ypjrojava.net\/wp-content\/uploads\/2025\/11\/IMG_1521-1536x1024.jpg 1536w, https:\/\/ypjrojava.net\/wp-content\/uploads\/2025\/11\/IMG_1521-2048x1365.jpg 2048w\" sizes=\"auto, (max-width: 300px) 100vw, 300px\" \/> <img loading=\"lazy\" decoding=\"async\" class=\"alignnone size-medium wp-image-19878\" src=\"https:\/\/ypjrojava.net\/wp-content\/uploads\/2025\/11\/IMG_3782-300x168.jpg\" alt=\"\" width=\"300\" height=\"168\" srcset=\"https:\/\/ypjrojava.net\/wp-content\/uploads\/2025\/11\/IMG_3782-300x168.jpg 300w, https:\/\/ypjrojava.net\/wp-content\/uploads\/2025\/11\/IMG_3782-1024x575.jpg 1024w, https:\/\/ypjrojava.net\/wp-content\/uploads\/2025\/11\/IMG_3782-768x431.jpg 768w, https:\/\/ypjrojava.net\/wp-content\/uploads\/2025\/11\/IMG_3782-1536x862.jpg 1536w, https:\/\/ypjrojava.net\/wp-content\/uploads\/2025\/11\/IMG_3782-2048x1150.jpg 2048w, https:\/\/ypjrojava.net\/wp-content\/uploads\/2025\/11\/IMG_3782-390x220.jpg 390w\" sizes=\"auto, (max-width: 300px) 100vw, 300px\" \/> <img loading=\"lazy\" decoding=\"async\" class=\"alignnone size-medium wp-image-19879\" src=\"https:\/\/ypjrojava.net\/wp-content\/uploads\/2025\/11\/IMG_3807-300x200.jpg\" alt=\"\" width=\"300\" height=\"200\" srcset=\"https:\/\/ypjrojava.net\/wp-content\/uploads\/2025\/11\/IMG_3807-300x200.jpg 300w, https:\/\/ypjrojava.net\/wp-content\/uploads\/2025\/11\/IMG_3807-1024x683.jpg 1024w, https:\/\/ypjrojava.net\/wp-content\/uploads\/2025\/11\/IMG_3807-768x512.jpg 768w, https:\/\/ypjrojava.net\/wp-content\/uploads\/2025\/11\/IMG_3807-1536x1024.jpg 1536w, https:\/\/ypjrojava.net\/wp-content\/uploads\/2025\/11\/IMG_3807-2048x1365.jpg 2048w\" sizes=\"auto, (max-width: 300px) 100vw, 300px\" \/> \u00a0<img loading=\"lazy\" decoding=\"async\" class=\"alignnone size-medium wp-image-19881\" src=\"https:\/\/ypjrojava.net\/wp-content\/uploads\/2025\/11\/IMG_3813-Kopya-300x200.jpg\" alt=\"\" width=\"300\" height=\"200\" srcset=\"https:\/\/ypjrojava.net\/wp-content\/uploads\/2025\/11\/IMG_3813-Kopya-300x200.jpg 300w, https:\/\/ypjrojava.net\/wp-content\/uploads\/2025\/11\/IMG_3813-Kopya-1024x683.jpg 1024w, https:\/\/ypjrojava.net\/wp-content\/uploads\/2025\/11\/IMG_3813-Kopya-768x512.jpg 768w, https:\/\/ypjrojava.net\/wp-content\/uploads\/2025\/11\/IMG_3813-Kopya-1536x1024.jpg 1536w, https:\/\/ypjrojava.net\/wp-content\/uploads\/2025\/11\/IMG_3813-Kopya-2048x1365.jpg 2048w\" sizes=\"auto, (max-width: 300px) 100vw, 300px\" \/> <img loading=\"lazy\" decoding=\"async\" class=\"alignnone size-medium wp-image-19882\" src=\"https:\/\/ypjrojava.net\/wp-content\/uploads\/2025\/11\/IMG_4290-200x300.jpg\" alt=\"\" width=\"200\" height=\"300\" srcset=\"https:\/\/ypjrojava.net\/wp-content\/uploads\/2025\/11\/IMG_4290-200x300.jpg 200w, https:\/\/ypjrojava.net\/wp-content\/uploads\/2025\/11\/IMG_4290-683x1024.jpg 683w, https:\/\/ypjrojava.net\/wp-content\/uploads\/2025\/11\/IMG_4290-768x1152.jpg 768w, https:\/\/ypjrojava.net\/wp-content\/uploads\/2025\/11\/IMG_4290-1024x1536.jpg 1024w, https:\/\/ypjrojava.net\/wp-content\/uploads\/2025\/11\/IMG_4290-1365x2048.jpg 1365w, https:\/\/ypjrojava.net\/wp-content\/uploads\/2025\/11\/IMG_4290-scaled.jpg 1707w\" sizes=\"auto, (max-width: 200px) 100vw, 200px\" \/> \u00a0<img loading=\"lazy\" decoding=\"async\" class=\"alignnone  wp-image-19884\" src=\"https:\/\/ypjrojava.net\/wp-content\/uploads\/2025\/11\/IMG_9149-Kopya-300x200.jpg\" alt=\"\" width=\"410\" height=\"273\" srcset=\"https:\/\/ypjrojava.net\/wp-content\/uploads\/2025\/11\/IMG_9149-Kopya-300x200.jpg 300w, https:\/\/ypjrojava.net\/wp-content\/uploads\/2025\/11\/IMG_9149-Kopya-1024x683.jpg 1024w, https:\/\/ypjrojava.net\/wp-content\/uploads\/2025\/11\/IMG_9149-Kopya-768x512.jpg 768w, https:\/\/ypjrojava.net\/wp-content\/uploads\/2025\/11\/IMG_9149-Kopya-1536x1024.jpg 1536w, https:\/\/ypjrojava.net\/wp-content\/uploads\/2025\/11\/IMG_9149-Kopya-2048x1365.jpg 2048w\" sizes=\"auto, (max-width: 410px) 100vw, 410px\" \/> <img loading=\"lazy\" decoding=\"async\" class=\"alignnone  wp-image-19885\" src=\"https:\/\/ypjrojava.net\/wp-content\/uploads\/2025\/11\/WENE-4-300x200.jpg\" alt=\"\" width=\"398\" height=\"265\" srcset=\"https:\/\/ypjrojava.net\/wp-content\/uploads\/2025\/11\/WENE-4-300x200.jpg 300w, https:\/\/ypjrojava.net\/wp-content\/uploads\/2025\/11\/WENE-4-1024x683.jpg 1024w, https:\/\/ypjrojava.net\/wp-content\/uploads\/2025\/11\/WENE-4-768x512.jpg 768w, https:\/\/ypjrojava.net\/wp-content\/uploads\/2025\/11\/WENE-4-1536x1024.jpg 1536w, https:\/\/ypjrojava.net\/wp-content\/uploads\/2025\/11\/WENE-4-2048x1365.jpg 2048w\" sizes=\"auto, (max-width: 398px) 100vw, 398px\" \/><img loading=\"lazy\" decoding=\"async\" class=\" wp-image-19883 alignnone\" src=\"https:\/\/ypjrojava.net\/wp-content\/uploads\/2025\/11\/IMG_6016-300x225.jpg\" alt=\"\" width=\"359\" height=\"269\" srcset=\"https:\/\/ypjrojava.net\/wp-content\/uploads\/2025\/11\/IMG_6016-300x225.jpg 300w, https:\/\/ypjrojava.net\/wp-content\/uploads\/2025\/11\/IMG_6016-1024x768.jpg 1024w, https:\/\/ypjrojava.net\/wp-content\/uploads\/2025\/11\/IMG_6016-768x576.jpg 768w, https:\/\/ypjrojava.net\/wp-content\/uploads\/2025\/11\/IMG_6016-1536x1152.jpg 1536w, https:\/\/ypjrojava.net\/wp-content\/uploads\/2025\/11\/IMG_6016-2048x1536.jpg 2048w\" sizes=\"auto, (max-width: 359px) 100vw, 359px\" \/><\/p>\n<p>&nbsp;<\/p>\n<p><iframe loading=\"lazy\" title=\"Ji Bo B\u00eeran\u00eena \u015eeh\u00eed Zeynep Teko\u015f\u00een #YPJ\" width=\"696\" height=\"392\" src=\"https:\/\/www.youtube.com\/embed\/hzKZ92keOJo?feature=oembed\" frameborder=\"0\" allow=\"accelerometer; autoplay; clipboard-write; encrypted-media; gyroscope; picture-in-picture; web-share\" referrerpolicy=\"strict-origin-when-cross-origin\" allowfullscreen><\/iframe><\/p>\n","protected":false},"excerpt":{"rendered":"<p>R\u00eaber Apo; \u2018\u2019Dib\u00eaje Dara \u015eore\u015f\u00ea bi xw\u00een\u00ea t\u00ea Avdan\u2019\u2019. \u00a0Her \u015fore\u015fek pe\u015fengiya qehreman\u00ean gelan ve p\u00eak t\u00ea. \u00cero \u015fore\u015fa Rojavay\u00ea Kurdistan\u00ea di hem\u00fb cihan\u00ea de di reng\u00ea jina azad ve t\u00ea\u015fe girtiye. \u015eore\u015fa Rojava di h\u00fbndir\u00ea xwe de ne ten\u00ea heb\u00fbna Kurd, Erep, Ermen \u00fb Durziyan, heb\u00fbna hem\u00fb gel\u00ean azadixwaz hildigre. Ji bo v\u00ea pergala [&hellip;]<\/p>\n","protected":false},"author":1,"featured_media":19876,"comment_status":"open","ping_status":"closed","sticky":false,"template":"","format":"standard","meta":{"footnotes":""},"categories":[100,39,41],"tags":[],"class_list":{"0":"post-19874","1":"post","2":"type-post","3":"status-publish","4":"format-standard","5":"has-post-thumbnail","7":"category-100","8":"category-daxuyani","9":"category-dimen"},"_links":{"self":[{"href":"https:\/\/ypjrojava.net\/index.php?rest_route=\/wp\/v2\/posts\/19874","targetHints":{"allow":["GET"]}}],"collection":[{"href":"https:\/\/ypjrojava.net\/index.php?rest_route=\/wp\/v2\/posts"}],"about":[{"href":"https:\/\/ypjrojava.net\/index.php?rest_route=\/wp\/v2\/types\/post"}],"author":[{"embeddable":true,"href":"https:\/\/ypjrojava.net\/index.php?rest_route=\/wp\/v2\/users\/1"}],"replies":[{"embeddable":true,"href":"https:\/\/ypjrojava.net\/index.php?rest_route=%2Fwp%2Fv2%2Fcomments&post=19874"}],"version-history":[{"count":1,"href":"https:\/\/ypjrojava.net\/index.php?rest_route=\/wp\/v2\/posts\/19874\/revisions"}],"predecessor-version":[{"id":19886,"href":"https:\/\/ypjrojava.net\/index.php?rest_route=\/wp\/v2\/posts\/19874\/revisions\/19886"}],"wp:featuredmedia":[{"embeddable":true,"href":"https:\/\/ypjrojava.net\/index.php?rest_route=\/wp\/v2\/media\/19876"}],"wp:attachment":[{"href":"https:\/\/ypjrojava.net\/index.php?rest_route=%2Fwp%2Fv2%2Fmedia&parent=19874"}],"wp:term":[{"taxonomy":"category","embeddable":true,"href":"https:\/\/ypjrojava.net\/index.php?rest_route=%2Fwp%2Fv2%2Fcategories&post=19874"},{"taxonomy":"post_tag","embeddable":true,"href":"https:\/\/ypjrojava.net\/index.php?rest_route=%2Fwp%2Fv2%2Ftags&post=19874"}],"curies":[{"name":"wp","href":"https:\/\/api.w.org\/{rel}","templated":true}]}}