{"id":19901,"date":"2025-11-08T11:10:25","date_gmt":"2025-11-08T11:10:25","guid":{"rendered":"https:\/\/ypjrojava.net\/?p=19901"},"modified":"2025-11-08T11:10:25","modified_gmt":"2025-11-08T11:10:25","slug":"yrje-4emin-konferansa-xwe-li-dar-dixe","status":"publish","type":"post","link":"https:\/\/ypjrojava.net\/?p=19901","title":{"rendered":"YRJ\u2019\u00ea 4\u2019em\u00een Konferansa Xwe Li Dar dixe"},"content":{"rendered":"<p><strong><b>Yek\u00eetiya Ragihandina Jin (YRJ), konferansa xwe ya 4\u2019em\u00een li dar dixe.<\/b><\/strong><\/p>\n<p>Yek\u00eetiya Ragihandina Jin (YRJ) li Zan\u00eengeha Rojava ya li bajar\u00ea Qami\u015flo ya Bakur \u00fb Rojhilat\u00ea S\u00fbriyey\u00ea 4\u2019em\u00een Konferansa xwe li dar dixe.<\/p>\n<p>Peyama R\u00eaber Abdullah Ocalan a \u201cErka me tevan ewe ku em b\u00eeran\u00eena Gurbetelliy\u00ea zind\u00ee bih\u00ealin, raman \u00fb t\u00eako\u015f\u00eena w\u00ea ji nif\u015f\u00ean siberoj\u00ea re veguh\u00eazin. \u00cero ez carek\u00ee din we bi r\u00eaz, b\u00ear\u00eekirin \u00fb hesret bi b\u00eer t\u00eenim. Ronahiya we r\u00eaya \u00e7apemeniya azad ron\u00ee dike\u201d ku di 8\u2019\u00ea Cotmeh\u00ea de ji Xelat\u00ean Gurbetell\u00ee Ersoz re \u015fandib\u00fb, hat dan\u00een.<\/p>\n<p>Li gel 150 delegeyan, hevseroka Da\u00eereya T\u00eakiliy\u00ean Derva ya R\u00eaveberiya Xweser \u00celham Ehmed, niv\u00eeskar\u00ean jin, n\u00fbner\u00ean Kongra Star, n\u00fbner\u00ean dezgeh\u00ean jinan \u00ean R\u00eaveberiya Xweser, Meclisa S\u00fbriyeya Demokrat\u00eek (MSD), TEV-DEM\u2019\u00ea be\u015fdar\u00ee konferans\u00ea b\u00fbne.<\/p>\n<p>Konferans\u00ea bi deqeyeke r\u00eazgirtina ji bo giyan\u00ea \u015feh\u00eedan dest p\u00ea kir \u00fb pi\u015ftre berdevka YRJ\u2019\u00ea Ar\u00een Siw\u00ead axaftina vekirin\u00ea kir \u00fb bix\u00earhatina be\u015fdaran kir.<\/p>\n<p><strong><b>\u00a0 \u00a0 \u00a0 \u00a0 \u00a0 \u00a0 \u00a0 \u00a0 \u00a0 \u00a0 \u00a0 \u00a0 \u00a0 \u00a0 \u00a0 \u00a0 \u00a0 \u00a0 \u00a0 \u00a0 \u00a0 \u00a0 \u00a0 \u00a0 \u00a0 \u00a0 \u00a0 \u00a0 \u00a0 Navenda Ragihandin<\/b><\/strong><strong><b>\u00a0YPJ\u2019\u00ea<\/b><\/strong><\/p>\n<p><strong>\u00a0 \u00a0 \u00a0 \u00a0 \u00a0 \u00a0 \u00a0 \u00a0 \u00a0 \u00a0 \u00a0 \u00a0 \u00a0 \u00a0 \u00a0 \u00a0 \u00a0 \u00a0 \u00a0 \u00a0 \u00a0 \u00a0 \u00a0 \u00a0 \u00a0 \u00a0 \u00a0 \u00a0 \u00a0 \u00a0 \u00a0 \u00a0 \u00a0 \u00a0 \u00a0 \u00a0 \u00a0 08.11.2025<\/strong><\/p>\n<p><img loading=\"lazy\" decoding=\"async\" class=\"alignnone size-medium wp-image-19902\" src=\"https:\/\/ypjrojava.net\/wp-content\/uploads\/2025\/11\/wene-14-300x169.jpeg\" alt=\"\" width=\"300\" height=\"169\" srcset=\"https:\/\/ypjrojava.net\/wp-content\/uploads\/2025\/11\/wene-14-300x169.jpeg 300w, https:\/\/ypjrojava.net\/wp-content\/uploads\/2025\/11\/wene-14-1024x576.jpeg 1024w, https:\/\/ypjrojava.net\/wp-content\/uploads\/2025\/11\/wene-14-768x432.jpeg 768w, https:\/\/ypjrojava.net\/wp-content\/uploads\/2025\/11\/wene-14-1536x864.jpeg 1536w, https:\/\/ypjrojava.net\/wp-content\/uploads\/2025\/11\/wene-14-390x220.jpeg 390w, https:\/\/ypjrojava.net\/wp-content\/uploads\/2025\/11\/wene-14.jpeg 1600w\" sizes=\"auto, (max-width: 300px) 100vw, 300px\" \/> <img loading=\"lazy\" decoding=\"async\" class=\"alignnone  wp-image-19903\" src=\"https:\/\/ypjrojava.net\/wp-content\/uploads\/2025\/11\/wene-1-300x225.jpeg\" alt=\"\" width=\"237\" height=\"178\" srcset=\"https:\/\/ypjrojava.net\/wp-content\/uploads\/2025\/11\/wene-1-300x225.jpeg 300w, https:\/\/ypjrojava.net\/wp-content\/uploads\/2025\/11\/wene-1-1024x768.jpeg 1024w, https:\/\/ypjrojava.net\/wp-content\/uploads\/2025\/11\/wene-1-768x576.jpeg 768w, https:\/\/ypjrojava.net\/wp-content\/uploads\/2025\/11\/wene-1-1536x1152.jpeg 1536w, https:\/\/ypjrojava.net\/wp-content\/uploads\/2025\/11\/wene-1.jpeg 1600w\" sizes=\"auto, (max-width: 237px) 100vw, 237px\" \/><\/p>\n<p><img loading=\"lazy\" decoding=\"async\" class=\"alignnone size-medium wp-image-19904\" src=\"https:\/\/ypjrojava.net\/wp-content\/uploads\/2025\/11\/wene-5-300x169.jpeg\" alt=\"\" width=\"300\" height=\"169\" srcset=\"https:\/\/ypjrojava.net\/wp-content\/uploads\/2025\/11\/wene-5-300x169.jpeg 300w, https:\/\/ypjrojava.net\/wp-content\/uploads\/2025\/11\/wene-5-768x432.jpeg 768w, https:\/\/ypjrojava.net\/wp-content\/uploads\/2025\/11\/wene-5-390x220.jpeg 390w, https:\/\/ypjrojava.net\/wp-content\/uploads\/2025\/11\/wene-5.jpeg 1000w\" sizes=\"auto, (max-width: 300px) 100vw, 300px\" \/> <img loading=\"lazy\" decoding=\"async\" class=\"alignnone size-medium wp-image-19905\" src=\"https:\/\/ypjrojava.net\/wp-content\/uploads\/2025\/11\/wene-6-300x169.jpeg\" alt=\"\" width=\"300\" height=\"169\" srcset=\"https:\/\/ypjrojava.net\/wp-content\/uploads\/2025\/11\/wene-6-300x169.jpeg 300w, https:\/\/ypjrojava.net\/wp-content\/uploads\/2025\/11\/wene-6-768x432.jpeg 768w, https:\/\/ypjrojava.net\/wp-content\/uploads\/2025\/11\/wene-6-390x220.jpeg 390w, https:\/\/ypjrojava.net\/wp-content\/uploads\/2025\/11\/wene-6.jpeg 1000w\" sizes=\"auto, (max-width: 300px) 100vw, 300px\" \/> \u00a0<img loading=\"lazy\" decoding=\"async\" class=\"alignnone size-medium wp-image-19907\" src=\"https:\/\/ypjrojava.net\/wp-content\/uploads\/2025\/11\/wene-9-300x169.jpeg\" alt=\"\" width=\"300\" height=\"169\" srcset=\"https:\/\/ypjrojava.net\/wp-content\/uploads\/2025\/11\/wene-9-300x169.jpeg 300w, https:\/\/ypjrojava.net\/wp-content\/uploads\/2025\/11\/wene-9-768x432.jpeg 768w, https:\/\/ypjrojava.net\/wp-content\/uploads\/2025\/11\/wene-9-390x220.jpeg 390w, https:\/\/ypjrojava.net\/wp-content\/uploads\/2025\/11\/wene-9.jpeg 1000w\" sizes=\"auto, (max-width: 300px) 100vw, 300px\" \/> <img loading=\"lazy\" decoding=\"async\" class=\"alignnone size-medium wp-image-19908\" src=\"https:\/\/ypjrojava.net\/wp-content\/uploads\/2025\/11\/wene-12-300x169.jpeg\" alt=\"\" width=\"300\" height=\"169\" srcset=\"https:\/\/ypjrojava.net\/wp-content\/uploads\/2025\/11\/wene-12-300x169.jpeg 300w, https:\/\/ypjrojava.net\/wp-content\/uploads\/2025\/11\/wene-12-1024x576.jpeg 1024w, https:\/\/ypjrojava.net\/wp-content\/uploads\/2025\/11\/wene-12-768x432.jpeg 768w, https:\/\/ypjrojava.net\/wp-content\/uploads\/2025\/11\/wene-12-1536x864.jpeg 1536w, https:\/\/ypjrojava.net\/wp-content\/uploads\/2025\/11\/wene-12-390x220.jpeg 390w, https:\/\/ypjrojava.net\/wp-content\/uploads\/2025\/11\/wene-12.jpeg 1600w\" sizes=\"auto, (max-width: 300px) 100vw, 300px\" \/><\/p>\n<p><iframe loading=\"lazy\" title=\"YRJ\u2019\u00ea 4\u2019em\u00een Konferansa Xwe li Dar dixe #YPJ\" width=\"696\" height=\"392\" src=\"https:\/\/www.youtube.com\/embed\/_1Xo-LxvGvU?feature=oembed\" frameborder=\"0\" allow=\"accelerometer; autoplay; clipboard-write; encrypted-media; gyroscope; picture-in-picture; web-share\" referrerpolicy=\"strict-origin-when-cross-origin\" allowfullscreen><\/iframe><\/p>\n","protected":false},"excerpt":{"rendered":"<p>Yek\u00eetiya Ragihandina Jin (YRJ), konferansa xwe ya 4\u2019em\u00een li dar dixe. Yek\u00eetiya Ragihandina Jin (YRJ) li Zan\u00eengeha Rojava ya li bajar\u00ea Qami\u015flo ya Bakur \u00fb Rojhilat\u00ea S\u00fbriyey\u00ea 4\u2019em\u00een Konferansa xwe li dar dixe. Peyama R\u00eaber Abdullah Ocalan a \u201cErka me tevan ewe ku em b\u00eeran\u00eena Gurbetelliy\u00ea zind\u00ee bih\u00ealin, raman \u00fb t\u00eako\u015f\u00eena w\u00ea ji nif\u015f\u00ean siberoj\u00ea [&hellip;]<\/p>\n","protected":false},"author":1,"featured_media":19905,"comment_status":"open","ping_status":"closed","sticky":false,"template":"","format":"standard","meta":{"footnotes":""},"categories":[100,41,38,40],"tags":[],"class_list":{"0":"post-19901","1":"post","2":"type-post","3":"status-publish","4":"format-standard","5":"has-post-thumbnail","7":"category-100","8":"category-dimen","9":"category-nuce","10":"category-wene"},"_links":{"self":[{"href":"https:\/\/ypjrojava.net\/index.php?rest_route=\/wp\/v2\/posts\/19901","targetHints":{"allow":["GET"]}}],"collection":[{"href":"https:\/\/ypjrojava.net\/index.php?rest_route=\/wp\/v2\/posts"}],"about":[{"href":"https:\/\/ypjrojava.net\/index.php?rest_route=\/wp\/v2\/types\/post"}],"author":[{"embeddable":true,"href":"https:\/\/ypjrojava.net\/index.php?rest_route=\/wp\/v2\/users\/1"}],"replies":[{"embeddable":true,"href":"https:\/\/ypjrojava.net\/index.php?rest_route=%2Fwp%2Fv2%2Fcomments&post=19901"}],"version-history":[{"count":1,"href":"https:\/\/ypjrojava.net\/index.php?rest_route=\/wp\/v2\/posts\/19901\/revisions"}],"predecessor-version":[{"id":19909,"href":"https:\/\/ypjrojava.net\/index.php?rest_route=\/wp\/v2\/posts\/19901\/revisions\/19909"}],"wp:featuredmedia":[{"embeddable":true,"href":"https:\/\/ypjrojava.net\/index.php?rest_route=\/wp\/v2\/media\/19905"}],"wp:attachment":[{"href":"https:\/\/ypjrojava.net\/index.php?rest_route=%2Fwp%2Fv2%2Fmedia&parent=19901"}],"wp:term":[{"taxonomy":"category","embeddable":true,"href":"https:\/\/ypjrojava.net\/index.php?rest_route=%2Fwp%2Fv2%2Fcategories&post=19901"},{"taxonomy":"post_tag","embeddable":true,"href":"https:\/\/ypjrojava.net\/index.php?rest_route=%2Fwp%2Fv2%2Ftags&post=19901"}],"curies":[{"name":"wp","href":"https:\/\/api.w.org\/{rel}","templated":true}]}}