{"id":19930,"date":"2025-11-08T20:57:54","date_gmt":"2025-11-08T20:57:54","guid":{"rendered":"https:\/\/ypjrojava.net\/?p=19930"},"modified":"2025-11-08T20:57:54","modified_gmt":"2025-11-08T20:57:54","slug":"bi-siyara-jin-jiyan-azadive-ber-bi-soresa-ragihandina-jina-azad","status":"publish","type":"post","link":"https:\/\/ypjrojava.net\/?p=19930","title":{"rendered":"Bi \u015eiyara Jin Jiyan Azad\u00eeve Ber Bi \u015eore\u015fa Rag\u00eehandina Jina Azad"},"content":{"rendered":"<p>Bi diru\u015fmeya &#8221; mezinkirina \u015fore\u015fa YRJ\u00a0\u00ea\u00a0em\u00ea bibin deng\u00ea \u015fore\u015fa jin\u00a0&#8220;Yek\u00eetiya Rag\u00eehandina Jin YRJ \u00eero li bajar\u00ea Qami\u015flo bi tevl\u00eeb\u00fbna 170 delegeyan, 4&#8217;m\u00een konfiransa xwe li dardixe, ev konferans li Zaningeha Rojava ku dikeve navenda baj\u00ear bi amedeb\u00fbna endam\u00ean YRJ ji her\u00eam\u00ean Bakur Rojhilat\u00ea S\u00fbr\u00eey\u00ea,heman dem\u00eede ji bajar\u00ea Heleb (\u015e\u00eaxmeqs\u00fbd), Partiy\u00ean siyas\u00ee , Kongra Star \u00fb rag\u00eehandina Yek\u00eeney\u00ean parastina jin YPJ\u00a0\u00ea, pi\u015ft\u00ee deqeyek r\u00eazgirtin li ser nav\u00ea Berdefka Yek\u00eetiya Rag\u00eehandina Jin YRJ \u00ea Ar\u00een Siw\u00ead axaftina xwe kir. Di destp\u00eaka axaftina xwe de berxwedana \u015feh\u00eed\u00ean rojnemavan\u00a0y\u00ean \u00a0jin silav kir,\u00a0\u00fb da diyarkirin ku t\u00eako\u015f\u00eena xurt\u00a0a YRJ \u00ea di roja meya \u00eero de xwe disp\u00eare ked \u00fb berxwedaniya \u015feh\u00eedan. ji ber ku \u015feh\u00eed kar\u00eeb\u00fbn bi fedakar\u00eeya xwe bi p\u00ean\u00fbs \u00fb kemereya xwe riya heq\u00eeqet\u00ea ron\u00ee bikin. \u00a0Di temamkirina axaftina xwe de Ar\u00een da zan\u00een ku kiryar\u00ean derheq\u00ea Jin\u00ean li seranser\u00ee S\u00fbr\u00ee dihatin kirin, Yek\u00eetiya Ragihandina Jin YRJ&#8217;\u00ea weke bertek kar\u00eeb\u00fb rast\u00ee \u00fb heq\u00eeqeta ku hatib\u00fb pa\u015fguhkirin ji n\u00fbve ron\u00ee bike. Di nava axaftina xwe de Ar\u00een ta tekezkirin ku p\u00eavajoyek n\u00fb hatiye vejandin; ew j\u00ee bi saya banga a\u015ft\u00ee \u00fb civaka demokratik ya ku R\u00eaber\u00ea enternasyonal\u00eest R\u00eaber Abdullah Ocalan daye destp\u00eakirin ne. Bi n\u00fbb\u00fbna p\u00eavajoy\u00ea re erk \u00fb t\u00eako\u015f\u00eena YRJ \u00ea z\u00eadetir xortir \u00fb girantir b\u00fb. Di heman dem\u00ea de asta teko\u015f\u00eena w\u00ea j\u00ee xwe g\u00eehandiye lutkey\u00ea. \u00a0\u00a0Di dawiya axaftina xwe de Ar\u00een da diyarkirin ku ew\u00ea bi saya konferansa xwe k\u00eamas\u00ee, pirsgir\u00eak\u00ean ku derketine bi \u00e7areser\u00ee daw\u00ee bikin ku bikaribin li gor p\u00eavajoy\u00ea h\u00ea z\u00eadetir bi erk \u00fb perpirsyartiya\u00a0xwe\u00a0rabin\u00a0.<\/p>\n<p>Pi\u015ft\u00ee D\u00eewan hat diyarkirin li ser nav\u00ea R\u00eaveberiya xweser \u00celham Ehmed di desp\u00eakirina axaftina xwe de,\u00a0rew\u015fa Rag\u00eehandin di p\u00eavajoya ku qir\u00eeza S\u00fbriy\u00ea\u00a0t\u00eade derbas dibe\u00a0de bi her wiha gi\u015ft\u00ee rew\u015fa her\u00eam\u00ea hate nirxandin \u00fb wiha berdewam kir: &#8220;Rola jin di nava ragihandin\u00ea de xwed\u00ee gir\u00eeng\u00eeyek gelek mezin \u00fb bi wateye, bi taybet di d\u00eeroka gel\u00ea Kurd a li Bakur Rojhilat\u00ea S\u00fbr\u00ee \u00fb li ser asta Rojhilata Nav\u00eene. Ji ber ku \u00eero ragihandina Jin xwed\u00ee li doza Jin derdikevin. Dema ku rag\u00eehandin nebe w\u00ea Doza Jin neh\u00eeh\u00eeje armanca xwe. Eger em li d\u00eeroka mirovahiy\u00ea vegerin, li gor\u00ee teko\u015f\u00eena ku jinan daye me\u015fandin herwiha tevl\u00eeb\u00fbna Jinan ya nava \u015fore\u015f\u00ea de hertim di mil\u00ea Rag\u00eehandin\u00ea de weke heq\u00eeqet ango derxistina rastiyan\u00a0her\u00a0k\u00eamah\u00ee hatiye d\u00eetin. ango deng\u00ea heq\u00eeqet\u00ea bilind neb\u00fbye, ji ber v\u00ea yek\u00ea her s\u00eestema m\u00earserdest bandoriya xwe daye ferzkirin. l\u00ea bel\u00ea di rojameyass\u00a0\u00eero de rag\u00eehandina Jin kar\u00eeb\u00fb biba deng\u00ea hem\u00fb\u00a0jin\u00ean\u00a0bindest. Da ku t\u00eako\u015f\u00eena jin\u00a0bi her away\u00ee were p\u00ea\u015fke\u015fkirin.<\/p>\n<p>Em wek Navenda Rag\u00eehandina YPJ \u00ea soza xwe li hember\u00ee\u00a0\u015feh\u00eed\u00ean Rag\u00eehandina Azad\u00a0n\u00fb dikin. Em\u00ea bi teko\u015f\u00eena YPJ \u00ea \u00fb berxwedana gel\u00ean\u00a0t\u00eako\u015fer bigih\u00eenin c\u00eehan\u00ea \u00fb bi felsefeya Jin\u00a0Jiyan\u00a0Azadi heq\u00eeqat\u00ea\u00a0bi\u015fop\u00eenin.<\/p>\n<p><strong><b>\u00a0 \u00a0 \u00a0 \u00a0 \u00a0 \u00a0 \u00a0 \u00a0 \u00a0 \u00a0 \u00a0 \u00a0 \u00a0 \u00a0 \u00a0 \u00a0 \u00a0 \u00a0 \u00a0 \u00a0 \u00a0 \u00a0 \u00a0 \u00a0 \u00a0 \u00a0 \u00a0 \u00a0 \u00a0 \u00a0 Navenda Ragihandin<\/b><\/strong><strong><b>\u00a0YPJ\u2019\u00ea<\/b><\/strong><\/p>\n<p><strong>\u00a0 \u00a0 \u00a0 \u00a0 \u00a0 \u00a0 \u00a0 \u00a0 \u00a0 \u00a0 \u00a0 \u00a0 \u00a0 \u00a0 \u00a0 \u00a0 \u00a0 \u00a0 \u00a0 \u00a0 \u00a0 \u00a0 \u00a0 \u00a0 \u00a0 \u00a0 \u00a0 \u00a0 \u00a0 \u00a0 \u00a0 \u00a0 \u00a0 \u00a0 \u00a0 \u00a0 \u00a0 \u00a0 08.11.2025<\/strong><\/p>\n<p><iframe loading=\"lazy\" title=\"Bi \u015eiyara Jin Jiyan Azad\u00eeve Ber Bi \u015eore\u015fa Rag\u00eehandina Jina Azad #YPJ\" width=\"696\" height=\"392\" src=\"https:\/\/www.youtube.com\/embed\/AYzqoNo-Cx0?feature=oembed\" frameborder=\"0\" allow=\"accelerometer; autoplay; clipboard-write; encrypted-media; gyroscope; picture-in-picture; web-share\" referrerpolicy=\"strict-origin-when-cross-origin\" allowfullscreen><\/iframe><\/p>\n","protected":false},"excerpt":{"rendered":"<p>Bi diru\u015fmeya &#8221; mezinkirina \u015fore\u015fa YRJ\u00a0\u00ea\u00a0em\u00ea bibin deng\u00ea \u015fore\u015fa jin\u00a0&#8220;Yek\u00eetiya Rag\u00eehandina Jin YRJ \u00eero li bajar\u00ea Qami\u015flo bi tevl\u00eeb\u00fbna 170 delegeyan, 4&#8217;m\u00een konfiransa xwe li dardixe, ev konferans li Zaningeha Rojava ku dikeve navenda baj\u00ear bi amedeb\u00fbna endam\u00ean YRJ ji her\u00eam\u00ean Bakur Rojhilat\u00ea S\u00fbr\u00eey\u00ea,heman dem\u00eede ji bajar\u00ea Heleb (\u015e\u00eaxmeqs\u00fbd), Partiy\u00ean siyas\u00ee , Kongra Star \u00fb [&hellip;]<\/p>\n","protected":false},"author":1,"featured_media":19931,"comment_status":"open","ping_status":"closed","sticky":false,"template":"","format":"standard","meta":{"footnotes":""},"categories":[100,41,38,40],"tags":[],"class_list":{"0":"post-19930","1":"post","2":"type-post","3":"status-publish","4":"format-standard","5":"has-post-thumbnail","7":"category-100","8":"category-dimen","9":"category-nuce","10":"category-wene"},"_links":{"self":[{"href":"https:\/\/ypjrojava.net\/index.php?rest_route=\/wp\/v2\/posts\/19930","targetHints":{"allow":["GET"]}}],"collection":[{"href":"https:\/\/ypjrojava.net\/index.php?rest_route=\/wp\/v2\/posts"}],"about":[{"href":"https:\/\/ypjrojava.net\/index.php?rest_route=\/wp\/v2\/types\/post"}],"author":[{"embeddable":true,"href":"https:\/\/ypjrojava.net\/index.php?rest_route=\/wp\/v2\/users\/1"}],"replies":[{"embeddable":true,"href":"https:\/\/ypjrojava.net\/index.php?rest_route=%2Fwp%2Fv2%2Fcomments&post=19930"}],"version-history":[{"count":1,"href":"https:\/\/ypjrojava.net\/index.php?rest_route=\/wp\/v2\/posts\/19930\/revisions"}],"predecessor-version":[{"id":19932,"href":"https:\/\/ypjrojava.net\/index.php?rest_route=\/wp\/v2\/posts\/19930\/revisions\/19932"}],"wp:featuredmedia":[{"embeddable":true,"href":"https:\/\/ypjrojava.net\/index.php?rest_route=\/wp\/v2\/media\/19931"}],"wp:attachment":[{"href":"https:\/\/ypjrojava.net\/index.php?rest_route=%2Fwp%2Fv2%2Fmedia&parent=19930"}],"wp:term":[{"taxonomy":"category","embeddable":true,"href":"https:\/\/ypjrojava.net\/index.php?rest_route=%2Fwp%2Fv2%2Fcategories&post=19930"},{"taxonomy":"post_tag","embeddable":true,"href":"https:\/\/ypjrojava.net\/index.php?rest_route=%2Fwp%2Fv2%2Ftags&post=19930"}],"curies":[{"name":"wp","href":"https:\/\/api.w.org\/{rel}","templated":true}]}}