{"id":19968,"date":"2025-11-16T05:40:01","date_gmt":"2025-11-16T05:40:01","guid":{"rendered":"https:\/\/ypjrojava.net\/?p=19968"},"modified":"2025-11-16T05:40:01","modified_gmt":"2025-11-16T05:40:01","slug":"em-soz-didin-sehiden-xwe-heya-hinaseya-xwe-ya-dawi-li-ser-sopa-wan-bimesin","status":"publish","type":"post","link":"https:\/\/ypjrojava.net\/?p=19968","title":{"rendered":"Em Soz Didin \u015eeh\u00eed\u00ean Xwe Heya Hinaseya Xwe Ya Daw\u00ee Li Ser \u015eopa Wan\u00a0Bime\u015fin"},"content":{"rendered":"<p><strong><b>Meclisa Le\u015fker\u00ee ya her\u00eama Firat\u00ea bi be\u015fdarb\u00fbna bi dehan ni\u015ftecih\u00ean<\/b><\/strong><strong><b>\u00a0<\/b><\/strong><strong><b>baj\u00ear, malbat\u00ean \u015feh\u00eedan \u00fb fermandar\u00ean Yek\u00eeney\u00ean Parastina Jin \u00fb Meclisa Le\u015fker\u00ee<\/b><\/strong><strong><b>\u00a0<\/b><\/strong><strong><b>ya bajar\u00ea Reqay\u00ea meras\u00eemek b\u00eeran\u00een\u00ea ji bo \u015feh\u00eedan li dar xist<\/b><\/strong><strong><b>.<\/b><\/strong><\/p>\n<p>Meras\u00eem bi deqeyek r\u00eazgirtina ji bo \u015feh\u00eedan dest p\u00ea\u00a0kir, Endama meclisa le\u015fker\u00ee Em\u00eera Mihemed axiv\u00ee \u00fb got: \u201cTi\u015ft\u00ea ku biryardar\u00ee \u00fb gir\u00eadana me bi armanc\u00ean me xurt dike, \u015feh\u00eed\u00ean me ne\u00a0ku r\u00eaya rastiy\u00ea ji bo me ron\u00ee kirin \u00fb ji bo parastina ax \u00fb gel\u00ea xwe can\u00ea xwe\u00a0feda kirin. \u00cero em bi serbilind\u00ee wan bi b\u00eer t\u00eenin \u00fb pi\u015ftrast dikin ku em \u00ea\u00a0t\u00eako\u015f\u00een\u00ea bidom\u00eenin heta ku em bigih\u00eejin armanc \u00fb azadiya xwe.&#8221;<\/p>\n<p><strong><b>B\u00eeran\u00een \u00fb Fedekariya \u015eeh\u00eedan D\u00ea Di B\u00eera Her Kes\u00ee De<\/b><\/strong><strong><b>\u00a0<\/b><\/strong><strong><b>Bim\u00eene<\/b><\/strong><\/p>\n<p>Pi\u015ftre,Yek ji\u00a0Fermandariya \u00a0yek\u00eeney\u00ean parastina jin\u2019\u2019\u00a0St\u00eark Efr\u00een, li\u00a0ser gir\u00eengiya hevgirtina civak\u00ee axiv\u00ee \u00fb got\u00a0: \u201cDiv\u00ea em hem\u00fb bi hev re\u00a0bisekinin da ku r\u00eaya \u015feh\u00eed\u00ean xwe bidom\u00eenin \u00fb li hember hem\u00fb p\u00eakan\u00een\u00ean ku hewl\u00a0didin me ji bidestxistina azad\u00ee \u00fb demokrasiy\u00ea di civak\u00ea de asteng bikin, bisekinin. Em soz didin \u015feh\u00eed\u00ean xwe heya hinaseya xwe ya daw\u00ee \u015fopa wan\u00a0bi\u015fop\u00eenin.&#8221;<\/p>\n<p>Yek ji Fermandariya yek\u00eeney\u00ean parastina gel, Cem\u00eel Hesen di dawiya\u00a0axaftin\u00ean xwe de pi\u015ftrast kir ku b\u00eeran\u00eena \u015feh\u00eedan \u00fb Fedekariya wan d\u00ea di hi\u015f\u00ea\u00a0her kes\u00ee de bim\u00eene \u00fb armanca sereke ya avakirina civatek azad \u00fb demokrat\u00eek ew e\u00a0ku bigih\u00eejin armanc\u00ean \u015feh\u00eedan.\u00a0Meras\u00eem bi dir\u00fb\u015fmey\u00ean\u00a0&#8220;\u015eeh\u00eed namirin\u201d bi daw\u00ee b\u00fb.<\/p>\n<p><strong><b>\u00a0 \u00a0 \u00a0 \u00a0 \u00a0 \u00a0 \u00a0 \u00a0 \u00a0 \u00a0 \u00a0 \u00a0 \u00a0 \u00a0 \u00a0 \u00a0 \u00a0 \u00a0 \u00a0 \u00a0 \u00a0 \u00a0 \u00a0 \u00a0 \u00a0 \u00a0 \u00a0 \u00a0 Navenda Ragihandin<\/b><\/strong><strong><b>\u00a0YPJ\u2019\u00ea<\/b><\/strong><\/p>\n<p><strong>\u00a0 \u00a0 \u00a0 \u00a0 \u00a0 \u00a0 \u00a0 \u00a0 \u00a0 \u00a0 \u00a0 \u00a0 \u00a0 \u00a0 \u00a0 \u00a0 \u00a0 \u00a0 \u00a0 \u00a0 \u00a0 \u00a0 \u00a0 \u00a0 \u00a0 \u00a0 \u00a0 \u00a0 \u00a0 \u00a0 \u00a0 \u00a0 \u00a0 \u00a0 \u00a0 \u00a0 16.11.2025<\/strong><\/p>\n<p><iframe loading=\"lazy\" title=\"Em Soz Didin \u015eeh\u00eed\u00ean Xwe Heya Hinaseya Xwe Ya Daw\u00ee Li Ser \u015eopa Wan\u00a0Bime\u015fin #YPJ\" width=\"696\" height=\"392\" src=\"https:\/\/www.youtube.com\/embed\/hyigeNsw6ls?feature=oembed\" frameborder=\"0\" allow=\"accelerometer; autoplay; clipboard-write; encrypted-media; gyroscope; picture-in-picture; web-share\" referrerpolicy=\"strict-origin-when-cross-origin\" allowfullscreen><\/iframe><\/p>\n<p>&nbsp;<\/p>\n<p>&nbsp;<\/p>\n","protected":false},"excerpt":{"rendered":"<p>Meclisa Le\u015fker\u00ee ya her\u00eama Firat\u00ea bi be\u015fdarb\u00fbna bi dehan ni\u015ftecih\u00ean\u00a0baj\u00ear, malbat\u00ean \u015feh\u00eedan \u00fb fermandar\u00ean Yek\u00eeney\u00ean Parastina Jin \u00fb Meclisa Le\u015fker\u00ee\u00a0ya bajar\u00ea Reqay\u00ea meras\u00eemek b\u00eeran\u00een\u00ea ji bo \u015feh\u00eedan li dar xist. Meras\u00eem bi deqeyek r\u00eazgirtina ji bo \u015feh\u00eedan dest p\u00ea\u00a0kir, Endama meclisa le\u015fker\u00ee Em\u00eera Mihemed axiv\u00ee \u00fb got: \u201cTi\u015ft\u00ea ku biryardar\u00ee \u00fb gir\u00eadana me bi armanc\u00ean [&hellip;]<\/p>\n","protected":false},"author":1,"featured_media":19969,"comment_status":"open","ping_status":"closed","sticky":false,"template":"","format":"standard","meta":{"footnotes":""},"categories":[100,41,38,40],"tags":[],"class_list":{"0":"post-19968","1":"post","2":"type-post","3":"status-publish","4":"format-standard","5":"has-post-thumbnail","7":"category-100","8":"category-dimen","9":"category-nuce","10":"category-wene"},"_links":{"self":[{"href":"https:\/\/ypjrojava.net\/index.php?rest_route=\/wp\/v2\/posts\/19968","targetHints":{"allow":["GET"]}}],"collection":[{"href":"https:\/\/ypjrojava.net\/index.php?rest_route=\/wp\/v2\/posts"}],"about":[{"href":"https:\/\/ypjrojava.net\/index.php?rest_route=\/wp\/v2\/types\/post"}],"author":[{"embeddable":true,"href":"https:\/\/ypjrojava.net\/index.php?rest_route=\/wp\/v2\/users\/1"}],"replies":[{"embeddable":true,"href":"https:\/\/ypjrojava.net\/index.php?rest_route=%2Fwp%2Fv2%2Fcomments&post=19968"}],"version-history":[{"count":1,"href":"https:\/\/ypjrojava.net\/index.php?rest_route=\/wp\/v2\/posts\/19968\/revisions"}],"predecessor-version":[{"id":19970,"href":"https:\/\/ypjrojava.net\/index.php?rest_route=\/wp\/v2\/posts\/19968\/revisions\/19970"}],"wp:featuredmedia":[{"embeddable":true,"href":"https:\/\/ypjrojava.net\/index.php?rest_route=\/wp\/v2\/media\/19969"}],"wp:attachment":[{"href":"https:\/\/ypjrojava.net\/index.php?rest_route=%2Fwp%2Fv2%2Fmedia&parent=19968"}],"wp:term":[{"taxonomy":"category","embeddable":true,"href":"https:\/\/ypjrojava.net\/index.php?rest_route=%2Fwp%2Fv2%2Fcategories&post=19968"},{"taxonomy":"post_tag","embeddable":true,"href":"https:\/\/ypjrojava.net\/index.php?rest_route=%2Fwp%2Fv2%2Ftags&post=19968"}],"curies":[{"name":"wp","href":"https:\/\/api.w.org\/{rel}","templated":true}]}}