{"id":19976,"date":"2025-11-20T13:42:20","date_gmt":"2025-11-20T13:42:20","guid":{"rendered":"https:\/\/ypjrojava.net\/?p=19976"},"modified":"2025-11-20T13:42:20","modified_gmt":"2025-11-20T13:42:20","slug":"tekosina-li-diji-sideta-li-diji-jinan-ne-helwesteke-demki-ye-le-pabendbuneke-civaki-ya-demdirej-e","status":"publish","type":"post","link":"https:\/\/ypjrojava.net\/?p=19976","title":{"rendered":"T\u00eako\u015f\u00eena Li Dij\u00ee \u015e\u00eedeta Li Dij\u00ee Jinan Ne Helwesteke Demk\u00ee Ye, L\u00ea\u00a0Pabendb\u00fbneke Civak\u00ee Ya Demdir\u00eaj e"},"content":{"rendered":"<p>\u00cero, bajar\u00ea Koban\u00ea me\u015fek girsey\u00ee bi be\u015fdariya ten\u00ea m\u00earan lidar\u00a0xist. Ev me\u015f wek\u00ee be\u015fek ji kampanyayeke berfireh a civak\u00ee ji bo t\u00eako\u015f\u00eena li\u00a0dij\u00ee \u015f\u00eedeta li dij\u00ee jinan \u00fb ji bo tekez kirina gir\u00eengiya rola m\u00earan di\u00a0pi\u015ftgiriya maf\u00ean jinan \u00fb avakirina civakek li ser bingeha wekhev\u00ee \u00fb r\u00eazgirtin\u00ea\u00a0de hat lidarxistin.<\/p>\n<p><strong><b>\u2018Avakirina Civakek Ewle Bi R\u00eazgirtin \u00db Parastina Maf\u00ean Jin Dest P\u00ea Dike\u2019<\/b><\/strong><\/p>\n<p>Me\u015fa ku ji be\u015f\u00ean c\u00fbda y\u00ean civak\u00ea be\u015fdariyeke berfireh d\u00eet, li \u00e7erxer\u00eaya \u015eeh\u00eed Ar\u00een M\u00eerkan dest p\u00ea kir \u00fb ber bi navenda baj\u00ear ve \u00e7\u00fb. Be\u015fdaran pankart\u00ean ku tund\u00eet\u00fbjiy\u00ea bi hem\u00fb \u015f\u00eawey\u00ean w\u00ea \u015fermezar dikirin \u00fb banga p\u00ea\u015fxistina \u00e7anda diyalog \u00fb r\u00eazgirtin\u00ea di nav civak\u00ea de dikirin, hildigirtin. Dema ku gih\u00ee\u015ftin navenda baj\u00ear , yek ji r\u00eaveber\u00ean H\u00eaz\u00ean Ewlekariya h\u00fbndir\u00een, axiv\u00ee \u00fb got, &#8220;\u00cero, em bi yek deng\u00ee dib\u00eajin: Na ji t\u00fbndiya li dij\u00ee jinan re. Parastina jinan berpirsiyariyeke ku dikeve ser mil\u00ea me hem\u00fbyan e, \u00fb avakirina civakek ewle bi r\u00eazgirtin \u00fb parastina maf\u00ean jin dest p\u00ea dike.&#8221;<\/p>\n<p>\u015e\u00eero Koban\u00ee pi\u015ftrast kir ku H\u00eaz\u00ean Ewlekariya h\u00fbndir\u00een j\u00ee hewl\u00ean xwe ji\u00a0bo k\u00eamkirina t\u00fbndiya li ser bingeha zayend\u00ee didom\u00eenin, \u00fb tekez kir ku\u00a0hevkariya di navbera hem\u00ee saziyan \u00fb civak\u00ea de ji bo bidestxistina guhertinek\u00a0rast\u00een \u00fb may\u00eende pir gir\u00eeng e.<\/p>\n<p>Me\u015f bi dir\u00fb\u015fmeya\u00a0&#8220;Jin, Jiyan, Azad\u00ee&#8221; \u00fb peyamek zelal bi\u00a0daw\u00ee b\u00fb ku redkirina t\u00fbndiya li dij\u00ee jinan ne ten\u00ea helwestek demk\u00ee ye, l\u00ea\u00a0pabendb\u00fbnek civak\u00ee ya demdir\u00eaj e. Be\u015fdaran v\u00ea helwest\u00ea m\u00earan li Koban\u00ee wek\u00ee\u00a0gavek gir\u00eeng ber bi civakek dadmendtir \u00fb demokrat\u00eektir ve, civakek ku r\u00fbmeta jinan\u00a0t\u00ea parastin \u00fb hem\u00ee c\u00fbrey\u00ean cudakar\u00ee \u00fb t\u00fbndiy\u00ea t\u00eane red kirin, hesibandin.<\/p>\n<p style=\"text-align: left;\"><strong>\u00a0 \u00a0 \u00a0 \u00a0 \u00a0 \u00a0 \u00a0 \u00a0 \u00a0 \u00a0 \u00a0 \u00a0 \u00a0 \u00a0 \u00a0 \u00a0 \u00a0 \u00a0 \u00a0 \u00a0 \u00a0 \u00a0 \u00a0 \u00a0 \u00a0 \u00a0 \u00a0 \u00a0 \u00a0 \u00a0 \u00a0 \u00a0 \u00a0 \u00a0 \u00a0 Navenda Ragihandina YPJ&#8217;\u00ca\u00a0<\/strong><\/p>\n<p style=\"text-align: center;\"><strong>20.11.2025<\/strong><\/p>\n<p>&nbsp;<\/p>\n<p><img loading=\"lazy\" decoding=\"async\" class=\"alignnone size-medium wp-image-19981\" src=\"https:\/\/ypjrojava.net\/wp-content\/uploads\/2025\/11\/IMG_285111-216x300.png\" alt=\"\" width=\"216\" height=\"300\" srcset=\"https:\/\/ypjrojava.net\/wp-content\/uploads\/2025\/11\/IMG_285111-216x300.png 216w, https:\/\/ypjrojava.net\/wp-content\/uploads\/2025\/11\/IMG_285111-737x1024.png 737w, https:\/\/ypjrojava.net\/wp-content\/uploads\/2025\/11\/IMG_285111-768x1067.png 768w, https:\/\/ypjrojava.net\/wp-content\/uploads\/2025\/11\/IMG_285111-1105x1536.png 1105w, https:\/\/ypjrojava.net\/wp-content\/uploads\/2025\/11\/IMG_285111-1474x2048.png 1474w, https:\/\/ypjrojava.net\/wp-content\/uploads\/2025\/11\/IMG_285111-scaled.png 1842w\" sizes=\"auto, (max-width: 216px) 100vw, 216px\" \/> <img loading=\"lazy\" decoding=\"async\" class=\"alignnone size-medium wp-image-19980\" src=\"https:\/\/ypjrojava.net\/wp-content\/uploads\/2025\/11\/IMG_284811-300x179.png\" alt=\"\" width=\"300\" height=\"179\" srcset=\"https:\/\/ypjrojava.net\/wp-content\/uploads\/2025\/11\/IMG_284811-300x179.png 300w, https:\/\/ypjrojava.net\/wp-content\/uploads\/2025\/11\/IMG_284811-1024x611.png 1024w, https:\/\/ypjrojava.net\/wp-content\/uploads\/2025\/11\/IMG_284811-768x458.png 768w, https:\/\/ypjrojava.net\/wp-content\/uploads\/2025\/11\/IMG_284811-1536x916.png 1536w, https:\/\/ypjrojava.net\/wp-content\/uploads\/2025\/11\/IMG_284811-2048x1221.png 2048w\" sizes=\"auto, (max-width: 300px) 100vw, 300px\" \/> <img loading=\"lazy\" decoding=\"async\" class=\"alignnone size-medium wp-image-19979\" src=\"https:\/\/ypjrojava.net\/wp-content\/uploads\/2025\/11\/IMG_0642-1-300x200.jpg\" alt=\"\" width=\"300\" height=\"200\" srcset=\"https:\/\/ypjrojava.net\/wp-content\/uploads\/2025\/11\/IMG_0642-1-300x200.jpg 300w, https:\/\/ypjrojava.net\/wp-content\/uploads\/2025\/11\/IMG_0642-1-1024x683.jpg 1024w, https:\/\/ypjrojava.net\/wp-content\/uploads\/2025\/11\/IMG_0642-1-768x512.jpg 768w, https:\/\/ypjrojava.net\/wp-content\/uploads\/2025\/11\/IMG_0642-1-1536x1024.jpg 1536w, https:\/\/ypjrojava.net\/wp-content\/uploads\/2025\/11\/IMG_0642-1-2048x1365.jpg 2048w\" sizes=\"auto, (max-width: 300px) 100vw, 300px\" \/><\/p>\n<p><iframe loading=\"lazy\" title=\"Em\u00ea Bi Hevre Civakek Kom\u00eenal Ava Bikin #YPJ\" width=\"696\" height=\"392\" src=\"https:\/\/www.youtube.com\/embed\/yxhF-9_ES6I?feature=oembed\" frameborder=\"0\" allow=\"accelerometer; autoplay; clipboard-write; encrypted-media; gyroscope; picture-in-picture; web-share\" referrerpolicy=\"strict-origin-when-cross-origin\" allowfullscreen><\/iframe><\/p>\n<p>&nbsp;<\/p>\n","protected":false},"excerpt":{"rendered":"<p>\u00cero, bajar\u00ea Koban\u00ea me\u015fek girsey\u00ee bi be\u015fdariya ten\u00ea m\u00earan lidar\u00a0xist. Ev me\u015f wek\u00ee be\u015fek ji kampanyayeke berfireh a civak\u00ee ji bo t\u00eako\u015f\u00eena li\u00a0dij\u00ee \u015f\u00eedeta li dij\u00ee jinan \u00fb ji bo tekez kirina gir\u00eengiya rola m\u00earan di\u00a0pi\u015ftgiriya maf\u00ean jinan \u00fb avakirina civakek li ser bingeha wekhev\u00ee \u00fb r\u00eazgirtin\u00ea\u00a0de hat lidarxistin. \u2018Avakirina Civakek Ewle Bi R\u00eazgirtin \u00db [&hellip;]<\/p>\n","protected":false},"author":1,"featured_media":19977,"comment_status":"open","ping_status":"closed","sticky":false,"template":"","format":"standard","meta":{"footnotes":""},"categories":[100,41,38,40],"tags":[],"class_list":{"0":"post-19976","1":"post","2":"type-post","3":"status-publish","4":"format-standard","5":"has-post-thumbnail","7":"category-100","8":"category-dimen","9":"category-nuce","10":"category-wene"},"_links":{"self":[{"href":"https:\/\/ypjrojava.net\/index.php?rest_route=\/wp\/v2\/posts\/19976","targetHints":{"allow":["GET"]}}],"collection":[{"href":"https:\/\/ypjrojava.net\/index.php?rest_route=\/wp\/v2\/posts"}],"about":[{"href":"https:\/\/ypjrojava.net\/index.php?rest_route=\/wp\/v2\/types\/post"}],"author":[{"embeddable":true,"href":"https:\/\/ypjrojava.net\/index.php?rest_route=\/wp\/v2\/users\/1"}],"replies":[{"embeddable":true,"href":"https:\/\/ypjrojava.net\/index.php?rest_route=%2Fwp%2Fv2%2Fcomments&post=19976"}],"version-history":[{"count":1,"href":"https:\/\/ypjrojava.net\/index.php?rest_route=\/wp\/v2\/posts\/19976\/revisions"}],"predecessor-version":[{"id":19982,"href":"https:\/\/ypjrojava.net\/index.php?rest_route=\/wp\/v2\/posts\/19976\/revisions\/19982"}],"wp:featuredmedia":[{"embeddable":true,"href":"https:\/\/ypjrojava.net\/index.php?rest_route=\/wp\/v2\/media\/19977"}],"wp:attachment":[{"href":"https:\/\/ypjrojava.net\/index.php?rest_route=%2Fwp%2Fv2%2Fmedia&parent=19976"}],"wp:term":[{"taxonomy":"category","embeddable":true,"href":"https:\/\/ypjrojava.net\/index.php?rest_route=%2Fwp%2Fv2%2Fcategories&post=19976"},{"taxonomy":"post_tag","embeddable":true,"href":"https:\/\/ypjrojava.net\/index.php?rest_route=%2Fwp%2Fv2%2Ftags&post=19976"}],"curies":[{"name":"wp","href":"https:\/\/api.w.org\/{rel}","templated":true}]}}