{"id":19983,"date":"2025-11-23T06:11:46","date_gmt":"2025-11-23T06:11:46","guid":{"rendered":"https:\/\/ypjrojava.net\/?p=19983"},"modified":"2025-11-23T06:11:46","modified_gmt":"2025-11-23T06:11:46","slug":"di-tekosina-mafen-xwe-de-bibin-yek-deng","status":"publish","type":"post","link":"https:\/\/ypjrojava.net\/?p=19983","title":{"rendered":"Di T\u00eako\u015f\u00eena Maf\u00ean Xwe De Bibin Yek Deng"},"content":{"rendered":"<p>Di nav pirsgir\u00eak\u00ean siyas\u00ee \u00fb civak\u00ee y\u00ean ku Bakur \u00fb Rojhilat\u00ea S\u00fbriyey\u00ea p\u00ea re r\u00fb bi r\u00fb ne de, R\u00eaveberiya Mecl\u00eesa Le\u015fker\u00ee Emel Rojava wek\u00ee kesayetek gir\u00eeng di tevgera jinan de derketiye p\u00ea\u015f. Di nava Mecl\u00eesa Le\u015fker\u00ee de, Emel sembola h\u00eaz \u00fb berxwedan\u00ea ye, di t\u00eako\u015f\u00eena maf\u00ean jinan \u00fb parastina wan ji tund\u00ee \u00fb zordariy\u00ea de rolek \u00e7alak dil\u00eeze.<\/p>\n<p>&#8220;Civak b\u00eay\u00ee deng\u00ea jin\u00ea nikare bi p\u00ea\u015f bikeve.&#8221;<\/p>\n<p>Emel kauzek mezin diafir\u00eene ku jinan di hem\u00fb aliy\u00ean jiyan\u00ea de bi h\u00eaz dike \u00fb w\u00ea dike dengek bi bandor di civak\u00ea de. Ji ber ku di \u015fert \u00fb merc\u00ean dijwar de mezin b\u00fbye, li Rojava \u00e7\u00eeroka w\u00ea ezm\u00fbn\u00ean gelek jin\u00ean ku bi zehmetiyan re r\u00fb bi r\u00fb ne n\u00ee\u015fan dide. L\u00eabel\u00ea, w\u00ea kar\u00eeb\u00fb wan zehmetiyan veguher\u00eene derfet\u00ean mezin \u00ean serkeftin\u00ea.<\/p>\n<p>Emel\u00a0behsa \u00eeradeya xwe ya b\u00eadaw\u00ee li hember hem\u00fb \u015fert \u00fb merc\u00ean dijwar kir \u00fb got: &#8220;Min ezm\u00fbn\u00ean dijwar jiyan kirin, l\u00ea wan h\u00eaz \u00fb baweriya min bi afirandina jiyaneke n\u00fb ji jiyaneke b\u00eawate f\u00ear\u00ee min kirin. Jin dikarin v\u00ea bikin, ji ber ku bi \u00eeradeya xwe, wan bi hezaran salan hem\u00fb p\u00eadiviy\u00ean gerd\u00fbn\u00ea afirandine \u00fb heta niha ew dikarin jiyaneke xwe\u015fik \u00fb azad biafir\u00eenin ku t\u00ea de maf \u00fb ewlehiya xwe bi dest bixin.&#8221;<\/p>\n<p>Yek\u00eeney\u00ean Parastina Jinan (YPJ) ku be\u015fek gir\u00eeng a Mecl\u00eesa Le\u015fker\u00eene, li dij\u00ee tundiya li ser jinan derdikevin. Emel an\u00ee ziman ku ev yek\u00eene ne ten\u00ea h\u00eaz\u00ean \u00e7ekdar in, l\u00ea di heman dem\u00ea de xwed\u00ee perwerde \u00fb ezm\u00fbn\u00ean civak\u00eene ku armanc dikin jinan bih\u00eaz bikin \u00fb zanista xwe ya parastin\u00ea f\u00ear\u00ee jinan bikin. Emel tekez kir ku &#8220;jin\u00ean ku be\u015fdar\u00ee YPJ dibin, ew ne ten\u00ea xwe dipar\u00eazin, l\u00ea di heman dem\u00ea de reng\u00ea stratej\u00eek a jinan di civak\u00ea de j\u00ee diguher\u00eenin.&#8221;<\/p>\n<p>Yek ji rol\u00ean gir\u00eeng \u00ean YPJ ew e ku pi\u015ftgiriya p\u00eeskoloj\u00eek \u00fb civak\u00ee ji jin\u00ean ku rast\u00ee zilm \u00fb d\u00fbrxistin\u00ea hatine re peyda bikin.<\/p>\n<p>Ew, w\u00ea armanc dikin ku al\u00eekariya van jinan bikin da ku h\u00eaz \u00fb baweriya xwe bi xwe veger\u00eenin.<\/p>\n<p>Emel herwiha destn\u00ee\u015fan kir ku ew dixwazin al\u00eekariya her kes\u00ee bikin ku ezm\u00fbn\u00ean bi \u00ea\u015f derbas bike \u00fb \u00eeradeya xwe ji n\u00fb ve bi dest bixe, \u00fb ew bawer dike ku bidestxistina edalet \u00fb wekheviy\u00ea ji bo jinan hewce dike ku li ser \u00e7end astan bixebitin, bi r\u00eaya bernamey\u00ean hi\u015fyar\u00ee \u00fb perwerdehiy\u00ea li ser maf\u00ean jinan \u00fb gir\u00eengiya be\u015fdariya wan di biryarday\u00een\u00ea de.<\/p>\n<p>Di dawiya civ\u00een\u00ea de, Emel peyamek taybet ji hem\u00fb jinan re \u015fand \u00fb got:<\/p>\n<p>&#8220;Netirsin, ji xwe bawer \u00fb bibin xwed\u00ee h\u00eaz. Em hem\u00fb dikarin guhertinek\u00ea bikin. Di t\u00eako\u015f\u00eena maf\u00ean xwe de bibin xwed\u00ee yek deng. Her yek ji we xwed\u00ee jiyana guhertina rastiya w\u00ea ye \u00fb em \u00ea li ser piyan bin heya ku edalet \u00fb wekheviya ku em heq dikin bi dest dixin.&#8221;<\/p>\n<p>Bi van gotinan, Emel Rojava xewn \u00fb xeyal\u00ean jinan n\u00ee\u015fan dide \u00fb pi\u015ftrast dike ku rola wan di civak\u00ea de h\u00eamanek bingeh\u00een e ji bo avakirina p\u00ea\u015ferojek ba\u015f.<\/p>\n<p>&nbsp;<\/p>\n<p><strong>\u00a0 \u00a0 \u00a0 \u00a0 \u00a0 \u00a0 \u00a0 \u00a0 \u00a0 \u00a0 \u00a0 \u00a0 \u00a0 \u00a0 \u00a0 \u00a0 \u00a0 \u00a0 \u00a0 \u00a0 \u00a0 \u00a0 \u00a0 \u00a0 \u00a0 \u00a0Navenda Ragihandina YPJ&#8217;\u00ea<\/strong><\/p>\n<p><strong>\u00a0 \u00a0 \u00a0 \u00a0 \u00a0 \u00a0 \u00a0 \u00a0 \u00a0 \u00a0 \u00a0 \u00a0 \u00a0 \u00a0 \u00a0 \u00a0 \u00a0 \u00a0 \u00a0 \u00a0 \u00a0 \u00a0 \u00a0 \u00a0 \u00a0 \u00a0 \u00a0 \u00a0 \u00a0 \u00a0 \u00a0 \u00a0 \u00a0 \u00a023.11.2025<\/strong><\/p>\n<p><iframe loading=\"lazy\" title=\"Di T\u00eako\u015f\u00eena Maf\u00ean Xwe De Bibin Yek Deng #YPJ\" width=\"696\" height=\"392\" src=\"https:\/\/www.youtube.com\/embed\/1P94paOFXRc?feature=oembed\" frameborder=\"0\" allow=\"accelerometer; autoplay; clipboard-write; encrypted-media; gyroscope; picture-in-picture; web-share\" referrerpolicy=\"strict-origin-when-cross-origin\" allowfullscreen><\/iframe><\/p>\n<p>&nbsp;<\/p>\n<p>&nbsp;<\/p>\n<p>&nbsp;<\/p>\n","protected":false},"excerpt":{"rendered":"<p>Di nav pirsgir\u00eak\u00ean siyas\u00ee \u00fb civak\u00ee y\u00ean ku Bakur \u00fb Rojhilat\u00ea S\u00fbriyey\u00ea p\u00ea re r\u00fb bi r\u00fb ne de, R\u00eaveberiya Mecl\u00eesa Le\u015fker\u00ee Emel Rojava wek\u00ee kesayetek gir\u00eeng di tevgera jinan de derketiye p\u00ea\u015f. Di nava Mecl\u00eesa Le\u015fker\u00ee de, Emel sembola h\u00eaz \u00fb berxwedan\u00ea ye, di t\u00eako\u015f\u00eena maf\u00ean jinan \u00fb parastina wan ji tund\u00ee \u00fb zordariy\u00ea [&hellip;]<\/p>\n","protected":false},"author":1,"featured_media":19984,"comment_status":"open","ping_status":"closed","sticky":false,"template":"","format":"standard","meta":{"footnotes":""},"categories":[100,41,38],"tags":[],"class_list":{"0":"post-19983","1":"post","2":"type-post","3":"status-publish","4":"format-standard","5":"has-post-thumbnail","7":"category-100","8":"category-dimen","9":"category-nuce"},"_links":{"self":[{"href":"https:\/\/ypjrojava.net\/index.php?rest_route=\/wp\/v2\/posts\/19983","targetHints":{"allow":["GET"]}}],"collection":[{"href":"https:\/\/ypjrojava.net\/index.php?rest_route=\/wp\/v2\/posts"}],"about":[{"href":"https:\/\/ypjrojava.net\/index.php?rest_route=\/wp\/v2\/types\/post"}],"author":[{"embeddable":true,"href":"https:\/\/ypjrojava.net\/index.php?rest_route=\/wp\/v2\/users\/1"}],"replies":[{"embeddable":true,"href":"https:\/\/ypjrojava.net\/index.php?rest_route=%2Fwp%2Fv2%2Fcomments&post=19983"}],"version-history":[{"count":1,"href":"https:\/\/ypjrojava.net\/index.php?rest_route=\/wp\/v2\/posts\/19983\/revisions"}],"predecessor-version":[{"id":19985,"href":"https:\/\/ypjrojava.net\/index.php?rest_route=\/wp\/v2\/posts\/19983\/revisions\/19985"}],"wp:featuredmedia":[{"embeddable":true,"href":"https:\/\/ypjrojava.net\/index.php?rest_route=\/wp\/v2\/media\/19984"}],"wp:attachment":[{"href":"https:\/\/ypjrojava.net\/index.php?rest_route=%2Fwp%2Fv2%2Fmedia&parent=19983"}],"wp:term":[{"taxonomy":"category","embeddable":true,"href":"https:\/\/ypjrojava.net\/index.php?rest_route=%2Fwp%2Fv2%2Fcategories&post=19983"},{"taxonomy":"post_tag","embeddable":true,"href":"https:\/\/ypjrojava.net\/index.php?rest_route=%2Fwp%2Fv2%2Ftags&post=19983"}],"curies":[{"name":"wp","href":"https:\/\/api.w.org\/{rel}","templated":true}]}}