{"id":20003,"date":"2025-12-09T18:47:53","date_gmt":"2025-12-09T18:47:53","guid":{"rendered":"https:\/\/ypjrojava.net\/?p=20003"},"modified":"2025-12-09T18:47:53","modified_gmt":"2025-12-09T18:47:53","slug":"6-fedayiyen-minbice-bi-merasimeke-leskeri-hatin-bibiranin","status":"publish","type":"post","link":"https:\/\/ypjrojava.net\/?p=20003","title":{"rendered":"6 Fedayiy\u00ean Minbic\u00ea Bi Meras\u00eemeke Le\u015fker\u00ee Hatin Bib\u00eeran\u00een"},"content":{"rendered":"<p>Bi boneya salvegera \u015fehadeta N\u00eargiz Dilda Welat, C\u00fbd\u00ee Tolhildan, Ax\u00een Ko\u00e7er, Sema Hesek\u00ea, Tolhildan Ser\u00eakaniy\u00ea \u00fb Eg\u00eed Dirb\u00easiy\u00ea ku di 9\u2019\u00ea Kan\u00fbna 2024\u2019an li Minbic\u00ea \u015feh\u00eed bib\u00fbn, \u00eero di saet 11:00\u2019an de bi meras\u00eemeke le\u015fker\u00ee li bajar\u00ea Hesek\u00ea hatin bib\u00eeran\u00een.<\/p>\n<p>Meras\u00eem bi deqeyek r\u00eazgirtin li ser giyan\u00ea \u015feh\u00eedan dest p\u00ea kir.<\/p>\n<p>Pi\u015ftre, Endama Konseya Mecl\u00eesa Le\u015fker\u00ee ya YPJ\u2019\u00ea Kurdistan Ko\u00e7er axiv\u00ee \u00fb di \u015fexs\u00ea N\u00eargiz, C\u00fbd\u00ee, Ax\u00een, Sema, Tolhildan \u00fb Eg\u00eed de hem\u00fb \u015feh\u00eed\u00ean Kurdistan\u00ea bib\u00eer an\u00ee \u00fb ev roj li gel\u00ea welatpar\u00eaz, malbat\u00ean \u015eeh\u00eedan \u00fb R\u00eaber\u00ea mirovahiy\u00ea R\u00eaber APO p\u00eeroz kir.<\/p>\n<p>Kurdistan Ko\u00e7er an\u00ee ziman ku ev sala derbasb\u00fby\u00ee saleke tij\u00ee b\u00fb \u00fb di aliy\u00ea siyas\u00ee, le\u015fker\u00ee de gelek guhertin hatin jiyankirin \u00fb wiha nirxand: Em hem\u00fb \u015fervan\u00ean van hevalane, ne bi saya van hevalan b\u00fbya em \u00eero weke \u015fervan, bi ewle nedikar\u00een jiyan bikin. Em weke \u015fervan\u00ean YPJ\u2019\u00ea p\u00eaw\u00eeste em hertim \u00e7alakiya wan ya feday\u00ee ku hetan\u00ee k\u00ealiya dawiy\u00ea ya ku li ber xwe day\u00ee, ji bo ku r\u00fbmeta mirovahiy\u00ea bipar\u00eazin, b\u00eay\u00ee ku c\u00fbdahiya neteweyan \u00eero di S\u00fbriy\u00ea de jiyan dikin, bike, b\u00eay\u00ee ku tesl\u00eemyet\u00ea qeb\u00fbl bikin, can\u00ea xwe feday\u00ee ax \u00fb welat\u00ea xwe kirin.<\/p>\n<p>Kurdistan Ko\u00e7er diyar kir ku di nava van lehengan de, y\u00ean ji p\u00eakhatey\u00ean Ereb \u00fb day\u00eek j\u00ee heb\u00fb \u00fb an\u00ee ziman ku heval Tolhildan r\u00fbxm\u00ea ku day\u00eek j\u00ee b\u00fb ti ti\u015ftek li p\u00ea\u015fiya me\u015fa w\u00ea ya azadiy\u00ea nekir asteng. R\u00fbxm\u00ee ku bir\u00eendar j\u00ee b\u00fb, heta gihi\u015fte \u015fehadet\u00ea gav pa\u015fde neav\u00eat.<\/p>\n<p>Kurdistan got ku em weke \u015fervan\u00ean YPJ\u2019\u00ea, p\u00eaw\u00eeste em berxwedan\u00ee \u00fb \u00e7alakiya van hevalan ji xwere bikin m\u00eenak. Ji ber y\u00ea ku me berbi azadiy\u00ea ve, berbi heq\u00eeqet\u00ea ve, berbi serkeftin\u00ea ve bibe encex ev heval bin. P\u00eaw\u00eeste ev heval her roj, her k\u00eal\u00ee di dil \u00fb mejiy\u00ea me de b\u00eane jiyankirin \u00fb bib\u00eeran\u00een.<\/p>\n<p>Kurdistan li ser hilwe\u015fandina Rej\u00eema Baas ku duh yekem\u00een salvegera w\u00ea b\u00fb ev ti\u015ft bib\u00eer xist \u00fb wiha an\u00ee ziman: Roja ketina Rej\u00eema Baas\u2019\u00ea, roja ketina dewleta fa\u015f\u00eest b\u00fb. Her ku di\u00e7e \u00ear\u00ee\u015f li ser gel \u00fb \u015fervan\u00ean me z\u00eadetir dibe. Di v\u00ea p\u00eavajoy\u00ea de ji me t\u00ea xwestin ku em ruh\u00ea feday\u00ee y\u00ea van hevalan zind\u00ee bikin.<\/p>\n<p>Endama Konseya Meclisa Le\u015fker\u00ee ya YPJ\u2019\u00ea Kurdistan Ko\u00e7er di dawiya axaftina xwe de an\u00ee ziman ku ew weke h\u00eaz, weke \u015fervan ti r\u00eayeke din nahilbij\u00earin \u00fb got: soza ku me daye van \u015feh\u00eed\u00ean xwe, ev \u00e7alakiya p\u00eeroz, \u00e7alakiya ku \u00ead\u00ee d\u00eerok behsa w\u00ea berxwedaniya ku li Minbic\u00ea hat\u00ee me\u015fandin dike, div\u00ea em rih\u00ea van hevalan tim\u00ee di jiyana xwe de zind\u00ee bikin.<\/p>\n<p>Bi boneya v\u00ea roj\u00ea, \u00e7alakiya van hevalan em li tevah\u00ee malt\u00ean \u015feh\u00eedan p\u00eeroz dikin \u00fb em dib\u00eajin em weke H\u00eaz\u00ean Parastina Jin soza xwe n\u00fb dikin. Berxwedaniya ku li Bendava Ti\u015fr\u00een, Pira Qaraqozaq \u00fb D\u00earhafir\u00ea hat\u00ee me\u015fandin \u00eero hem\u00fb bi saya t\u00eako\u015f\u00eena \u00e7alakiya van hevalane. Em ji tevah\u00ee gel\u00ea xwere, soza xwe n\u00fb dikin \u00fb w\u00ea t\u00eako\u015f\u00eena me dehqad din\u00ea z\u00eadetir bibe, da ku em bikaribin xewn \u00fb xeyal\u00ean van \u015feh\u00eed\u00ean xwe \u00fb \u00e7alakiya wan zind\u00ee bikin, em di v\u00eena de bi israrin .<\/p>\n<p>Di dawiy\u00ea de silogan\u00ean \u2018Bij\u00ee Serok Apo\u2019\u00a0 \u2018\u015eeh\u00eed Namirin\u2019 \u00fb \u2018Jin Jiyan Azad\u00ee\u2019 hatin berzkirin.<\/p>\n<p><strong>\u00a0 \u00a0 \u00a0 \u00a0 \u00a0 \u00a0 \u00a0 \u00a0 \u00a0 \u00a0 \u00a0 \u00a0 \u00a0 \u00a0 \u00a0 \u00a0 \u00a0 \u00a0 \u00a0 Navenda Ragihandina YPJ\u2019\u00ea<\/strong><\/p>\n<p><strong>\u00a0 \u00a0 \u00a0 \u00a0 \u00a0 \u00a0 \u00a0 \u00a0 \u00a0 \u00a0 \u00a0 \u00a0 \u00a0 \u00a0 \u00a0 \u00a0 \u00a0 \u00a0 \u00a0 \u00a0 \u00a0 \u00a0 \u00a0 \u00a0 \u00a0 \u00a0 \u00a0 09.12.2025<\/strong><\/p>\n<p><iframe loading=\"lazy\" title=\"6 Fedayiy\u00ean Minbic\u00ea Bi Meras\u00eemeke Le\u015fker\u00ee Hatin Bib\u00eeran\u00een #YPJ\" width=\"696\" height=\"392\" src=\"https:\/\/www.youtube.com\/embed\/ynHKsi6VeZA?feature=oembed\" frameborder=\"0\" allow=\"accelerometer; autoplay; clipboard-write; encrypted-media; gyroscope; picture-in-picture; web-share\" referrerpolicy=\"strict-origin-when-cross-origin\" allowfullscreen><\/iframe><\/p>\n<p>&nbsp;<\/p>\n<p>&nbsp;<\/p>\n<p>&nbsp;<\/p>\n","protected":false},"excerpt":{"rendered":"<p>Bi boneya salvegera \u015fehadeta N\u00eargiz Dilda Welat, C\u00fbd\u00ee Tolhildan, Ax\u00een Ko\u00e7er, Sema Hesek\u00ea, Tolhildan Ser\u00eakaniy\u00ea \u00fb Eg\u00eed Dirb\u00easiy\u00ea ku di 9\u2019\u00ea Kan\u00fbna 2024\u2019an li Minbic\u00ea \u015feh\u00eed bib\u00fbn, \u00eero di saet 11:00\u2019an de bi meras\u00eemeke le\u015fker\u00ee li bajar\u00ea Hesek\u00ea hatin bib\u00eeran\u00een. Meras\u00eem bi deqeyek r\u00eazgirtin li ser giyan\u00ea \u015feh\u00eedan dest p\u00ea kir. Pi\u015ftre, Endama Konseya Mecl\u00eesa [&hellip;]<\/p>\n","protected":false},"author":1,"featured_media":20004,"comment_status":"closed","ping_status":"closed","sticky":false,"template":"","format":"standard","meta":{"footnotes":""},"categories":[100,41,38],"tags":[],"class_list":{"0":"post-20003","1":"post","2":"type-post","3":"status-publish","4":"format-standard","5":"has-post-thumbnail","7":"category-100","8":"category-dimen","9":"category-nuce"},"_links":{"self":[{"href":"https:\/\/ypjrojava.net\/index.php?rest_route=\/wp\/v2\/posts\/20003","targetHints":{"allow":["GET"]}}],"collection":[{"href":"https:\/\/ypjrojava.net\/index.php?rest_route=\/wp\/v2\/posts"}],"about":[{"href":"https:\/\/ypjrojava.net\/index.php?rest_route=\/wp\/v2\/types\/post"}],"author":[{"embeddable":true,"href":"https:\/\/ypjrojava.net\/index.php?rest_route=\/wp\/v2\/users\/1"}],"replies":[{"embeddable":true,"href":"https:\/\/ypjrojava.net\/index.php?rest_route=%2Fwp%2Fv2%2Fcomments&post=20003"}],"version-history":[{"count":1,"href":"https:\/\/ypjrojava.net\/index.php?rest_route=\/wp\/v2\/posts\/20003\/revisions"}],"predecessor-version":[{"id":20005,"href":"https:\/\/ypjrojava.net\/index.php?rest_route=\/wp\/v2\/posts\/20003\/revisions\/20005"}],"wp:featuredmedia":[{"embeddable":true,"href":"https:\/\/ypjrojava.net\/index.php?rest_route=\/wp\/v2\/media\/20004"}],"wp:attachment":[{"href":"https:\/\/ypjrojava.net\/index.php?rest_route=%2Fwp%2Fv2%2Fmedia&parent=20003"}],"wp:term":[{"taxonomy":"category","embeddable":true,"href":"https:\/\/ypjrojava.net\/index.php?rest_route=%2Fwp%2Fv2%2Fcategories&post=20003"},{"taxonomy":"post_tag","embeddable":true,"href":"https:\/\/ypjrojava.net\/index.php?rest_route=%2Fwp%2Fv2%2Ftags&post=20003"}],"curies":[{"name":"wp","href":"https:\/\/api.w.org\/{rel}","templated":true}]}}