{"id":20012,"date":"2025-12-10T10:16:49","date_gmt":"2025-12-10T10:16:49","guid":{"rendered":"https:\/\/ypjrojava.net\/?p=20012"},"modified":"2025-12-10T10:16:49","modified_gmt":"2025-12-10T10:16:49","slug":"ji-bo-gele-me-u-raya-gisti-5","status":"publish","type":"post","link":"https:\/\/ypjrojava.net\/?p=20012","title":{"rendered":"Ji Bo Gel\u00ea Me \u00fb Raya G\u00ee\u015ft\u00ee"},"content":{"rendered":"<p>Her \u015feh\u00eedek felsefeya jiyana azade. Tov\u00ean jiyana azad ku bi salane li ser van axan bi dest\u00ean ke\u00e7 \u00fb xort\u00ean serhild\u00ear ve t\u00ean \u015fitilkirin, her k\u00eal\u00ee berd\u00eal\u00ean giranbuhabi awayek\u00ee bir\u00fbmet h\u00eaza watey\u00ea diyar\u00ee gelan dike. Derw\u00ea\u015f \u00fb Ed\u00fbley\u00ean hemdem bi \u015fkandina h\u00eaz\u00ean tar\u00ee ve, ji bo \u00een\u015fa kirina jiyana wekhev\u00fb bi edalet bi salane di heman \u00e7eperan de, li hember dagirker \u00fb desthilatdaran bi her guleyek\u00ee re \u00a0ji bo avakirina hevjiyana azad mil bi mil \u015fer dikin. Heb\u00fbna jin ku dibin feraseta zayendperest\u00ee de diper\u00e7iqiya, careke din li Rojavay\u00ea Kurdistan\u00ea bi xwe\u00a0r\u00eaxistinkirin \u00fb \u015ferkirin\u00ea re heb\u00fbna xwe weke jin bi watey\u00ea re gihande hevd\u00fb. Ji bo tevahiya jin \u00fb gel\u00ean c\u00eehan\u00ea b\u00fbn banga jiyana bir\u00fbmet. Jiyana wekhev azweriya azadiy\u00ea dixwaze. Ji destp\u00eaka \u015fore\u015fa Rojava heta roja meya \u00eero, di hem\u00fb \u00e7eper\u00ean \u015fer \u00fb jiyan\u00ea de bi sedan jin\u00ean leheng ji bo parastina ax \u00fb r\u00fbmeta gel\u00ea xwe, bi hem\u00fb h\u00eaz \u00fb v\u00eena xwe ve destan\u00ean lehengiy\u00ea niv\u00eesandin. Ji van Lehengan yek j\u00ee Fermandara me Azad\u00ee Helep\u00e7e b\u00fb ku ew bi tarz\u00ea jiyan \u00fb fermandariya xwe ve b\u00fb yek ji remza jina ku jiyana azad diafr\u00eene.<\/p>\n<p>Di seri de em ji R\u00eaber Apo, ji malbata xwe ya heja \u00fb welatpar\u00eaz re tevah\u00ee gel\u00ea xwey\u00ea azad\u00eexwaz re sersaxiy\u00ea dixwazin.R\u00eahevala me Azad\u00ee Heleb\u00e7e bi nasnav Helep\u00e7e Bekirsala 1989\u2019an de li bajar\u00ea Efr\u00een\u00ea dayik dibe. Di nava \u00e7anda resen ku di h\u00fbndir\u00ea xwe de d\u00eerokek\u00ee qed\u00eem hildide de mezin dibe. Di nava malbat\u00ea de j\u00ee bi kesayeta xwe ya dilnizm, j\u00eer \u00fb j\u00eahat\u00ee derdikeve p\u00ea\u015f. H\u00een di temenek\u00ee bi\u00e7\u00fbk de nakokiy\u00ean pir mezin jiyan dike. Li ser R\u00eaber\u00ea Gel\u00ea Kurd \u00fb doza azadiy\u00ea gelek l\u00eah\u00fbrb\u00fbn\u00ean kur jiyan dike. Li zan\u00eengeh\u00ea de be\u015fa huquq dixw\u00eene, di van deman de li ser rew\u015fa jin lekol\u00eenan dike \u00fb v\u00ea derbar\u00ea de n\u00ear\u00een\u00ean R\u00eaber Apo bandor dibe. Ji bo li dij\u00ee zayendperestiya di nava civak\u00ea de t\u00eako\u015f\u00eena xwe hin akt\u00eeftir bike sala 2012\u2019an de tevl\u00ee xebat\u00ean ciwanan dibe. Gelek ciwanan bi r\u00eaxistin dike \u00fb dinava gel \u00fb ciwanan de dibe cih\u00ea heskirin \u00fb r\u00eazdayin\u00ea. Ev xebat ten\u00ea ji bo asoy\u00ean r\u00eahevala me t\u00ear\u00ea nake \u00fb ew ed\u00ee ji bo t\u00eako\u015f\u00eena xwe mayinde bike heman sal\u00ea de tevl\u00ee nava ref\u00ean YPJ\u2019\u00ea dibe. Di desp\u00eaka \u015fore\u015f\u00ea de di nav hem\u00fb zor \u00fb zehmetiy\u00ean \u015fer\u00ea Rojava de xwe wek \u015fore\u015fgerek\u00ee avadike. Bi destp\u00eakirina \u015fore\u015fa Rojava re erk \u00fb berpirsiyariya \u015fore\u015f\u00ea girtiye ser mil\u00ean xwe, ji bo ku weke jineke Kurd xwed\u00ee li m\u00eerasa jina azad derbikeve, di gelek qad\u00ean \u015fore\u015f\u00ea de b\u00fbye xwed\u00ee kedeke mezin.<\/p>\n<p>Di jiyan\u00ea de \u00fb di \u015fer de j\u00ee bi kesayeta xwe ya \u00e7alak ve dibe p\u00ea\u015feng\u00ea r\u00eaheval \u00fb gel\u00ea xwe. Di demek\u00ee kin de dibe xwed\u00ee ezm\u00fbn \u00fb danehev\u00ean pir gir\u00eeng. \u00a0Her wiha ji bo avakirina kesayet\u00ean li gor\u00ee feraseta netewa demokrat\u00eek, c\u00eeh\u00ea xwe demek\u00ea di xebat\u00ean \u00a0perwerdehiy\u00ea de j\u00ee digre. Di van perwerdeyan de gelek r\u00eaheval\u00ean xwe di asta p\u00ea\u015feng de amade dike. Pi\u015ftre ji bo erka xwe li hember welat\u00ea xwe di asteke her\u00ee jor de bigre ser mil\u00ean xwe, ber\u00ea xwe dide \u00e7eper\u00ean \u015fer. R\u00eahevala me Azad\u00ee di gelek \u00e7eper\u00ean \u015fer de bi awayek\u00ee lehengane \u015fer dike, tev\u00ee ku bir\u00eendar dibe j\u00ee her kel\u00ee giyana xwe bi azweriya azadiy\u00ea mezin dike \u00fb bi kelecaneke mezin di qad\u00ean \u015fer de rista p\u00ea\u015fengtiy\u00ea dilize. Pi\u015ft\u00ee ku di \u00e7epera \u015fer de bir\u00eendar dibe, v\u00ea ji xwere nake asteng \u00fb wek Reveberiya Federasyona Gaz\u00eey\u00ean \u015fer ya Bakur Rojhilat\u00ea S\u00fbr\u00eey\u00ea erk hildigre ser mil\u00ea xwe \u00fb \u00a0xebat\u00ean giring dide me\u015fandin. \u00a0Pi\u015ft\u00ee demek\u00ea dema ku bir\u00eendariy\u00ean w\u00ea l\u00ea giran dibe dubare derbas\u00ee tedawiy\u00ea dibe. Her\u00ee daw\u00ee di p\u00eavajoya tedawiy\u00ea de r\u00fbxm\u00ee hem\u00fb hewldanan tevl\u00ee karwan\u00ean \u015feh\u00eedan dibe.<\/p>\n<p><img loading=\"lazy\" decoding=\"async\" class=\"alignnone size-medium wp-image-20014\" src=\"https:\/\/ypjrojava.net\/wp-content\/uploads\/2025\/12\/Untitled-1-212x300.jpg\" alt=\"\" width=\"212\" height=\"300\" srcset=\"https:\/\/ypjrojava.net\/wp-content\/uploads\/2025\/12\/Untitled-1-212x300.jpg 212w, https:\/\/ypjrojava.net\/wp-content\/uploads\/2025\/12\/Untitled-1-724x1024.jpg 724w, https:\/\/ypjrojava.net\/wp-content\/uploads\/2025\/12\/Untitled-1-768x1086.jpg 768w, https:\/\/ypjrojava.net\/wp-content\/uploads\/2025\/12\/Untitled-1-1086x1536.jpg 1086w, https:\/\/ypjrojava.net\/wp-content\/uploads\/2025\/12\/Untitled-1-1448x2048.jpg 1448w, https:\/\/ypjrojava.net\/wp-content\/uploads\/2025\/12\/Untitled-1-297x420.jpg 297w, https:\/\/ypjrojava.net\/wp-content\/uploads\/2025\/12\/Untitled-1-150x212.jpg 150w, https:\/\/ypjrojava.net\/wp-content\/uploads\/2025\/12\/Untitled-1-300x424.jpg 300w, https:\/\/ypjrojava.net\/wp-content\/uploads\/2025\/12\/Untitled-1-696x985.jpg 696w, https:\/\/ypjrojava.net\/wp-content\/uploads\/2025\/12\/Untitled-1-1068x1511.jpg 1068w, https:\/\/ypjrojava.net\/wp-content\/uploads\/2025\/12\/Untitled-1-1920x2716.jpg 1920w, https:\/\/ypjrojava.net\/wp-content\/uploads\/2025\/12\/Untitled-1-scaled.jpg 1810w\" sizes=\"auto, (max-width: 212px) 100vw, 212px\" \/><\/p>\n<p><strong>Nav \u00fb Pa\u015fnav: AZAD\u00ce HELEB\u00c7E<\/strong><\/p>\n<p><strong>Nav \u00fb Pa\u015fnav\u00ea Rast: HELEB\u00c7E BEKIR<\/strong><\/p>\n<p><strong>Nav\u00ea Dayik: MEWL\u00ceDE<\/strong><\/p>\n<p><strong>Nav\u00ea Bav: MIHEMED<\/strong><\/p>\n<p><strong>D\u00eeroka \u015eehadet\u00ea: 2025<\/strong><\/p>\n<p>R\u00eahevala me Azad\u00ee Heleb\u00e7e ji k\u00ealiya ku gav\u00ea xwe av\u00eatiye nava kar \u00fb xebat\u00ean \u015fore\u015f\u00ea, di her qada ku xebat daye me\u015fandin de dilw\u00eariyeke mezin tevgeriya ye. Di jiyan\u00ea de bi r\u00fbken\u00ee \u00fb dilgermiya xwe ve cih\u00ea xwe di nava dil\u00ea hem\u00fb r\u00eaheval\u00ean xwe de daye avakirin. Fermadar Azad\u00ee di nava me\u015feke \u015fore\u015fger\u00ee ya b\u00ea eman de, weke jineke t\u00eako\u015fer bi \u00eedayeke mezin, ser\u00ee ji tu b\u00eamaf\u00ee, pa\u015fver\u00fbt\u00ee \u00fb \u00ear\u00ee\u015fan re netewandiye.Her \u00e7iqas\u00ee li ser Bakur \u00fb Rojhilat\u00ea S\u00fbriy\u00ea ji aliy\u00ea h\u00eaz\u00ean emperyal\u00eest ve pol\u00eet\u00eekay\u00ean qirkirin, bi\u015faftin \u00fb talankirin\u00ea were me\u015fandin j\u00ee, v\u00eena jina berxwed\u00ear ji bo parastina ax \u00fb gel\u00ea xwebedena xwe kiriye mertal. Bi her dilopek xw\u00eena xwe, di her \u00e7eperek\u00ea de li ser van axan destan niv\u00eesandine.<\/p>\n<p>Em wek Yek\u00eeneya Parastina Jin (YPJ), ji \u015fehadeta qehreman\u00ean gel\u00ea xwe serbilindin. Em wek r\u00eaheval\u00ean w\u00ea soz didin ku heya em negihejin serkeftin\u00ean xak\u00ean kevnar y\u00ean mirovahiy\u00ea \u00fb Azadiya f\u00eez\u00eek\u00ee ya R\u00eaber APO, em\u00ea dev ji v\u00ea teko\u015f\u00een\u00ea bernedin. Em\u00ea li p\u00eay \u015fopa \u015feh\u00eed\u00ean xwe de xwed\u00ee li m\u00eerateya \u015feh\u00eed\u00ean qehreman derbikevin. Em dubare ji malbata r\u00eahevala xwe \u00fb hem\u00fb gel\u00ean xwe y\u00ea serhilder resersaxiy\u00ea dixwazin. Em soz didin ku em \u00ea xewn \u00fb xeyal\u00ean hevr\u00eaya xwe ya \u015eeh\u00eed Azad\u00ee bi serkeftin\u00ea tac\u00eedar bikin.<\/p>\n<p><strong>\u00a0 \u00a0 \u00a0 \u00a0 \u00a0 \u00a0 \u00a0 \u00a0 \u00a0 \u00a0 \u00a0 \u00a0 \u00a0 \u00a0 \u00a0 \u00a0 \u00a0 \u00a0 \u00a0 \u00a0 \u00a0 \u00a0Silav \u00fb R\u00eaz\u00ean \u015eore\u015fger\u00ee<\/strong><\/p>\n<p><strong>\u00a0 \u00a0 \u00a0 \u00a0 \u00a0 \u00a0 \u00a0 \u00a0 \u00a0 \u00a0 \u00a0 \u00a0 \u00a0 \u00a0 \u00a0 \u00a0 \u00a0 \u00a0 \u00a0 \u00a0 \u00a0 \u00a0 \u00a0 \u00a0 \u00a0 \u00a010.12.2025<\/strong><\/p>\n<p><strong>\u00a0 \u00a0 \u00a0 \u00a0 \u00a0 \u00a0 \u00a0 \u00a0 \u00a0 \u00a0 \u00a0 \u00a0 \u00a0 \u00a0 \u00a0 \u00a0 \u00a0 \u00a0 \u00a0 \u00a0Fermandariya Gi\u015ft\u00ee Ya YPJ&#8217;\u00ea<\/strong><\/p>\n<p><strong>\u00a0 \u00a0 \u00a0 \u00a0 \u00a0 \u00a0 \u00a0 \u00a0 \u00a0 \u00a0 \u00a0 \u00a0 \u00a0 \u00a0 \u00a0 \u00a0 \u00a0 \u00a0 \u00a0 \u00a0 \u00a0 \u00a0 \u00a0 \u00a0 \u00a0<\/strong><\/p>\n<p><img loading=\"lazy\" decoding=\"async\" class=\"alignnone size-medium wp-image-20018\" src=\"https:\/\/ypjrojava.net\/wp-content\/uploads\/2025\/12\/photo_2025-12-01_23-27-14-300x225.jpg\" alt=\"\" width=\"300\" height=\"225\" srcset=\"https:\/\/ypjrojava.net\/wp-content\/uploads\/2025\/12\/photo_2025-12-01_23-27-14-300x225.jpg 300w, https:\/\/ypjrojava.net\/wp-content\/uploads\/2025\/12\/photo_2025-12-01_23-27-14-1024x768.jpg 1024w, https:\/\/ypjrojava.net\/wp-content\/uploads\/2025\/12\/photo_2025-12-01_23-27-14-768x576.jpg 768w, https:\/\/ypjrojava.net\/wp-content\/uploads\/2025\/12\/photo_2025-12-01_23-27-14-560x420.jpg 560w, https:\/\/ypjrojava.net\/wp-content\/uploads\/2025\/12\/photo_2025-12-01_23-27-14-80x60.jpg 80w, https:\/\/ypjrojava.net\/wp-content\/uploads\/2025\/12\/photo_2025-12-01_23-27-14-150x113.jpg 150w, https:\/\/ypjrojava.net\/wp-content\/uploads\/2025\/12\/photo_2025-12-01_23-27-14-696x522.jpg 696w, https:\/\/ypjrojava.net\/wp-content\/uploads\/2025\/12\/photo_2025-12-01_23-27-14-1068x801.jpg 1068w, https:\/\/ypjrojava.net\/wp-content\/uploads\/2025\/12\/photo_2025-12-01_23-27-14-265x198.jpg 265w, https:\/\/ypjrojava.net\/wp-content\/uploads\/2025\/12\/photo_2025-12-01_23-27-14.jpg 1280w\" sizes=\"auto, (max-width: 300px) 100vw, 300px\" \/> <img loading=\"lazy\" decoding=\"async\" class=\"alignnone size-medium wp-image-20019\" src=\"https:\/\/ypjrojava.net\/wp-content\/uploads\/2025\/12\/photo_2025-12-01_23-39-32-300x225.jpg\" alt=\"\" width=\"300\" height=\"225\" srcset=\"https:\/\/ypjrojava.net\/wp-content\/uploads\/2025\/12\/photo_2025-12-01_23-39-32-300x225.jpg 300w, https:\/\/ypjrojava.net\/wp-content\/uploads\/2025\/12\/photo_2025-12-01_23-39-32-1024x768.jpg 1024w, https:\/\/ypjrojava.net\/wp-content\/uploads\/2025\/12\/photo_2025-12-01_23-39-32-768x576.jpg 768w, https:\/\/ypjrojava.net\/wp-content\/uploads\/2025\/12\/photo_2025-12-01_23-39-32-560x420.jpg 560w, https:\/\/ypjrojava.net\/wp-content\/uploads\/2025\/12\/photo_2025-12-01_23-39-32-80x60.jpg 80w, https:\/\/ypjrojava.net\/wp-content\/uploads\/2025\/12\/photo_2025-12-01_23-39-32-150x113.jpg 150w, https:\/\/ypjrojava.net\/wp-content\/uploads\/2025\/12\/photo_2025-12-01_23-39-32-696x522.jpg 696w, https:\/\/ypjrojava.net\/wp-content\/uploads\/2025\/12\/photo_2025-12-01_23-39-32-1068x801.jpg 1068w, https:\/\/ypjrojava.net\/wp-content\/uploads\/2025\/12\/photo_2025-12-01_23-39-32-265x198.jpg 265w, https:\/\/ypjrojava.net\/wp-content\/uploads\/2025\/12\/photo_2025-12-01_23-39-32.jpg 1280w\" sizes=\"auto, (max-width: 300px) 100vw, 300px\" \/> <img loading=\"lazy\" decoding=\"async\" class=\"alignnone size-medium wp-image-20017\" src=\"https:\/\/ypjrojava.net\/wp-content\/uploads\/2025\/12\/photo_2025-12-01_23-25-59-300x225.jpg\" alt=\"\" width=\"300\" height=\"225\" srcset=\"https:\/\/ypjrojava.net\/wp-content\/uploads\/2025\/12\/photo_2025-12-01_23-25-59-300x225.jpg 300w, https:\/\/ypjrojava.net\/wp-content\/uploads\/2025\/12\/photo_2025-12-01_23-25-59-1024x768.jpg 1024w, https:\/\/ypjrojava.net\/wp-content\/uploads\/2025\/12\/photo_2025-12-01_23-25-59-768x576.jpg 768w, https:\/\/ypjrojava.net\/wp-content\/uploads\/2025\/12\/photo_2025-12-01_23-25-59-560x420.jpg 560w, https:\/\/ypjrojava.net\/wp-content\/uploads\/2025\/12\/photo_2025-12-01_23-25-59-80x60.jpg 80w, https:\/\/ypjrojava.net\/wp-content\/uploads\/2025\/12\/photo_2025-12-01_23-25-59-150x113.jpg 150w, https:\/\/ypjrojava.net\/wp-content\/uploads\/2025\/12\/photo_2025-12-01_23-25-59-696x522.jpg 696w, https:\/\/ypjrojava.net\/wp-content\/uploads\/2025\/12\/photo_2025-12-01_23-25-59-1068x801.jpg 1068w, https:\/\/ypjrojava.net\/wp-content\/uploads\/2025\/12\/photo_2025-12-01_23-25-59-265x198.jpg 265w, https:\/\/ypjrojava.net\/wp-content\/uploads\/2025\/12\/photo_2025-12-01_23-25-59.jpg 1280w\" sizes=\"auto, (max-width: 300px) 100vw, 300px\" \/> <img loading=\"lazy\" decoding=\"async\" class=\"alignnone size-medium wp-image-20016\" src=\"https:\/\/ypjrojava.net\/wp-content\/uploads\/2025\/12\/photo_2025-12-01_23-24-46-300x225.jpg\" alt=\"\" width=\"300\" height=\"225\" srcset=\"https:\/\/ypjrojava.net\/wp-content\/uploads\/2025\/12\/photo_2025-12-01_23-24-46-300x225.jpg 300w, https:\/\/ypjrojava.net\/wp-content\/uploads\/2025\/12\/photo_2025-12-01_23-24-46-1024x767.jpg 1024w, https:\/\/ypjrojava.net\/wp-content\/uploads\/2025\/12\/photo_2025-12-01_23-24-46-768x575.jpg 768w, https:\/\/ypjrojava.net\/wp-content\/uploads\/2025\/12\/photo_2025-12-01_23-24-46-561x420.jpg 561w, https:\/\/ypjrojava.net\/wp-content\/uploads\/2025\/12\/photo_2025-12-01_23-24-46-80x60.jpg 80w, https:\/\/ypjrojava.net\/wp-content\/uploads\/2025\/12\/photo_2025-12-01_23-24-46-150x112.jpg 150w, https:\/\/ypjrojava.net\/wp-content\/uploads\/2025\/12\/photo_2025-12-01_23-24-46-696x521.jpg 696w, https:\/\/ypjrojava.net\/wp-content\/uploads\/2025\/12\/photo_2025-12-01_23-24-46-1068x800.jpg 1068w, https:\/\/ypjrojava.net\/wp-content\/uploads\/2025\/12\/photo_2025-12-01_23-24-46-265x198.jpg 265w, https:\/\/ypjrojava.net\/wp-content\/uploads\/2025\/12\/photo_2025-12-01_23-24-46.jpg 1280w\" sizes=\"auto, (max-width: 300px) 100vw, 300px\" \/><\/p>\n<p><iframe loading=\"lazy\" title=\"Ji  Gel\u00ea Me \u00fb Raya G\u00ee\u015ft\u00ee #YPJ\" width=\"696\" height=\"522\" src=\"https:\/\/www.youtube.com\/embed\/X4kXgV6IKAw?feature=oembed\" frameborder=\"0\" allow=\"accelerometer; autoplay; clipboard-write; encrypted-media; gyroscope; picture-in-picture; web-share\" referrerpolicy=\"strict-origin-when-cross-origin\" allowfullscreen><\/iframe><\/p>\n<p>&nbsp;<\/p>\n<p>&nbsp;<\/p>\n<p>&nbsp;<\/p>\n","protected":false},"excerpt":{"rendered":"<p>Her \u015feh\u00eedek felsefeya jiyana azade. Tov\u00ean jiyana azad ku bi salane li ser van axan bi dest\u00ean ke\u00e7 \u00fb xort\u00ean serhild\u00ear ve t\u00ean \u015fitilkirin, her k\u00eal\u00ee berd\u00eal\u00ean giranbuhabi awayek\u00ee bir\u00fbmet h\u00eaza watey\u00ea diyar\u00ee gelan dike. Derw\u00ea\u015f \u00fb Ed\u00fbley\u00ean hemdem bi \u015fkandina h\u00eaz\u00ean tar\u00ee ve, ji bo \u00een\u015fa kirina jiyana wekhev\u00fb bi edalet bi salane di [&hellip;]<\/p>\n","protected":false},"author":1,"featured_media":20015,"comment_status":"closed","ping_status":"closed","sticky":false,"template":"","format":"standard","meta":{"footnotes":""},"categories":[100,39,41,40],"tags":[],"class_list":{"0":"post-20012","1":"post","2":"type-post","3":"status-publish","4":"format-standard","5":"has-post-thumbnail","7":"category-100","8":"category-daxuyani","9":"category-dimen","10":"category-wene"},"_links":{"self":[{"href":"https:\/\/ypjrojava.net\/index.php?rest_route=\/wp\/v2\/posts\/20012","targetHints":{"allow":["GET"]}}],"collection":[{"href":"https:\/\/ypjrojava.net\/index.php?rest_route=\/wp\/v2\/posts"}],"about":[{"href":"https:\/\/ypjrojava.net\/index.php?rest_route=\/wp\/v2\/types\/post"}],"author":[{"embeddable":true,"href":"https:\/\/ypjrojava.net\/index.php?rest_route=\/wp\/v2\/users\/1"}],"replies":[{"embeddable":true,"href":"https:\/\/ypjrojava.net\/index.php?rest_route=%2Fwp%2Fv2%2Fcomments&post=20012"}],"version-history":[{"count":1,"href":"https:\/\/ypjrojava.net\/index.php?rest_route=\/wp\/v2\/posts\/20012\/revisions"}],"predecessor-version":[{"id":20021,"href":"https:\/\/ypjrojava.net\/index.php?rest_route=\/wp\/v2\/posts\/20012\/revisions\/20021"}],"wp:featuredmedia":[{"embeddable":true,"href":"https:\/\/ypjrojava.net\/index.php?rest_route=\/wp\/v2\/media\/20015"}],"wp:attachment":[{"href":"https:\/\/ypjrojava.net\/index.php?rest_route=%2Fwp%2Fv2%2Fmedia&parent=20012"}],"wp:term":[{"taxonomy":"category","embeddable":true,"href":"https:\/\/ypjrojava.net\/index.php?rest_route=%2Fwp%2Fv2%2Fcategories&post=20012"},{"taxonomy":"post_tag","embeddable":true,"href":"https:\/\/ypjrojava.net\/index.php?rest_route=%2Fwp%2Fv2%2Ftags&post=20012"}],"curies":[{"name":"wp","href":"https:\/\/api.w.org\/{rel}","templated":true}]}}