{"id":20186,"date":"2026-01-10T08:40:24","date_gmt":"2026-01-10T08:40:24","guid":{"rendered":"https:\/\/ypjrojava.net\/?p=20186"},"modified":"2026-01-10T08:40:41","modified_gmt":"2026-01-10T08:40:41","slug":"fedayiyen-helebe-dilbirin-farasin-deniz-rojbin-hawar","status":"publish","type":"post","link":"https:\/\/ypjrojava.net\/?p=20186","title":{"rendered":"Fedayiy\u00ean Heleb\u00ea\u00a0Dilbir\u00een, Fara\u015f\u00een, Den\u00eez, Rojb\u00een, Hawar"},"content":{"rendered":"<p>H\u00eaz\u00ean Ewlekariya Hundir\u00een li \u015e\u00eax Meqs\u00fbd li ser \u015fopa fedaiy\u00ean wek\u00ee Ar\u00een M\u00eerkan, Avesta Xab\u00fbr \u00fb Bar\u00eenan destan\u00ean qehremaniy\u00ea diniv\u00ees\u00eenin.<\/p>\n<p>Di \u015fore\u015fa Bakur \u00fb Rojhilat\u00ea S\u00fbriy\u00ea de bi dehan fedaiy\u00ean hemdem\u00een li dij\u00ee hi\u015fmendiya \u00e7etey\u00ean DAI\u015e\u2019\u00ea \u00fb dewleta Tirk a dagirker \u00e7alakiy\u00ean feda\u00ee kirine. \u00cero li gor agahiy\u00ean ku ji qad\u00ea digihijin berdest\u00ea me dide xuyakirin ku ev p\u00eala fedayiyan xwe di berxwedaniya Heleb\u00ea de dubare dike. Heya niha gelek H\u00eaz\u00ean Ewlekariya Hundirin bi tarzeke feday\u00ee bersiva \u00e7etey\u00ean dagirker dane.<\/p>\n<p>Ji van feday\u00eeyan y\u00ean ku heya niha weke nav t\u00ean zan\u00een Dilbir\u00een, Fara\u015f\u00een, Den\u00eez, Rojb\u00een \u00fb Hawar e.<\/p>\n<p>Ev doz doza serkeftina mirovahiy\u00ea ye. Qas\u00ee ku feday\u00eey\u00ean v\u00ee gel\u00ee y\u00ean m\u00eena Dilbir\u00een, Fara\u015f\u00een, Den\u00eez, Rojb\u00een \u00fb Hawar hebe w\u00ea serkeftin her y\u00ea gel\u00ea me y\u00ea serfiraz be.<\/p>\n<p><strong>Navenda Ragihandina YPJ<\/strong><\/p>\n<p><strong>\u00a0 \u00a0 \u00a0 \u00a0 \u00a0 \u00a0 \u00a0 \u00a0 \u00a0 \u00a0 \u00a0 \u00a0 \u00a0 \u00a0 \u00a0 \u00a0 \u00a0 \u00a0 \u00a0 \u00a0 \u00a0 \u00a0 \u00a0 10-01-2026<\/strong><\/p>\n","protected":false},"excerpt":{"rendered":"<p>H\u00eaz\u00ean Ewlekariya Hundir\u00een li \u015e\u00eax Meqs\u00fbd li ser \u015fopa fedaiy\u00ean wek\u00ee Ar\u00een M\u00eerkan, Avesta Xab\u00fbr \u00fb Bar\u00eenan destan\u00ean qehremaniy\u00ea diniv\u00ees\u00eenin. Di \u015fore\u015fa Bakur \u00fb Rojhilat\u00ea S\u00fbriy\u00ea de bi dehan fedaiy\u00ean hemdem\u00een li dij\u00ee hi\u015fmendiya \u00e7etey\u00ean DAI\u015e\u2019\u00ea \u00fb dewleta Tirk a dagirker \u00e7alakiy\u00ean feda\u00ee kirine. \u00cero li gor agahiy\u00ean ku ji qad\u00ea digihijin berdest\u00ea me dide [&hellip;]<\/p>\n","protected":false},"author":1,"featured_media":20187,"comment_status":"closed","ping_status":"closed","sticky":false,"template":"","format":"standard","meta":{"footnotes":""},"categories":[102,38,40],"tags":[],"class_list":{"0":"post-20186","1":"post","2":"type-post","3":"status-publish","4":"format-standard","5":"has-post-thumbnail","7":"category-102","8":"category-nuce","9":"category-wene"},"_links":{"self":[{"href":"https:\/\/ypjrojava.net\/index.php?rest_route=\/wp\/v2\/posts\/20186","targetHints":{"allow":["GET"]}}],"collection":[{"href":"https:\/\/ypjrojava.net\/index.php?rest_route=\/wp\/v2\/posts"}],"about":[{"href":"https:\/\/ypjrojava.net\/index.php?rest_route=\/wp\/v2\/types\/post"}],"author":[{"embeddable":true,"href":"https:\/\/ypjrojava.net\/index.php?rest_route=\/wp\/v2\/users\/1"}],"replies":[{"embeddable":true,"href":"https:\/\/ypjrojava.net\/index.php?rest_route=%2Fwp%2Fv2%2Fcomments&post=20186"}],"version-history":[{"count":2,"href":"https:\/\/ypjrojava.net\/index.php?rest_route=\/wp\/v2\/posts\/20186\/revisions"}],"predecessor-version":[{"id":20189,"href":"https:\/\/ypjrojava.net\/index.php?rest_route=\/wp\/v2\/posts\/20186\/revisions\/20189"}],"wp:featuredmedia":[{"embeddable":true,"href":"https:\/\/ypjrojava.net\/index.php?rest_route=\/wp\/v2\/media\/20187"}],"wp:attachment":[{"href":"https:\/\/ypjrojava.net\/index.php?rest_route=%2Fwp%2Fv2%2Fmedia&parent=20186"}],"wp:term":[{"taxonomy":"category","embeddable":true,"href":"https:\/\/ypjrojava.net\/index.php?rest_route=%2Fwp%2Fv2%2Fcategories&post=20186"},{"taxonomy":"post_tag","embeddable":true,"href":"https:\/\/ypjrojava.net\/index.php?rest_route=%2Fwp%2Fv2%2Ftags&post=20186"}],"curies":[{"name":"wp","href":"https:\/\/api.w.org\/{rel}","templated":true}]}}