{"id":20203,"date":"2026-01-10T16:28:12","date_gmt":"2026-01-10T16:28:12","guid":{"rendered":"https:\/\/ypjrojava.net\/?p=20203"},"modified":"2026-01-10T16:28:12","modified_gmt":"2026-01-10T16:28:12","slug":"bi-sere-gele-soresgeri-we-disa-serkeftin-ya-me-be","status":"publish","type":"post","link":"https:\/\/ypjrojava.net\/?p=20203","title":{"rendered":"\u2018Bi \u015eer\u00ea Gel\u00ea \u015eore\u015fger\u00ee W\u00ea D\u00eesa Serkeftin Ya Me Be\u2019"},"content":{"rendered":"<p>Gel\u00ea herema Ciz\u00eer\u00ea ji hem\u00fb bajar, nav\u00e7e \u00fb gundewar\u00ean herema Ciz\u00eer\u00ea \u00eero bi karwanek\u00ea ber\u00ea xwe dan qada berxwedan\u00ea, tax\u00ean \u015e\u00eaxmeqs\u00fbd \u00fb E\u015frefiy\u00ea.<\/p>\n<p>Endama Kongra Star a kantona Hesek\u00ea Nehat Sil\u00eaman diyar kir ku bi \u00eeradeya gel berxwedaniya Bendava \u015eeh\u00eedan bi serket \u00fb wiha nirxand: \u2018Bi salane qirkirinek li dij\u00ee Kurdan t\u00ea me\u015fandin. L\u00ea bi \u00eerada gel em biserdikevin. \u00c7awa ku gel bi \u00eeradeyek xurt bere xwe dan bendav\u00ea \u00fb serkeftin bidest xistin. \u00cero bi heman away\u00ee bi \u015fer\u00ea gel\u00ea \u015fore\u015fger\u00ee w\u00ea d\u00eesa serkeftin ya me be. Em niha bi karwana destp\u00eak\u00ea bere xwe didin tax\u00ean \u015e\u00eax Meqs\u00fbd \u00fb E\u015frefiy\u00ea da ku li k\u00ealeka gele xwe \u00fb h\u00eaz\u00ean xwe t\u00eako\u015f\u00een bikin.\u2019<\/p>\n<p><strong><b>\u2018Ger Bi Me\u015f\u00ea J\u00ee Be Em Gel\u00ea Xwe Y\u00ea Li Wir Bi Tene Nah\u00ealin\u2019<\/b><\/strong><\/p>\n<p>Welatiya bi nav\u00ea Newroz Ha\u015fim pi\u015ftgiriya xwe ya ji bo gel\u00ea \u015e\u00eax Meqs\u00fbd \u00fb E\u015frefiy\u00ea an\u00ee ziman \u00fb wiha axiv\u00ee: \u2018\u015e\u00eax Meqs\u00fbd \u00fb E\u015frefiy\u00ea ne bi tene ye. Berxwedaniya \u015e\u00eax Meqs\u00fbd \u00fb E\u015frefiy\u00ea ji bo tevah\u00ee gel\u00ea Kurdistan\u00ea ye. \u00cero 80 milyon \u00eensan dile xwe ji bo \u015e\u00eax Meqs\u00fbd \u00fb E\u015frefiy\u00ea l\u00ea dide. Ji bo w\u00ea \u00e7i ji me b\u00ea xwestin em \u00ea bikin. Ger bi me\u015f\u00ea j\u00ee be em gel\u00ea xwe y\u00ea li wir bi tene nah\u00ealin. Em \u00eero ber\u00ea xwe xwe didin tax\u00ean \u015e\u00eax Meqs\u00fbd \u00fb E\u015frefiy\u00ea, jiber ku \u00eero dem dema meya, dem dema Serkeftin\u00ea ye. \u00cero ketina \u015e\u00eax Meqs\u00fbd \u00fb E\u015frefiy\u00ea, ketina her\u00e7ar par\u00e7ey\u00ean Kurdistan\u00ea ye. Em bang li hem\u00fb gele Kurd \u00fb gele a\u015ft\u00eexwaz dikin ku \u00eero \u00e7av\u00ea xwe ji tax\u00ean \u015e\u00eax Meqs\u00fbd \u00fb E\u015frefiy\u00ea re negrin.\u2019<\/p>\n<p>Welatiy\u00ea bi nav\u00ea Hesen j\u00ee an\u00ee ziman ku ew \u00eero bi konvoy\u00ea re bere xwe didin tax\u00ean \u015e\u00eax Meqs\u00fbd \u00fb E\u015frefiy\u00ea \u00fb wiha an\u00ee ziman: \u2018Heta noqteyek xw\u00een di can\u00ea me de heye, em dev ji \u015e\u00eax Meqs\u00fbd \u00fb E\u015frefiy\u00ea bernadin. Heya em serkeftin\u00ea bi dest bixin em \u00ea li wir bin.<\/p>\n<p>Navenda Ragihandina YPJ<\/p>\n<p>10.01.2026<\/p>\n<p><iframe loading=\"lazy\" title=\"\u2018Bi \u015eer\u00ea Gel\u00ea \u015eore\u015fger\u00ee W\u00ea D\u00eesa Serkeftin Ya Me Be\u2019 # YPJ\" width=\"696\" height=\"392\" src=\"https:\/\/www.youtube.com\/embed\/NEZRFnY9wKk?feature=oembed\" frameborder=\"0\" allow=\"accelerometer; autoplay; clipboard-write; encrypted-media; gyroscope; picture-in-picture; web-share\" referrerpolicy=\"strict-origin-when-cross-origin\" allowfullscreen><\/iframe><\/p>\n<p>&nbsp;<\/p>\n<p>&nbsp;<\/p>\n<p>&nbsp;<\/p>\n","protected":false},"excerpt":{"rendered":"<p>Gel\u00ea herema Ciz\u00eer\u00ea ji hem\u00fb bajar, nav\u00e7e \u00fb gundewar\u00ean herema Ciz\u00eer\u00ea \u00eero bi karwanek\u00ea ber\u00ea xwe dan qada berxwedan\u00ea, tax\u00ean \u015e\u00eaxmeqs\u00fbd \u00fb E\u015frefiy\u00ea. Endama Kongra Star a kantona Hesek\u00ea Nehat Sil\u00eaman diyar kir ku bi \u00eeradeya gel berxwedaniya Bendava \u015eeh\u00eedan bi serket \u00fb wiha nirxand: \u2018Bi salane qirkirinek li dij\u00ee Kurdan t\u00ea me\u015fandin. L\u00ea bi [&hellip;]<\/p>\n","protected":false},"author":1,"featured_media":20204,"comment_status":"closed","ping_status":"closed","sticky":false,"template":"","format":"standard","meta":{"footnotes":""},"categories":[102,38],"tags":[],"class_list":{"0":"post-20203","1":"post","2":"type-post","3":"status-publish","4":"format-standard","5":"has-post-thumbnail","7":"category-102","8":"category-nuce"},"_links":{"self":[{"href":"https:\/\/ypjrojava.net\/index.php?rest_route=\/wp\/v2\/posts\/20203","targetHints":{"allow":["GET"]}}],"collection":[{"href":"https:\/\/ypjrojava.net\/index.php?rest_route=\/wp\/v2\/posts"}],"about":[{"href":"https:\/\/ypjrojava.net\/index.php?rest_route=\/wp\/v2\/types\/post"}],"author":[{"embeddable":true,"href":"https:\/\/ypjrojava.net\/index.php?rest_route=\/wp\/v2\/users\/1"}],"replies":[{"embeddable":true,"href":"https:\/\/ypjrojava.net\/index.php?rest_route=%2Fwp%2Fv2%2Fcomments&post=20203"}],"version-history":[{"count":1,"href":"https:\/\/ypjrojava.net\/index.php?rest_route=\/wp\/v2\/posts\/20203\/revisions"}],"predecessor-version":[{"id":20205,"href":"https:\/\/ypjrojava.net\/index.php?rest_route=\/wp\/v2\/posts\/20203\/revisions\/20205"}],"wp:featuredmedia":[{"embeddable":true,"href":"https:\/\/ypjrojava.net\/index.php?rest_route=\/wp\/v2\/media\/20204"}],"wp:attachment":[{"href":"https:\/\/ypjrojava.net\/index.php?rest_route=%2Fwp%2Fv2%2Fmedia&parent=20203"}],"wp:term":[{"taxonomy":"category","embeddable":true,"href":"https:\/\/ypjrojava.net\/index.php?rest_route=%2Fwp%2Fv2%2Fcategories&post=20203"},{"taxonomy":"post_tag","embeddable":true,"href":"https:\/\/ypjrojava.net\/index.php?rest_route=%2Fwp%2Fv2%2Ftags&post=20203"}],"curies":[{"name":"wp","href":"https:\/\/api.w.org\/{rel}","templated":true}]}}