{"id":20258,"date":"2026-01-14T10:03:20","date_gmt":"2026-01-14T10:03:20","guid":{"rendered":"https:\/\/ypjrojava.net\/?p=20258"},"modified":"2026-01-14T10:03:20","modified_gmt":"2026-01-14T10:03:20","slug":"fermandariya-hezen-ewlekariya-hundirin-nasnameya-her-5-fedayiyen-rumeta-mirovahiye-ragihand","status":"publish","type":"post","link":"https:\/\/ypjrojava.net\/?p=20258","title":{"rendered":"FERMANDARIYA H\u00caZ\u00caN EWLEKARIYA H\u00dbNDIR\u00ceN NASNAMEYA HER 5 FEDAYIY\u00caN RUMETA MIROVAHIY\u00ca RAGIHAND"},"content":{"rendered":"<p>Em fermandar \u00fb fedayiy\u00ean v\u00ea doz\u00ea Den\u00eez, Hawar , Rojbin, Dilbir\u00een \u00fb Fera\u015f\u00een dubare bi minnetdar\u00ee \u00fb r\u00eazdar\u00ee bib\u00eertinin \u00fb soz didin R\u00eaber\u00ea R\u00eaberan, jin\u00ean ku seri netewand\u00een, egid\u00ean ku gav pa\u015fde ne-av\u00eatin \u00fb q\u00ear\u00een\u00eanzarok\u00ean ku li \u015e\u00eax Mes\u00fbd \u00fb E\u015frefiy\u00ea deng\u00ean wan bilind dib\u00fbn; w\u00ea biryara wan biryara me be \u00fb heya em tola wan ranekin \u00fb xeyal\u00ean wan p\u00eakneynin em \u00ea tu caran nerawestin. Em \u00ea bibiryardar\u00ee doza wan bi serkeftin\u00ea tac\u00eedar bikin.<\/p>\n<p><iframe loading=\"lazy\" title=\"FERMANDARIYA H\u00caZ\u00caN EWLEKARIYA H\u00dbNDIR\u00ceN NASNAMEYA HER 5 FEDAYIY\u00caN RUMETA MIROVAHIY\u00ca RAGIHAND #YPJ\" width=\"696\" height=\"392\" src=\"https:\/\/www.youtube.com\/embed\/hiHQp_WXL80?feature=oembed\" frameborder=\"0\" allow=\"accelerometer; autoplay; clipboard-write; encrypted-media; gyroscope; picture-in-picture; web-share\" referrerpolicy=\"strict-origin-when-cross-origin\" allowfullscreen><\/iframe><\/p>\n<p>&nbsp;<\/p>\n","protected":false},"excerpt":{"rendered":"<p>Em fermandar \u00fb fedayiy\u00ean v\u00ea doz\u00ea Den\u00eez, Hawar , Rojbin, Dilbir\u00een \u00fb Fera\u015f\u00een dubare bi minnetdar\u00ee \u00fb r\u00eazdar\u00ee bib\u00eertinin \u00fb soz didin R\u00eaber\u00ea R\u00eaberan, jin\u00ean ku seri netewand\u00een, egid\u00ean ku gav pa\u015fde ne-av\u00eatin \u00fb q\u00ear\u00een\u00eanzarok\u00ean ku li \u015e\u00eax Mes\u00fbd \u00fb E\u015frefiy\u00ea deng\u00ean wan bilind dib\u00fbn; w\u00ea biryara wan biryara me be \u00fb heya em tola [&hellip;]<\/p>\n","protected":false},"author":1,"featured_media":20260,"comment_status":"closed","ping_status":"closed","sticky":false,"template":"","format":"standard","meta":{"footnotes":""},"categories":[102,39,41,40],"tags":[],"class_list":{"0":"post-20258","1":"post","2":"type-post","3":"status-publish","4":"format-standard","5":"has-post-thumbnail","7":"category-102","8":"category-daxuyani","9":"category-dimen","10":"category-wene"},"_links":{"self":[{"href":"https:\/\/ypjrojava.net\/index.php?rest_route=\/wp\/v2\/posts\/20258","targetHints":{"allow":["GET"]}}],"collection":[{"href":"https:\/\/ypjrojava.net\/index.php?rest_route=\/wp\/v2\/posts"}],"about":[{"href":"https:\/\/ypjrojava.net\/index.php?rest_route=\/wp\/v2\/types\/post"}],"author":[{"embeddable":true,"href":"https:\/\/ypjrojava.net\/index.php?rest_route=\/wp\/v2\/users\/1"}],"replies":[{"embeddable":true,"href":"https:\/\/ypjrojava.net\/index.php?rest_route=%2Fwp%2Fv2%2Fcomments&post=20258"}],"version-history":[{"count":2,"href":"https:\/\/ypjrojava.net\/index.php?rest_route=\/wp\/v2\/posts\/20258\/revisions"}],"predecessor-version":[{"id":20262,"href":"https:\/\/ypjrojava.net\/index.php?rest_route=\/wp\/v2\/posts\/20258\/revisions\/20262"}],"wp:featuredmedia":[{"embeddable":true,"href":"https:\/\/ypjrojava.net\/index.php?rest_route=\/wp\/v2\/media\/20260"}],"wp:attachment":[{"href":"https:\/\/ypjrojava.net\/index.php?rest_route=%2Fwp%2Fv2%2Fmedia&parent=20258"}],"wp:term":[{"taxonomy":"category","embeddable":true,"href":"https:\/\/ypjrojava.net\/index.php?rest_route=%2Fwp%2Fv2%2Fcategories&post=20258"},{"taxonomy":"post_tag","embeddable":true,"href":"https:\/\/ypjrojava.net\/index.php?rest_route=%2Fwp%2Fv2%2Ftags&post=20258"}],"curies":[{"name":"wp","href":"https:\/\/api.w.org\/{rel}","templated":true}]}}