{"id":20361,"date":"2026-01-23T13:26:11","date_gmt":"2026-01-23T13:26:11","guid":{"rendered":"https:\/\/ypjrojava.net\/?p=20361"},"modified":"2026-01-23T13:26:11","modified_gmt":"2026-01-23T13:26:11","slug":"ji-bo-raya-gisti-ya-demokratik-u-jinen-azadixwaz-en-cihane-re","status":"publish","type":"post","link":"https:\/\/ypjrojava.net\/?p=20361","title":{"rendered":"JI BO RAYA GI\u015eT\u00ce YA DEMOKRAT\u00ceK \u00db JIN\u00caN AZAD\u00ceXWAZ \u00caN C\u00ceHAN\u00ca RE"},"content":{"rendered":"<p>Ji 6\u2019\u00ea \u00c7ile ya 2026\u2019an heya niha kom\u00ean \u00e7ete y\u00ean gir\u00eaday\u00ee HT\u015e\u2019\u00ea \u00fb dewleta Tirk a dagirker \u00eari\u015f\u00ee \u015eore\u015fa Jinan ya Bakur \u00fb Rojhilat\u00ea S\u00fbry\u00ea dike. Pi\u015ft\u00ee komkujiy\u00ean li tax\u00ean \u015e\u00eax Meqs\u00fbd \u00fb E\u015frefiy\u00ea ya Heleb\u00ea, li bajar\u00ean m\u00eena Reqa, Tebqa, \u015eedad\u00ea, Eyn \u00cesa \u00fb gundewar\u00ean Koban\u00ea j\u00ee komkujiy\u00ean mezin p\u00eak an\u00een. Di van \u00eari\u015fan de, di ser\u00ee de jin, p\u00eakhatey\u00ean li Bakur \u00fb Rojhilat\u00ea S\u00fbryey\u00ea y\u00ean ku bi dehan salan e ji bo jiyanek\u00ee demokrat\u00eek \u00fb kom\u00eenal a li derdora jin\u00ea t\u00ea avakirin t\u00eadiko\u015fin, hatin hedef girtin. Kiryar\u00ean her\u00ee kir\u00eat li hember\u00ee jin\u00ean ku di nav ref\u00ean t\u00eako\u015f\u00een\u00ea de cih digirin, hat p\u00eakan\u00een. Bi feraseta xwe ya ku hewl didin DAI\u015e\u2019\u00ea li her\u00eam\u00ea zind\u00ee bikin, hewl dan bedena jin\u00ea bi taybet\u00ee jin\u00ean \u015ferker te\u015fh\u00eer bikin \u00fb di nav gelan de par\u00e7eb\u00fbn\u00ea ava bikin. Keziya \u015fervana Kurd bir\u00een \u00fb gotin qey ev kez\u00ee w\u00ea bibe sedema tirs \u00fb fikarek\u00ee li hember\u00ee t\u00eako\u015f\u00eena azadiya jin\u00ea. L\u00ea bel\u00ea v\u00ea yek\u00ea hesab nekirin ku jin\u00ean ji hem\u00fb p\u00eakhatey\u00ean Rojavay\u00ea Kurdistan\u00ea li hember\u00ee van kiryar\u00ean kir\u00eat ji hem\u00fb deman z\u00eadetir bih\u00eaz in \u00fb ji bo parastina r\u00fbmet \u00fb kerameta mirovahiy\u00ea \u00e7awa ku li hember\u00ee \u00e7etey\u00ean hov \u00ean DAI\u015e\u2019\u00ea \u015fer\u00ea azadiy\u00ea me\u015fandibin, \u00eero j\u00ee li dij\u00ee van \u00e7eteyan di ref\u00ean her\u00ee p\u00ea\u015f de t\u00eadiko\u015fin. K\u00een \u00fb nefreta me li hember\u00ee hi\u015fmendiya ku jin\u00ea tune dibine, bedena jin\u00ea te\u015fh\u00eer dike z\u00eadetir dibe. Di hem\u00fb \u00e7eper\u00ean berxwedan\u00ea de weke YPJ\u2019\u00ea em cih digirin, ji bo parastina heb\u00fbna xwe t\u00eadiko\u015fin \u00fb bersiv\u00ean p\u00eawist didin \u00e7etey\u00ean hov.<\/p>\n<p>\u015eore\u015fa Jinan a Rojavay\u00ea Kurdistan\u00ea ji bo hem\u00fb gelan di nav xwe de bingeha jiyaneke demokrat\u00eek dihew\u00eene. Bi xw\u00eena 15 hezar \u015feh\u00eedan hat avakirin ku bi hezaran jin\u00ean \u015feh\u00eed p\u00ea\u015fengtiya v\u00ea t\u00eako\u015f\u00een\u00ea kirin. \u00cero j\u00ee bi heman biryardariy\u00ea ji bo parastina r\u00fbmet \u00fb kerameta xwe jin di bin s\u00eewana YPJ\u2019\u00ea de bi tevl\u00eeb\u00fbna seferberiy\u00ea ya hem\u00fb jin\u00ean ji p\u00eakhatey\u00ean herem\u00ea p\u00ea\u015fengtiya parastina nirx\u00ean jiyana kom\u00eenal a li derdora jin\u00ea t\u00ea h\u00fbnandin dikin.<\/p>\n<p>Em biryardariya xwe ya t\u00eako\u015f\u00een \u00fb berxwedan\u00ea n\u00fb dikin \u00fb dib\u00eajin ku bila dost \u00fb dijmin bizanibe d\u00ea ev \u015fore\u015f bi p\u00ea\u015fengtiya jinan \u00fb qehremaniya xort\u00ean ku ji bo azadiya jin\u00ea t\u00eadiko\u015fin \u00e7awa ku li Koban\u00ea feraseta qirker a DAI\u015e\u2019\u00ea t\u00eak biribe, d\u00ea bi heman biryardar\u00ee, v\u00een \u00fb t\u00eako\u015f\u00eenek\u00ee ji hem\u00fb deman xurtir ji n\u00fb ve li v\u00ea erdingariy\u00ea banga azadiy\u00ea vej\u00eene, \u015fitl\u00ea jiyana kom\u00eenal bi\u00e7\u00eene.<\/p>\n<p>Lewra em dib\u00eajin ku por\u00ea me y\u00ea kez\u00ee b\u00fbye tirsa dil\u00ea dijmin\u00ea me, ji ber ku serkeftin d\u00ea teqez ya jinan \u00fb gel\u00ean azad\u00eexwaz be. Li ser v\u00ea bingeh\u00ea em bang li jin\u00ean Kurd, hem\u00fb p\u00eakhatey\u00ean Rojhilata Nav\u00een, \u00fb \u00a0jin\u00ean C\u00eehan\u00ea y\u00ean ku azad\u00eexwaz dikin ku li ser h\u00eem\u00ea felsefeya R\u00eaber Apo ya \u2018Jin, Jiyan, Azad\u00ee\u2019 avab\u00fbye p\u00ea\u015fengtiya banga seferberiy\u00ea xurttir be\u015fdar bibin, hem\u00fb jin\u00ean ku ji bo azadiy\u00ea dil\u00ea wan l\u00eadide, p\u00eaw\u00eeste bizanibin \u015eore\u015fa Rojava m\u00eesogeriya azadiya hem\u00fb jinan e \u00fb \u00eero ne ten\u00ea Rojavay\u00ea Kurdistan\u00ea \u00fb hem\u00fb p\u00eakhatey\u00ean ku t\u00ea de jiyan dikin, hem\u00fb gel\u00ean \u00e7ar par\u00e7ey\u00ean Kurdistan\u00ea bi qirkirinek\u00ee mezin re r\u00fb bi r\u00fb ne. Em bang li hem\u00fb jinan dikin ku bi rih\u00ea Koban\u00ea tevl\u00ee seferberiy\u00ea bibin, li dora b\u00eerdoziya heb\u00fbna jin \u00fb gelan parastina r\u00fbmet\u00ea bikin. Bila hem\u00fb gel\u00ea me bizanibe ku em \u00ea tucaran li beramber\u00ee feraseta c\u00eehad\u00eest a DAI\u015e\u2019\u00ea \u00e7ok nedeynin \u00fb tesl\u00eem nebin. Ji bo me wek \u015fervan\u00ean v\u00ee gel\u00ee \u00e7i ti\u015ft ji heb\u00fbna gel\u00ea Kurd \u00fb hem\u00fb p\u00eakhateyan parastin\u00ea gir\u00eengtir n\u00eene, h\u00eaviy\u00ean me qas\u00ee keziy\u00ean me hatine hunandin. Ne keziy\u00ean me bi j\u00eakirin\u00ea tune dibin, ne j\u00ee h\u00eaviy\u00ean me bi \u00ear\u00ee\u015f\u00ean met\u00eengeh \u00fb qirker re tune dibe. ji bo v\u00ea yek\u00ea w\u00ea tola hem\u00fb kiryar\u00ean dermirov\u00ee ku dij\u00ee \u015fervan\u00ean me t\u00ean kirin, b\u00eahesab nem\u00eene.<\/p>\n<p style=\"text-align: center;\"><strong>Fermandariya Gi\u015ft\u00ee ya YPJ\u2019\u00ea<\/strong><\/p>\n<p style=\"text-align: center;\"><strong>22.01.2026<\/strong><\/p>\n<p style=\"text-align: center;\">\n","protected":false},"excerpt":{"rendered":"<p>Ji 6\u2019\u00ea \u00c7ile ya 2026\u2019an heya niha kom\u00ean \u00e7ete y\u00ean gir\u00eaday\u00ee HT\u015e\u2019\u00ea \u00fb dewleta Tirk a dagirker \u00eari\u015f\u00ee \u015eore\u015fa Jinan ya Bakur \u00fb Rojhilat\u00ea S\u00fbry\u00ea dike. Pi\u015ft\u00ee komkujiy\u00ean li tax\u00ean \u015e\u00eax Meqs\u00fbd \u00fb E\u015frefiy\u00ea ya Heleb\u00ea, li bajar\u00ean m\u00eena Reqa, Tebqa, \u015eedad\u00ea, Eyn \u00cesa \u00fb gundewar\u00ean Koban\u00ea j\u00ee komkujiy\u00ean mezin p\u00eak an\u00een. Di van \u00eari\u015fan [&hellip;]<\/p>\n","protected":false},"author":1,"featured_media":20092,"comment_status":"closed","ping_status":"closed","sticky":false,"template":"","format":"standard","meta":{"footnotes":""},"categories":[102,39,40],"tags":[],"class_list":{"0":"post-20361","1":"post","2":"type-post","3":"status-publish","4":"format-standard","5":"has-post-thumbnail","7":"category-102","8":"category-daxuyani","9":"category-wene"},"_links":{"self":[{"href":"https:\/\/ypjrojava.net\/index.php?rest_route=\/wp\/v2\/posts\/20361","targetHints":{"allow":["GET"]}}],"collection":[{"href":"https:\/\/ypjrojava.net\/index.php?rest_route=\/wp\/v2\/posts"}],"about":[{"href":"https:\/\/ypjrojava.net\/index.php?rest_route=\/wp\/v2\/types\/post"}],"author":[{"embeddable":true,"href":"https:\/\/ypjrojava.net\/index.php?rest_route=\/wp\/v2\/users\/1"}],"replies":[{"embeddable":true,"href":"https:\/\/ypjrojava.net\/index.php?rest_route=%2Fwp%2Fv2%2Fcomments&post=20361"}],"version-history":[{"count":2,"href":"https:\/\/ypjrojava.net\/index.php?rest_route=\/wp\/v2\/posts\/20361\/revisions"}],"predecessor-version":[{"id":20363,"href":"https:\/\/ypjrojava.net\/index.php?rest_route=\/wp\/v2\/posts\/20361\/revisions\/20363"}],"wp:featuredmedia":[{"embeddable":true,"href":"https:\/\/ypjrojava.net\/index.php?rest_route=\/wp\/v2\/media\/20092"}],"wp:attachment":[{"href":"https:\/\/ypjrojava.net\/index.php?rest_route=%2Fwp%2Fv2%2Fmedia&parent=20361"}],"wp:term":[{"taxonomy":"category","embeddable":true,"href":"https:\/\/ypjrojava.net\/index.php?rest_route=%2Fwp%2Fv2%2Fcategories&post=20361"},{"taxonomy":"post_tag","embeddable":true,"href":"https:\/\/ypjrojava.net\/index.php?rest_route=%2Fwp%2Fv2%2Ftags&post=20361"}],"curies":[{"name":"wp","href":"https:\/\/api.w.org\/{rel}","templated":true}]}}