{"id":20400,"date":"2026-01-25T14:52:08","date_gmt":"2026-01-25T14:52:08","guid":{"rendered":"https:\/\/ypjrojava.net\/?p=20400"},"modified":"2026-01-25T14:52:08","modified_gmt":"2026-01-25T14:52:08","slug":"reveberiya-xweser-a-firate-ypj-u-ypg-berxwedanek-qehremani-nisan-dan","status":"publish","type":"post","link":"https:\/\/ypjrojava.net\/?p=20400","title":{"rendered":"R\u00eaveberiya Xweser a Firat\u00ea: YPJ \u00fb YPG berxwedanek qehreman\u00ee n\u00ee\u015fan dan"},"content":{"rendered":"<p>R\u00eaveberiya Xweseriya Demokrat\u00eek a Kantona Firat\u00ea daxuyaniyek we\u015fand. Daxuyani wiha ye:<\/p>\n<p>\u201cEv z\u00eadetir\u00ee hefteyek\u00ea ye, kom\u00ean \u00e7ete y\u00ean hikumeta \u015eam\u00ea, \u00eari\u015f\u00ean xwe li ser gundewar\u00ean Koban\u00ea berdewam dikin \u00fb her\u00eam\u00ea bi gi\u015ft\u00ee dorp\u00ea\u00e7 dikin. Ev yek b\u00fbye sedema k\u00eamb\u00fbna p\u00eadiviy\u00ean bingeh\u00een \u00ean wek\u00ee xwarin, derman, av, elektr\u00eek \u00fb sotemeniy\u00ea \u00fb ni\u015ftecih\u00ean \u00e7end gund\u00ean li derdora Koban\u00ea ko\u00e7ber kirine, mal\u00ean wan t\u00ean xerakirin \u00fb talankirin. Ev yek b\u00fbye sedema kr\u00eezeke mirov\u00ee ya mezin ku mudaxeleya lezg\u00een hewce dike.<\/p>\n<p>Ev \u00eari\u015f\u00ean li ser her\u00eama me bi salvegera 11\u2019em\u00een a rizgarkirina bajar\u00ea Koban\u00ea ji \u00e7etey\u00ean DAI\u015e&#8217;\u00ea re hevdem in. Yek\u00eeney\u00ean Parastina Gel (YPG) \u00fb Yek\u00eeney\u00ean Parastina Jin (YPJ) berxwedanek qehreman\u00ee n\u00ee\u015fan dan ku t\u00eak\u00e7\u00fbnek mezin li kom\u00ean \u00e7ete dan, \u00fb ev der b\u00fb destp\u00eaka p\u00eangav\u00ean rizgarkirin\u00ea \u00fb jihol\u00earakirina r\u00eaxistin\u00ean teror\u00eest \u00ean her\u00ee hovane ji her\u00eam \u00fb c\u00eehan\u00ea.<\/p>\n<p>\u00cero, bajar\u00ea ku li ser nav\u00ea tevahiya c\u00eehan\u00ea li dij\u00ee teror\u00ea \u015fer kir, li ber \u00e7av\u00ean c\u00eehan\u00ea di bin \u00eari\u015f \u00fb dorp\u00ea\u00e7\u00ea de ye. Ev \u00eari\u015fa niha t\u00ea kirin, ne cuday\u00ee \u00eari\u015fa ku ji h\u00eala DAI\u015e&#8217;\u00ea ve hate me\u015fandin e, ji ber w\u00ea yek\u00ea carek din civaka navnetewey\u00ee dixe ber erk \u00fb berpirsiyariya exlaq\u00ee ku div\u00ea yekser mudaxele bike. Li hember v\u00ee \u015fer\u00ea hovane, gel\u00ea me bi biryardar\u00ee \u00fb qehremaniyeke b\u00eanavber berxwedana xwe didom\u00eene, m\u00eena rih\u00ea berxwedana Kobaniy\u00ea ku r\u00eaxistina teror\u00eest a her\u00ee hov t\u00eak bir. Bi heman \u00eeradeya ku ew serkeftina mezin bi dest xist, ew li heman bajar\u00ee r\u00fbpl\u00ean n\u00fb y\u00ean berxwedan\u00ea diniv\u00eesin.<\/p>\n<p>Em, wek R\u00eaveberiya Xweseriya Demokrat\u00eek a Kantona Firat\u00ea, van \u00eari\u015f \u00fb dorp\u00ea\u00e7a li ser her\u00eam\u00ean me hat\u00ee ferzkirin \u015fermezar dikin. Em diyar dikin ku ew \u00ea me ji berxwedan \u00fb t\u00eako\u015f\u00een\u00ea d\u00fbr nexin heya ku em digih\u00eajin armanc\u00ean \u015fore\u015fa xwe, azad\u00ee \u00fb jiyaneke bir\u00fbmet. Em \u00ea di \u00e7ar\u00e7oveya seferberiya gi\u015ft\u00ee de, ref\u00ean xwe r\u00eaxistin bikin \u00fb berxwedan\u00ea bi hem\u00fb r\u00ea \u00fb derfetan mezin bikin.<\/p>\n<p>Em bang li Kurd\u00ean li hem\u00fb be\u015f\u00ean Kurdistan\u00ea \u00fb li d\u00eeasporay\u00ea dikin ku li k\u00ealeka berxwedana gel\u00ea Rojava bisekinin \u00fb tevl\u00ee w\u00ea bibin, ji ber ku \u015fer\u00ea li ser her\u00eama me hat\u00ee ferzkirin \u015ferek\u00ee heb\u00fbn\u00ea ye \u00fb d\u00ea \u00e7aren\u00fbs \u00fb p\u00ea\u015feroja me diyar bike. Her wiha em bangek lezg\u00een li civaka navnetewey\u00ee \u00fb r\u00eaxistin\u00ean mirov\u00ee dikin ku destwerdan\u00ea bikin, dorp\u00ea\u00e7a li ser her\u00eam\u00ean me rakin, zext\u00ea li hik\u00fbmeta demk\u00ee bikin da ku \u00eari\u015f\u00ean xwe rawest\u00eene \u00fb \u00e7areseriyek siyas\u00ee ji bo rew\u015fa hey\u00ee bib\u00eenin.<\/p>\n<p><strong>Serkeftin ji bo doza me<\/strong><\/p>\n<p><strong>\u015e\u00eefaya bilez ji bo bir\u00eendaran<\/strong><\/p>\n<p><strong>\u015eeh\u00eed namirin.&#8221;<\/strong><\/p>\n<p><iframe loading=\"lazy\" title=\"R\u00eaveberiya Xweser a Firat\u00ea: YPJ \u00fb YPG berxwedanek qehreman\u00ee n\u00ee\u015fan dan\" width=\"696\" height=\"392\" src=\"https:\/\/www.youtube.com\/embed\/xeUwa-1m_dA?feature=oembed\" frameborder=\"0\" allow=\"accelerometer; autoplay; clipboard-write; encrypted-media; gyroscope; picture-in-picture; web-share\" referrerpolicy=\"strict-origin-when-cross-origin\" allowfullscreen><\/iframe><\/p>\n<p>&nbsp;<\/p>\n<p>&nbsp;<\/p>\n","protected":false},"excerpt":{"rendered":"<p>R\u00eaveberiya Xweseriya Demokrat\u00eek a Kantona Firat\u00ea daxuyaniyek we\u015fand. Daxuyani wiha ye: \u201cEv z\u00eadetir\u00ee hefteyek\u00ea ye, kom\u00ean \u00e7ete y\u00ean hikumeta \u015eam\u00ea, \u00eari\u015f\u00ean xwe li ser gundewar\u00ean Koban\u00ea berdewam dikin \u00fb her\u00eam\u00ea bi gi\u015ft\u00ee dorp\u00ea\u00e7 dikin. Ev yek b\u00fbye sedema k\u00eamb\u00fbna p\u00eadiviy\u00ean bingeh\u00een \u00ean wek\u00ee xwarin, derman, av, elektr\u00eek \u00fb sotemeniy\u00ea \u00fb ni\u015ftecih\u00ean \u00e7end gund\u00ean li derdora [&hellip;]<\/p>\n","protected":false},"author":1,"featured_media":20401,"comment_status":"closed","ping_status":"closed","sticky":false,"template":"","format":"standard","meta":{"footnotes":""},"categories":[102,41,38,40],"tags":[],"class_list":{"0":"post-20400","1":"post","2":"type-post","3":"status-publish","4":"format-standard","5":"has-post-thumbnail","7":"category-102","8":"category-dimen","9":"category-nuce","10":"category-wene"},"_links":{"self":[{"href":"https:\/\/ypjrojava.net\/index.php?rest_route=\/wp\/v2\/posts\/20400","targetHints":{"allow":["GET"]}}],"collection":[{"href":"https:\/\/ypjrojava.net\/index.php?rest_route=\/wp\/v2\/posts"}],"about":[{"href":"https:\/\/ypjrojava.net\/index.php?rest_route=\/wp\/v2\/types\/post"}],"author":[{"embeddable":true,"href":"https:\/\/ypjrojava.net\/index.php?rest_route=\/wp\/v2\/users\/1"}],"replies":[{"embeddable":true,"href":"https:\/\/ypjrojava.net\/index.php?rest_route=%2Fwp%2Fv2%2Fcomments&post=20400"}],"version-history":[{"count":1,"href":"https:\/\/ypjrojava.net\/index.php?rest_route=\/wp\/v2\/posts\/20400\/revisions"}],"predecessor-version":[{"id":20402,"href":"https:\/\/ypjrojava.net\/index.php?rest_route=\/wp\/v2\/posts\/20400\/revisions\/20402"}],"wp:featuredmedia":[{"embeddable":true,"href":"https:\/\/ypjrojava.net\/index.php?rest_route=\/wp\/v2\/media\/20401"}],"wp:attachment":[{"href":"https:\/\/ypjrojava.net\/index.php?rest_route=%2Fwp%2Fv2%2Fmedia&parent=20400"}],"wp:term":[{"taxonomy":"category","embeddable":true,"href":"https:\/\/ypjrojava.net\/index.php?rest_route=%2Fwp%2Fv2%2Fcategories&post=20400"},{"taxonomy":"post_tag","embeddable":true,"href":"https:\/\/ypjrojava.net\/index.php?rest_route=%2Fwp%2Fv2%2Ftags&post=20400"}],"curies":[{"name":"wp","href":"https:\/\/api.w.org\/{rel}","templated":true}]}}