{"id":20403,"date":"2026-01-26T06:02:32","date_gmt":"2026-01-26T06:02:32","guid":{"rendered":"https:\/\/ypjrojava.net\/?p=20403"},"modified":"2026-01-26T06:12:07","modified_gmt":"2026-01-26T06:12:07","slug":"eme-bi-ruhe-berxwedaniya-kobani-cardin-dagirkeriye-tek-bibin","status":"publish","type":"post","link":"https:\/\/ypjrojava.net\/?p=20403","title":{"rendered":"Em\u00ea Bi R\u00fbh\u00ea Berxwedaniya Koban\u00ee Cardin Dagirkeriy\u00ea T\u00eak Bibin"},"content":{"rendered":"<p>Koban\u00ea sembola biryardar\u00ee \u00fb baweriya gel\u00ean azad\u00eexwaze. Berxwedaniya ku di kolan\u00ean Koban\u00ea de hate me\u015fandin \u00e7aren\u00fbsa gelek\u00ee g\u00fbhert. Teko\u015f\u00eena Koban\u00ea\u00a0 di jiyaneke azad \u00fb bi r\u00fbmet de israr kirine. Koban\u00ea bi berxwedaniya xwe ye d\u00eerok\u00ee, ji tevah\u00ee mirovahiy\u00ea re b\u00fb \u00eefadeya h\u00eav\u00eeya roj\u00ean azad.<\/p>\n<p>Koban\u00ea bi mehan di nava dorpe\u00e7eke giran da ma \u00fb \u00e7etey\u00ean DAI\u015e\u2019\u00ea bi avayek\u00ee her\u00ee hovane \u00ear\u00ee\u015f\u00ee Koban\u00ea kirin. Li hember\u00ee hem\u00fb hov\u00eetiy\u00ean \u00e7etey\u00ean DAI\u015e\u2019\u00ea j\u00ee, li ser\u00ea her kolaneke Koban\u00ea di p\u00ea\u015fengtiya \u015fervan\u00ea YPJ\u2019\u00ea \u00fb bi pi\u015ftevaniya gel\u00ea me destan\u00ean qehremaniy\u00ea hatin niv\u00eesandin.<\/p>\n<p>\u00cero j\u00ee cardin heman feraseta c\u00eehad\u00eest ya ku di tu qad\u00ean jiyan\u00ea de heb\u00fbna jin nasnake, bi kom\u00ean xwe y\u00ean \u00e7ete \u00ear\u00ee\u015f\u00ee tevah\u00ee Rojava \u00fb bi taybet j\u00ee Koban\u00ea dike. Ev \u00ear\u00ee\u015f\u00ean ku t\u00ean kirin, jiyan \u00fb ewlehiya gel\u00ea me dike xeteriyeke mezin. Armanca \u00ear\u00ee\u015f\u00ean sala 2015\u2019an \u00e7i b\u00fbn, y\u00ean \u00eero j\u00ee heman armanc\u00ea dihew\u00eene. Cardin bi van \u00ear\u00ee\u015fan dixwazin gel\u00ea me bi qirkirineke re r\u00fb bi r\u00fb bih\u00ealin.<\/p>\n<p>Gel\u00ea me ji bo bidestxistina azadiy\u00ea gelek berdel\u00ean giranb\u00fbha da. Serkeftina mezin a Koban\u00ee ya di 26\u2019\u00ea \u00c7ileya 2015\u2019an j\u00ee bi sekna gel\u00ea me y\u00ea leheng hate bidestxistin. Ji ber w\u00ea j\u00ee li hember\u00ee van \u00ear\u00ee\u015f\u00ean ku destkeft\u00ee \u00fb \u00eeradeya\u00a0 gel\u00ean me dike armanca, encax bi r\u00fbhe \u015fer\u00ea gel\u00ea \u015fore\u015fger\u00ee dikare serkeftin were bidestin. Li ser v\u00ea esas\u00ea em bang li tevah\u00ee gel\u00ea xwe dikin ku li derdora destkeftiy\u00ean \u015fore\u015f\u00ea kom bibin da ku em bi r\u00fbh\u00ea yek\u00eetiya netew\u00ee xwed\u00ee li heb\u00fbn \u00fb \u00eeradeya xwe derbikevin.<\/p>\n<p>Em weke Yek\u00eeney\u00ean Parastina Jin di \u015fexs\u00ea \u015feh\u00eed\u00ean xwe y\u00ean nemir Ar\u00een, R\u00eavan, Gelhat,Herdem,\u0130vana Hoffman, Sarya Ozg\u00fbr \u00fb tevahiya \u015feh\u00eed\u00ean xwe y\u00ean \u015fore\u015fa Rojava bib\u00eert\u00eenin, em soza xwe ye p\u00eakan\u00eena xeyal\u00ean \u015feh\u00eed\u00ean n\u00fb dikin. W\u00ea rih\u00ea berxwedaniya Koban\u00ea serkeftina me teqez bike.<\/p>\n<p><strong>Fermandariya Gi\u015ft\u00ee a YPJ\u2019\u00ea <\/strong><\/p>\n<p><strong>26.01.2026 <\/strong><\/p>\n","protected":false},"excerpt":{"rendered":"<p>Koban\u00ea sembola biryardar\u00ee \u00fb baweriya gel\u00ean azad\u00eexwaze. Berxwedaniya ku di kolan\u00ean Koban\u00ea de hate me\u015fandin \u00e7aren\u00fbsa gelek\u00ee g\u00fbhert. Teko\u015f\u00eena Koban\u00ea\u00a0 di jiyaneke azad \u00fb bi r\u00fbmet de israr kirine. Koban\u00ea bi berxwedaniya xwe ye d\u00eerok\u00ee, ji tevah\u00ee mirovahiy\u00ea re b\u00fb \u00eefadeya h\u00eav\u00eeya roj\u00ean azad. Koban\u00ea bi mehan di nava dorpe\u00e7eke giran da ma \u00fb \u00e7etey\u00ean [&hellip;]<\/p>\n","protected":false},"author":1,"featured_media":20092,"comment_status":"closed","ping_status":"closed","sticky":false,"template":"","format":"standard","meta":{"footnotes":""},"categories":[102,39,38,40],"tags":[],"class_list":{"0":"post-20403","1":"post","2":"type-post","3":"status-publish","4":"format-standard","5":"has-post-thumbnail","7":"category-102","8":"category-daxuyani","9":"category-nuce","10":"category-wene"},"_links":{"self":[{"href":"https:\/\/ypjrojava.net\/index.php?rest_route=\/wp\/v2\/posts\/20403","targetHints":{"allow":["GET"]}}],"collection":[{"href":"https:\/\/ypjrojava.net\/index.php?rest_route=\/wp\/v2\/posts"}],"about":[{"href":"https:\/\/ypjrojava.net\/index.php?rest_route=\/wp\/v2\/types\/post"}],"author":[{"embeddable":true,"href":"https:\/\/ypjrojava.net\/index.php?rest_route=\/wp\/v2\/users\/1"}],"replies":[{"embeddable":true,"href":"https:\/\/ypjrojava.net\/index.php?rest_route=%2Fwp%2Fv2%2Fcomments&post=20403"}],"version-history":[{"count":2,"href":"https:\/\/ypjrojava.net\/index.php?rest_route=\/wp\/v2\/posts\/20403\/revisions"}],"predecessor-version":[{"id":20405,"href":"https:\/\/ypjrojava.net\/index.php?rest_route=\/wp\/v2\/posts\/20403\/revisions\/20405"}],"wp:featuredmedia":[{"embeddable":true,"href":"https:\/\/ypjrojava.net\/index.php?rest_route=\/wp\/v2\/media\/20092"}],"wp:attachment":[{"href":"https:\/\/ypjrojava.net\/index.php?rest_route=%2Fwp%2Fv2%2Fmedia&parent=20403"}],"wp:term":[{"taxonomy":"category","embeddable":true,"href":"https:\/\/ypjrojava.net\/index.php?rest_route=%2Fwp%2Fv2%2Fcategories&post=20403"},{"taxonomy":"post_tag","embeddable":true,"href":"https:\/\/ypjrojava.net\/index.php?rest_route=%2Fwp%2Fv2%2Ftags&post=20403"}],"curies":[{"name":"wp","href":"https:\/\/api.w.org\/{rel}","templated":true}]}}