{"id":20415,"date":"2026-01-27T10:18:48","date_gmt":"2026-01-27T10:18:48","guid":{"rendered":"https:\/\/ypjrojava.net\/?p=20415"},"modified":"2026-01-27T10:18:48","modified_gmt":"2026-01-27T10:18:48","slug":"servana-ereb-rojda-bang-li-gele-ereb-dike-ku-li-keleka-rojava-bisekinin","status":"publish","type":"post","link":"https:\/\/ypjrojava.net\/?p=20415","title":{"rendered":"\u015eervana Ereb Rojda bang li gel\u00ea Ereb dike ku li k\u00ealeka Rojava bisekinin"},"content":{"rendered":"<p>&#8220;Wek\u00ee jineke Ereb, ez li dij\u00ee zihniyeta El-Culan\u00ee \u015fer dikim \u00fb ez bang li hem\u00fb Ereban dikim ku xwe ji El-Culan\u00ee d\u00fbr bixin \u00fb tevl\u00ee Rojava bibin.&#8221;<\/p>\n<p><iframe loading=\"lazy\" title=\"\u015eervana Ereb Rojda bang li gel\u00ea Ereb dike ku li k\u00ealeka Rojava bisekinin\" width=\"696\" height=\"392\" src=\"https:\/\/www.youtube.com\/embed\/k4js8nN1ymk?feature=oembed\" frameborder=\"0\" allow=\"accelerometer; autoplay; clipboard-write; encrypted-media; gyroscope; picture-in-picture; web-share\" referrerpolicy=\"strict-origin-when-cross-origin\" allowfullscreen><\/iframe><\/p>\n","protected":false},"excerpt":{"rendered":"<p>&#8220;Wek\u00ee jineke Ereb, ez li dij\u00ee zihniyeta El-Culan\u00ee \u015fer dikim \u00fb ez bang li hem\u00fb Ereban dikim ku xwe ji El-Culan\u00ee d\u00fbr bixin \u00fb tevl\u00ee Rojava bibin.&#8221;<\/p>\n","protected":false},"author":1,"featured_media":20416,"comment_status":"closed","ping_status":"closed","sticky":false,"template":"","format":"standard","meta":{"footnotes":""},"categories":[102,41,38,40],"tags":[],"class_list":{"0":"post-20415","1":"post","2":"type-post","3":"status-publish","4":"format-standard","5":"has-post-thumbnail","7":"category-102","8":"category-dimen","9":"category-nuce","10":"category-wene"},"_links":{"self":[{"href":"https:\/\/ypjrojava.net\/index.php?rest_route=\/wp\/v2\/posts\/20415","targetHints":{"allow":["GET"]}}],"collection":[{"href":"https:\/\/ypjrojava.net\/index.php?rest_route=\/wp\/v2\/posts"}],"about":[{"href":"https:\/\/ypjrojava.net\/index.php?rest_route=\/wp\/v2\/types\/post"}],"author":[{"embeddable":true,"href":"https:\/\/ypjrojava.net\/index.php?rest_route=\/wp\/v2\/users\/1"}],"replies":[{"embeddable":true,"href":"https:\/\/ypjrojava.net\/index.php?rest_route=%2Fwp%2Fv2%2Fcomments&post=20415"}],"version-history":[{"count":1,"href":"https:\/\/ypjrojava.net\/index.php?rest_route=\/wp\/v2\/posts\/20415\/revisions"}],"predecessor-version":[{"id":20417,"href":"https:\/\/ypjrojava.net\/index.php?rest_route=\/wp\/v2\/posts\/20415\/revisions\/20417"}],"wp:featuredmedia":[{"embeddable":true,"href":"https:\/\/ypjrojava.net\/index.php?rest_route=\/wp\/v2\/media\/20416"}],"wp:attachment":[{"href":"https:\/\/ypjrojava.net\/index.php?rest_route=%2Fwp%2Fv2%2Fmedia&parent=20415"}],"wp:term":[{"taxonomy":"category","embeddable":true,"href":"https:\/\/ypjrojava.net\/index.php?rest_route=%2Fwp%2Fv2%2Fcategories&post=20415"},{"taxonomy":"post_tag","embeddable":true,"href":"https:\/\/ypjrojava.net\/index.php?rest_route=%2Fwp%2Fv2%2Ftags&post=20415"}],"curies":[{"name":"wp","href":"https:\/\/api.w.org\/{rel}","templated":true}]}}