{"id":20424,"date":"2026-01-27T16:20:00","date_gmt":"2026-01-27T16:20:00","guid":{"rendered":"https:\/\/ypjrojava.net\/?p=20424"},"modified":"2026-01-27T16:20:00","modified_gmt":"2026-01-27T16:20:00","slug":"servanen-azadiye-li-kolanan-parastina-ax-u-rumeta-xwe-dikin","status":"publish","type":"post","link":"https:\/\/ypjrojava.net\/?p=20424","title":{"rendered":"\u015eervan\u00ean Azadiy\u00ea Li Kolanan Parastina Ax \u00db R\u00fbmeta Xwe Dikin"},"content":{"rendered":"<p>Bi \u015fer\u00ea Gel\u00ea \u015eore\u015fger\u00ee \u015fervan \u00fb gel bi hev re kolan bi kolan parastina axa xwe dikin. \u015eervan\u00ean azadiy\u00ea diyarkirin ew \u00ea neh\u00ealin \u00e7etey\u00ean hik\u00fbmeta veguh\u00eaz a \u015eam\u00ea \u00fb dewleta Tirk a dagirker bihostek axa wan dagir bike.<br \/>\n\u015eervana YPJ\u2019\u00ea Berf\u00een Qeremox axiv\u00ee \u00fb an\u00ee ziman ku bila gel\u00ea me bi zarok \u00fb \u015fervan\u00ean xwe bawerbin, \u00e7i ji me were xwestin ji bo v\u00ee gel\u00ee em amadene.<br \/>\n\u015eervan\u00ea YPG Ehmed Qami\u015flo axiv\u00ee \u00fb ev ti\u015ft an\u00ee ziman: \u2018Ger ku em can\u00ea xwe j\u00ee bidin em amadene ji bo v\u00ea ax\u00ea \u00fb v\u00ee welat\u00ee \u015fer bikin\u2019.<br \/>\n\u015eervana YPJ\u2019\u00ea Ax\u00een Qami\u015flo j\u00ee axiv\u00ee \u00fb wiha an\u00ee ziman: \u2018Bila gele me ji me bawer be, em nah\u00ealin dijmin yek bihot derbas\u00ee ser axa me bibe.\u2019<br \/>\n\u015eervan\u00ea YPG Rod\u00ee Hesek\u00ea j\u00ee diyar kir ku li ser Medya Civak\u00ee \u015ferek taybet li ser gele me t\u00ea me\u015fandin \u00fb wiha an\u00ee ziman: \u2018Heta noqteyek xw\u00een di can\u00ea me de hebe em \u00ea ji bo parastina v\u00ea ax\u00ea t\u00eabbiko\u015fin. Heta Keziyeke jin\u00ea biheje w\u00ea gel\u00ea Kurd hem\u00fb p\u00eare biheje. Hesek\u00ea ji bo me xeta sore.\u2019<\/p>\n<p><iframe loading=\"lazy\" title=\"\u015eervan\u00ean Azadiy\u00ea Li Kolanan Parastina Ax \u00db R\u00fbmeta Xwe Dikin\" width=\"696\" height=\"392\" src=\"https:\/\/www.youtube.com\/embed\/nUKEo_ja-08?feature=oembed\" frameborder=\"0\" allow=\"accelerometer; autoplay; clipboard-write; encrypted-media; gyroscope; picture-in-picture; web-share\" referrerpolicy=\"strict-origin-when-cross-origin\" allowfullscreen><\/iframe><\/p>\n","protected":false},"excerpt":{"rendered":"<p>Bi \u015fer\u00ea Gel\u00ea \u015eore\u015fger\u00ee \u015fervan \u00fb gel bi hev re kolan bi kolan parastina axa xwe dikin. \u015eervan\u00ean azadiy\u00ea diyarkirin ew \u00ea neh\u00ealin \u00e7etey\u00ean hik\u00fbmeta veguh\u00eaz a \u015eam\u00ea \u00fb dewleta Tirk a dagirker bihostek axa wan dagir bike. \u015eervana YPJ\u2019\u00ea Berf\u00een Qeremox axiv\u00ee \u00fb an\u00ee ziman ku bila gel\u00ea me bi zarok \u00fb \u015fervan\u00ean xwe [&hellip;]<\/p>\n","protected":false},"author":1,"featured_media":20425,"comment_status":"closed","ping_status":"closed","sticky":false,"template":"","format":"standard","meta":{"footnotes":""},"categories":[102,41,38,40],"tags":[],"class_list":{"0":"post-20424","1":"post","2":"type-post","3":"status-publish","4":"format-standard","5":"has-post-thumbnail","7":"category-102","8":"category-dimen","9":"category-nuce","10":"category-wene"},"_links":{"self":[{"href":"https:\/\/ypjrojava.net\/index.php?rest_route=\/wp\/v2\/posts\/20424","targetHints":{"allow":["GET"]}}],"collection":[{"href":"https:\/\/ypjrojava.net\/index.php?rest_route=\/wp\/v2\/posts"}],"about":[{"href":"https:\/\/ypjrojava.net\/index.php?rest_route=\/wp\/v2\/types\/post"}],"author":[{"embeddable":true,"href":"https:\/\/ypjrojava.net\/index.php?rest_route=\/wp\/v2\/users\/1"}],"replies":[{"embeddable":true,"href":"https:\/\/ypjrojava.net\/index.php?rest_route=%2Fwp%2Fv2%2Fcomments&post=20424"}],"version-history":[{"count":1,"href":"https:\/\/ypjrojava.net\/index.php?rest_route=\/wp\/v2\/posts\/20424\/revisions"}],"predecessor-version":[{"id":20426,"href":"https:\/\/ypjrojava.net\/index.php?rest_route=\/wp\/v2\/posts\/20424\/revisions\/20426"}],"wp:featuredmedia":[{"embeddable":true,"href":"https:\/\/ypjrojava.net\/index.php?rest_route=\/wp\/v2\/media\/20425"}],"wp:attachment":[{"href":"https:\/\/ypjrojava.net\/index.php?rest_route=%2Fwp%2Fv2%2Fmedia&parent=20424"}],"wp:term":[{"taxonomy":"category","embeddable":true,"href":"https:\/\/ypjrojava.net\/index.php?rest_route=%2Fwp%2Fv2%2Fcategories&post=20424"},{"taxonomy":"post_tag","embeddable":true,"href":"https:\/\/ypjrojava.net\/index.php?rest_route=%2Fwp%2Fv2%2Ftags&post=20424"}],"curies":[{"name":"wp","href":"https:\/\/api.w.org\/{rel}","templated":true}]}}