{"id":20427,"date":"2026-01-27T20:16:45","date_gmt":"2026-01-27T20:16:45","guid":{"rendered":"https:\/\/ypjrojava.net\/?p=20427"},"modified":"2026-01-28T14:42:48","modified_gmt":"2026-01-28T14:42:48","slug":"fermandar-sidar-sembola-tekosina-jina-kedkar-u-serker-e","status":"publish","type":"post","link":"https:\/\/ypjrojava.net\/?p=20427","title":{"rendered":"Fermandar S\u00eedar Sembola Teko\u015f\u00eena Jina Kedkar \u00fb \u015eerker e"},"content":{"rendered":"<p>Rastiya \u015feh\u00eed\u00ean me \u00eefadeya her\u00ee \u015f\u00eanber ya teko\u015f\u00eena me ye. \u015eeh\u00eed\u00ean me bi r\u00fbhek\u00ee bilind \u00fb fedakar ji bo parastina gel\u00ea xwe can\u00ea xwe feda dikin. Ev r\u00fbh\u00ea p\u00eeroz ya ku di eniy\u00ean her\u00ee p\u00ea\u015f de teko\u015f\u00een dikin, li hember\u00ee her c\u00fbre \u00ear\u00ee\u015f\u00ean desthiladariy\u00ea bi biryardariyeke mezin parastina r\u00fbmeta gel\u00ea xwe dikin.<\/p>\n<p>Dema h\u00eaz\u00ean \u00e7ete y\u00ean desthildariya \u015eam\u00ea bi avayek\u00ee b\u00eaperwa \u00ear\u00ee\u015f\u00ee Tabka kirin, Fermandara me S\u00eedar Efr\u00een heta dawiy\u00ea li hember\u00ee kiryar\u00ean kom\u00ean \u00e7ete \u015fer kir \u00fb di d\u00eeroka 18\u2019\u00ea \u00c7iley\u00ea de \u015feh\u00eed b\u00fb.<\/p>\n<p>Hevr\u00ea \u00fb fermandar me Leyla Hemo bi nasnav S\u00eedar Efrin di sala 1980\u2019an di nava malbateke welatpar\u00eaz de li Efr\u00een\u00ea ji dayik dibe. Ji ber naskirina malbat\u00ea ya ji bo tevgera azadiy\u00ea hevr\u00ea S\u00eedar j\u00ee ji bo bibe \u015fore\u015fgereke doza azadiya gel\u00ea xwe kete nava l\u00eager\u00een\u00ean jiyana azad \u00fb di sala 1997\u2019an de di nava gelek xebat\u00ean c\u00fbda y\u00ean \u015fore\u015f\u00ea de destp\u00ea teko\u015f\u00eena xwe ye azadiy\u00ea kir. Di destp\u00eaka \u015fore\u015fa Rojava de j\u00ee bi avayek\u00ee \u00e7alak be\u015fdar\u00ee xebat\u00ean r\u00eaxistin kirina gel b\u00fb \u00fb di qada parastin\u00ea de j\u00ee kedeke b\u00ea hempa dame\u015fandin. Di heman de di p\u00eangav\u00ean rizgarkirin\u00ea y\u00ean Rojava de\u00a0 di eniy\u00ean her\u00ee p\u00ea\u015f de cih\u00ea xwe girt. Hevr\u00ea S\u00eedar li Rojavay\u00ea Kurdistan\u00ea li hember\u00ee DAI\u015e\u2019\u00ea \u015fer kir \u00fb ji bo ku mirovahiy\u00ea ji v\u00ea belaya c\u00eehan\u00ee bipar\u00eaze xwed\u00ee biryardariyeke bilind b\u00fb.<\/p>\n<p>Weke fermandareke jin di p\u00eevan\u00ean jina azad de xwe k\u00fbr kir \u00fb li ser esas\u00ea p\u00ea\u015fengtiya dem\u00ea bi rol \u00fb misyoneke bilind rab\u00fb. Heval S\u00eedar di r\u00eaya azad\u00ee de bi dilsoz\u00ee, fedakar\u00ee \u00fb serkeft\u00ee xizmeta gel\u00ea xwe kir. Di \u015fert \u00fb merc\u00ean her\u00ee dijwar de bi erka xwe rab\u00fb \u00fb ji bo teko\u015f\u00eena azadiya gel \u00fb jinan teko\u015f\u00een kir. \u00a0Li ser esas\u00ea p\u00eevan\u00ean birdoziya rizgariya jin di hem\u00fb qad\u00ean jiyan\u00ea de kesayeta xwe p\u00ea\u015fxist, di nava ref\u00ean YPJ\u2019\u00ea b\u00fb fermandareke m\u00eenak. Bi sekneke dilnizm \u00fb kelecaneke mezin di her k\u00ealiya\u00a0 jiyana xwe de ji bo bi destxistina azadiy\u00ea t\u00eako\u015fiya. Di nava \u015fervan\u00ean xwe de j\u00ee weke fermandareke dem\u00ea di her k\u00ealiya jiyan\u00ea de li k\u00ealeka \u015fervan\u00ea xwe b\u00fb, bi berpirsyartiyeke bilind n\u00eaz\u00ee erka xwe dib\u00fb. Heta k\u00ealiya \u015feh\u00eed j\u00ee b\u00fb bi moral,co\u015f \u00fb kelecana xwe ji \u015fervan\u00ean xwe re b\u00fb \u00e7avkaniya bawer\u00ee \u00fb h\u00eaz e. Fermandar S\u00eedar di t\u00eak\u00eeliy\u00ean xwe y\u00ean r\u00eahevaltiy\u00ea de heta daw\u00ee dilsoz b\u00fb, ji ber w\u00ea j\u00ee di nava hevr\u00eay\u00ean xwe de xwed\u00ee ciheke diyar b\u00fb. Ev sekna w\u00ea dih\u00ee\u015ft ku hem\u00fb heval li derdora w\u00ea kom bibin. Hevr\u00ea S\u00eedar sembola dilpak\u00ee, w\u00earek\u00ee \u00fb berxwedanvaniya jin\u00ean Kurd \u00ea.<\/p>\n<p>Fermandara me S\u00eedar Efr\u00een dema ku kom\u00ean \u00e7ete \u00ear\u00ee\u015f\u00ee li ser Tabka kirin, ji bo parastina destkeftiy\u00ean gel\u00ea xwe di eniy\u00ean her\u00ee p\u00ea\u015f de \u015fer kir \u00fb ji bo ku r\u00ea nede feraseta kom\u00ean \u00e7ete can\u00ea kire mertal.<\/p>\n<p>Em di ser\u00ee de ji bo malbata h\u00eaja ya fermandar S\u00eedar Efr\u00een \u00fb tevah\u00ee gel\u00ea xwe ye welatpar\u00eaz sersaxiy\u00ea dixwazin. Armanca \u015feh\u00eed\u00ean me ava kirina jiyaneke azad \u00fb parastina destkeftiy\u00ean \u015fore\u015feye. Em\u00ea j\u00ee weke hevrey\u00ean \u015feh\u00eedan heta h\u00eanasa xwe ye daw\u00ee ji bo p\u00eakan\u00eena armanc\u00ean \u015feh\u00eed\u00ean azadiy\u00ea teko\u015f\u00eena xwe bilind bikin da ku heta serkeftineke may\u00een were bidestxistin.<\/p>\n<p><strong>Nasnameya Hevr\u00ea ya Me Wiha ye:<\/strong><\/p>\n<p><img loading=\"lazy\" decoding=\"async\" class=\"alignnone size-medium wp-image-20428\" src=\"https:\/\/ypjrojava.net\/wp-content\/uploads\/2026\/01\/3-1-240x300.jpg\" alt=\"\" width=\"240\" height=\"300\" srcset=\"https:\/\/ypjrojava.net\/wp-content\/uploads\/2026\/01\/3-1-240x300.jpg 240w, https:\/\/ypjrojava.net\/wp-content\/uploads\/2026\/01\/3-1-819x1024.jpg 819w, https:\/\/ypjrojava.net\/wp-content\/uploads\/2026\/01\/3-1-768x960.jpg 768w, https:\/\/ypjrojava.net\/wp-content\/uploads\/2026\/01\/3-1-1229x1536.jpg 1229w, https:\/\/ypjrojava.net\/wp-content\/uploads\/2026\/01\/3-1-1638x2048.jpg 1638w, https:\/\/ypjrojava.net\/wp-content\/uploads\/2026\/01\/3-1-336x420.jpg 336w, https:\/\/ypjrojava.net\/wp-content\/uploads\/2026\/01\/3-1-150x188.jpg 150w, https:\/\/ypjrojava.net\/wp-content\/uploads\/2026\/01\/3-1-300x375.jpg 300w, https:\/\/ypjrojava.net\/wp-content\/uploads\/2026\/01\/3-1-696x870.jpg 696w, https:\/\/ypjrojava.net\/wp-content\/uploads\/2026\/01\/3-1-1068x1335.jpg 1068w, https:\/\/ypjrojava.net\/wp-content\/uploads\/2026\/01\/3-1-1920x2400.jpg 1920w, https:\/\/ypjrojava.net\/wp-content\/uploads\/2026\/01\/3-1-scaled.jpg 2048w\" sizes=\"auto, (max-width: 240px) 100vw, 240px\" \/><\/p>\n<p><strong>Nasnav:<\/strong>\u00a0S\u00eedar Efr\u00een<\/p>\n<p><strong>Nav \u00fb Pa\u015fnav:<\/strong>\u00a0Leyla Hemo<\/p>\n<p><strong>Nav\u00ea Day\u00eek\u00ea:<\/strong>\u00a0Zeynep<\/p>\n<p><strong>Nav\u00ea Bav:<\/strong>\u00a0\u015e\u00fbkr\u00ee<\/p>\n<p><strong>Cih \u00fb D\u00eeroka \u015eehadet\u00ea:<\/strong>\u00a018.01.2026<\/p>\n<p>&nbsp;<\/p>\n<p style=\"text-align: center;\"><strong>Fermandariya Gi\u015ft\u00ee a YPJ\u2019\u00ea <\/strong><\/p>\n<p style=\"text-align: center;\"><strong>27.01.2026<\/strong><\/p>\n<p>&nbsp;<\/p>\n<p><iframe loading=\"lazy\" title=\"Fermandar S\u00eedar Sembola Teko\u015f\u00eena Jina Kedkar \u00fb \u015eerker e #YPJ\" width=\"696\" height=\"392\" src=\"https:\/\/www.youtube.com\/embed\/A8K0dXOS2ek?feature=oembed\" frameborder=\"0\" allow=\"accelerometer; autoplay; clipboard-write; encrypted-media; gyroscope; picture-in-picture; web-share\" referrerpolicy=\"strict-origin-when-cross-origin\" allowfullscreen><\/iframe><\/p>\n<p><iframe loading=\"lazy\" title=\"Fermandar S\u00eedar Sembola Teko\u015f\u00eena Jina Kedkar \u00fb \u015eerker e\" width=\"696\" height=\"392\" src=\"https:\/\/www.youtube.com\/embed\/YTndTGMmY08?feature=oembed\" frameborder=\"0\" allow=\"accelerometer; autoplay; clipboard-write; encrypted-media; gyroscope; picture-in-picture; web-share\" referrerpolicy=\"strict-origin-when-cross-origin\" allowfullscreen><\/iframe><\/p>\n","protected":false},"excerpt":{"rendered":"<p>Rastiya \u015feh\u00eed\u00ean me \u00eefadeya her\u00ee \u015f\u00eanber ya teko\u015f\u00eena me ye. \u015eeh\u00eed\u00ean me bi r\u00fbhek\u00ee bilind \u00fb fedakar ji bo parastina gel\u00ea xwe can\u00ea xwe feda dikin. Ev r\u00fbh\u00ea p\u00eeroz ya ku di eniy\u00ean her\u00ee p\u00ea\u015f de teko\u015f\u00een dikin, li hember\u00ee her c\u00fbre \u00ear\u00ee\u015f\u00ean desthiladariy\u00ea bi biryardariyeke mezin parastina r\u00fbmeta gel\u00ea xwe dikin. Dema h\u00eaz\u00ean \u00e7ete [&hellip;]<\/p>\n","protected":false},"author":1,"featured_media":20429,"comment_status":"closed","ping_status":"closed","sticky":false,"template":"","format":"standard","meta":{"footnotes":""},"categories":[102,39,41,50,40],"tags":[],"class_list":{"0":"post-20427","1":"post","2":"type-post","3":"status-publish","4":"format-standard","5":"has-post-thumbnail","7":"category-102","8":"category-daxuyani","9":"category-dimen","10":"category-sahid","11":"category-wene"},"_links":{"self":[{"href":"https:\/\/ypjrojava.net\/index.php?rest_route=\/wp\/v2\/posts\/20427","targetHints":{"allow":["GET"]}}],"collection":[{"href":"https:\/\/ypjrojava.net\/index.php?rest_route=\/wp\/v2\/posts"}],"about":[{"href":"https:\/\/ypjrojava.net\/index.php?rest_route=\/wp\/v2\/types\/post"}],"author":[{"embeddable":true,"href":"https:\/\/ypjrojava.net\/index.php?rest_route=\/wp\/v2\/users\/1"}],"replies":[{"embeddable":true,"href":"https:\/\/ypjrojava.net\/index.php?rest_route=%2Fwp%2Fv2%2Fcomments&post=20427"}],"version-history":[{"count":3,"href":"https:\/\/ypjrojava.net\/index.php?rest_route=\/wp\/v2\/posts\/20427\/revisions"}],"predecessor-version":[{"id":20482,"href":"https:\/\/ypjrojava.net\/index.php?rest_route=\/wp\/v2\/posts\/20427\/revisions\/20482"}],"wp:featuredmedia":[{"embeddable":true,"href":"https:\/\/ypjrojava.net\/index.php?rest_route=\/wp\/v2\/media\/20429"}],"wp:attachment":[{"href":"https:\/\/ypjrojava.net\/index.php?rest_route=%2Fwp%2Fv2%2Fmedia&parent=20427"}],"wp:term":[{"taxonomy":"category","embeddable":true,"href":"https:\/\/ypjrojava.net\/index.php?rest_route=%2Fwp%2Fv2%2Fcategories&post=20427"},{"taxonomy":"post_tag","embeddable":true,"href":"https:\/\/ypjrojava.net\/index.php?rest_route=%2Fwp%2Fv2%2Ftags&post=20427"}],"curies":[{"name":"wp","href":"https:\/\/api.w.org\/{rel}","templated":true}]}}