{"id":20484,"date":"2026-01-28T16:55:11","date_gmt":"2026-01-28T16:55:11","guid":{"rendered":"https:\/\/ypjrojava.net\/?p=20484"},"modified":"2026-01-28T16:56:04","modified_gmt":"2026-01-28T16:56:04","slug":"fermandar-sehit-sidar-efrin-u-10-hevalen-we-bi-girseyi-hatin-oxirkirin","status":"publish","type":"post","link":"https:\/\/ypjrojava.net\/?p=20484","title":{"rendered":"Fermandar \u015eehit S\u00eedar Efrin \u00db 10 Heval\u00ean W\u00ea Bi Girsey\u00ee Hatin Oxirkirin"},"content":{"rendered":"<p>Cangoriy\u00ean berxwedana li hember\u00ee \u00eari\u015f\u00ean \u00e7etey\u00ean hikumeta demk\u00ee ji fermandara YPJ\u2019\u00ea S\u00eedar Efr\u00een (Leyla Hemo), \u015fervan\u00ean YPJ\u2019\u00ea Viyan C\u00fbd\u00ee (Sara Hesen), St\u00eark Rojhat (Nesr\u00een Xel\u00eel), Rew\u015fen Zana Efr\u00een (Rew\u015fen \u00cebrah\u00eem), \u015fervan\u00ean QSD\u2019\u00ea Dil\u015f\u00ear Qami\u015flo (\u00cebrah\u00eem Mihemed), Karker Qami\u015flo (Hesen Mele Hesen), Rojhat Qami\u015flo (M\u00eetan His\u00ean), \u00c7iyager Armanc (Yezen Mihemed), Diyar Qami\u015flo (Ciwan Suhb\u00ee), \u015e\u00earewan \u015e\u00earawa (Hesen El\u00ee) \u00fb endam\u00ea H\u00eaz\u00ean Ewlekariya Hundir\u00een Mihemed Kamil El Mio ji aliy\u00ea bi hezaran \u015f\u00eaniy\u00ean Rojava ve li pakrewangeha \u015eeh\u00eed Del\u00eel Saroxan a bajar\u00ea Qami\u015floy\u00ea hatin oxirkirin.<br \/>\nMeras\u00eem\u00ea bi deqeyek r\u00eazgirtin dest p\u00ea kir. Pi\u015ftre endam\u00ea Meclisa Malbat\u00ean \u015eeh\u00eedan \u015e\u00earo \u015eero axiv\u00ee.<br \/>\nFermandar\u00ean YPJ\u2019\u00ea \u00fb endama Fermandariya Gi\u015ft\u00ee ya QSD\u2019\u00ea Rohilat Efr\u00een j\u00ee di meras\u00eem\u00ea de wiha axiv\u00ee;<br \/>\n\u201cPlanek li dij\u00ee welat \u00fb destkeftiy\u00ean w\u00ea, ev plan qirkirina gel\u00ea me ye. Em ne lawaz in. Em ji 13 salan ve t\u00eako\u015f\u00een\u00ea dikin. Ji destp\u00eaka avab\u00fbna YPJ\u2019\u00ea ve me soza dab\u00fb ku em gel\u00ea xwe neteri\u00eenin \u00fb em \u00ea pi\u015ftevan\u00ea gel\u00ea xwe bin. Me soz daye berd\u00eal \u00e7i dibe bila bibe em \u00ea v\u00ea ax\u00ea bipar\u00eazin. Hevala S\u00eedar di gotina xwe ya daw\u00een de gotib\u00fb em v\u00ee gel\u00ea naterik\u00eenin. Mirin carek e, em bi r\u00fbmet\u00ee mirin\u00ea p\u00ea\u015fwaz\u00ee dikin.<br \/>\nDiv\u00ea gel\u00ea Kurd xwe bi r\u00eaxistin bike \u00fb hevgirtina xwe xurt bike. Em v\u00ea ax\u00ea bernadin. Ev ax ava b\u00fbye da ku ya gel\u00ea w\u00ea bim\u00eene. W\u00ea cih\u00ea dagirkeran li vir nebe.&#8221;<\/p>\n<p><img loading=\"lazy\" decoding=\"async\" class=\"alignnone size-medium wp-image-20486\" src=\"https:\/\/ypjrojava.net\/wp-content\/uploads\/2026\/01\/FOTRAF-3-300x225.png\" alt=\"\" width=\"300\" height=\"225\" srcset=\"https:\/\/ypjrojava.net\/wp-content\/uploads\/2026\/01\/FOTRAF-3-300x225.png 300w, https:\/\/ypjrojava.net\/wp-content\/uploads\/2026\/01\/FOTRAF-3-1024x768.png 1024w, https:\/\/ypjrojava.net\/wp-content\/uploads\/2026\/01\/FOTRAF-3-768x576.png 768w, https:\/\/ypjrojava.net\/wp-content\/uploads\/2026\/01\/FOTRAF-3-1536x1152.png 1536w, https:\/\/ypjrojava.net\/wp-content\/uploads\/2026\/01\/FOTRAF-3-560x420.png 560w, https:\/\/ypjrojava.net\/wp-content\/uploads\/2026\/01\/FOTRAF-3-80x60.png 80w, https:\/\/ypjrojava.net\/wp-content\/uploads\/2026\/01\/FOTRAF-3-150x112.png 150w, https:\/\/ypjrojava.net\/wp-content\/uploads\/2026\/01\/FOTRAF-3-696x522.png 696w, https:\/\/ypjrojava.net\/wp-content\/uploads\/2026\/01\/FOTRAF-3-1068x801.png 1068w, https:\/\/ypjrojava.net\/wp-content\/uploads\/2026\/01\/FOTRAF-3-265x198.png 265w, https:\/\/ypjrojava.net\/wp-content\/uploads\/2026\/01\/FOTRAF-3.png 1890w\" sizes=\"auto, (max-width: 300px) 100vw, 300px\" \/> <img loading=\"lazy\" decoding=\"async\" class=\"alignnone size-medium wp-image-20487\" src=\"https:\/\/ypjrojava.net\/wp-content\/uploads\/2026\/01\/FOTRAF-4-300x225.png\" alt=\"\" width=\"300\" height=\"225\" srcset=\"https:\/\/ypjrojava.net\/wp-content\/uploads\/2026\/01\/FOTRAF-4-300x225.png 300w, https:\/\/ypjrojava.net\/wp-content\/uploads\/2026\/01\/FOTRAF-4-1024x768.png 1024w, https:\/\/ypjrojava.net\/wp-content\/uploads\/2026\/01\/FOTRAF-4-768x576.png 768w, https:\/\/ypjrojava.net\/wp-content\/uploads\/2026\/01\/FOTRAF-4-1536x1152.png 1536w, https:\/\/ypjrojava.net\/wp-content\/uploads\/2026\/01\/FOTRAF-4-560x420.png 560w, https:\/\/ypjrojava.net\/wp-content\/uploads\/2026\/01\/FOTRAF-4-80x60.png 80w, https:\/\/ypjrojava.net\/wp-content\/uploads\/2026\/01\/FOTRAF-4-150x112.png 150w, https:\/\/ypjrojava.net\/wp-content\/uploads\/2026\/01\/FOTRAF-4-696x522.png 696w, https:\/\/ypjrojava.net\/wp-content\/uploads\/2026\/01\/FOTRAF-4-1068x801.png 1068w, https:\/\/ypjrojava.net\/wp-content\/uploads\/2026\/01\/FOTRAF-4-265x198.png 265w, https:\/\/ypjrojava.net\/wp-content\/uploads\/2026\/01\/FOTRAF-4.png 1890w\" sizes=\"auto, (max-width: 300px) 100vw, 300px\" \/> <img loading=\"lazy\" decoding=\"async\" class=\"alignnone size-medium wp-image-20488\" src=\"https:\/\/ypjrojava.net\/wp-content\/uploads\/2026\/01\/FOTRAF-7-300x225.png\" alt=\"\" width=\"300\" height=\"225\" srcset=\"https:\/\/ypjrojava.net\/wp-content\/uploads\/2026\/01\/FOTRAF-7-300x225.png 300w, https:\/\/ypjrojava.net\/wp-content\/uploads\/2026\/01\/FOTRAF-7-1024x768.png 1024w, https:\/\/ypjrojava.net\/wp-content\/uploads\/2026\/01\/FOTRAF-7-768x576.png 768w, https:\/\/ypjrojava.net\/wp-content\/uploads\/2026\/01\/FOTRAF-7-1536x1152.png 1536w, https:\/\/ypjrojava.net\/wp-content\/uploads\/2026\/01\/FOTRAF-7-560x420.png 560w, https:\/\/ypjrojava.net\/wp-content\/uploads\/2026\/01\/FOTRAF-7-80x60.png 80w, https:\/\/ypjrojava.net\/wp-content\/uploads\/2026\/01\/FOTRAF-7-150x112.png 150w, https:\/\/ypjrojava.net\/wp-content\/uploads\/2026\/01\/FOTRAF-7-696x522.png 696w, https:\/\/ypjrojava.net\/wp-content\/uploads\/2026\/01\/FOTRAF-7-1068x801.png 1068w, https:\/\/ypjrojava.net\/wp-content\/uploads\/2026\/01\/FOTRAF-7-265x198.png 265w, https:\/\/ypjrojava.net\/wp-content\/uploads\/2026\/01\/FOTRAF-7.png 1890w\" sizes=\"auto, (max-width: 300px) 100vw, 300px\" \/> <img loading=\"lazy\" decoding=\"async\" class=\"alignnone size-medium wp-image-20489\" src=\"https:\/\/ypjrojava.net\/wp-content\/uploads\/2026\/01\/FOTRAF-300x225.png\" alt=\"\" width=\"300\" height=\"225\" srcset=\"https:\/\/ypjrojava.net\/wp-content\/uploads\/2026\/01\/FOTRAF-300x225.png 300w, https:\/\/ypjrojava.net\/wp-content\/uploads\/2026\/01\/FOTRAF-1024x768.png 1024w, https:\/\/ypjrojava.net\/wp-content\/uploads\/2026\/01\/FOTRAF-768x576.png 768w, https:\/\/ypjrojava.net\/wp-content\/uploads\/2026\/01\/FOTRAF-1536x1152.png 1536w, https:\/\/ypjrojava.net\/wp-content\/uploads\/2026\/01\/FOTRAF-560x420.png 560w, https:\/\/ypjrojava.net\/wp-content\/uploads\/2026\/01\/FOTRAF-80x60.png 80w, https:\/\/ypjrojava.net\/wp-content\/uploads\/2026\/01\/FOTRAF-150x112.png 150w, https:\/\/ypjrojava.net\/wp-content\/uploads\/2026\/01\/FOTRAF-696x522.png 696w, https:\/\/ypjrojava.net\/wp-content\/uploads\/2026\/01\/FOTRAF-1068x801.png 1068w, https:\/\/ypjrojava.net\/wp-content\/uploads\/2026\/01\/FOTRAF-265x198.png 265w, https:\/\/ypjrojava.net\/wp-content\/uploads\/2026\/01\/FOTRAF.png 1890w\" sizes=\"auto, (max-width: 300px) 100vw, 300px\" \/><\/p>\n<p><iframe loading=\"lazy\" title=\"Fermandar \u015eehit S\u00eedar Efrin \u00db 10 Heval\u00ean W\u00ea Bi Girsey\u00ee Hatin Oxirkirin\" width=\"696\" height=\"392\" src=\"https:\/\/www.youtube.com\/embed\/HPTNgIeLbZY?feature=oembed\" frameborder=\"0\" allow=\"accelerometer; autoplay; clipboard-write; encrypted-media; gyroscope; picture-in-picture; web-share\" referrerpolicy=\"strict-origin-when-cross-origin\" allowfullscreen><\/iframe><\/p>\n<p>&nbsp;<\/p>\n<p>&nbsp;<\/p>\n","protected":false},"excerpt":{"rendered":"<p>Cangoriy\u00ean berxwedana li hember\u00ee \u00eari\u015f\u00ean \u00e7etey\u00ean hikumeta demk\u00ee ji fermandara YPJ\u2019\u00ea S\u00eedar Efr\u00een (Leyla Hemo), \u015fervan\u00ean YPJ\u2019\u00ea Viyan C\u00fbd\u00ee (Sara Hesen), St\u00eark Rojhat (Nesr\u00een Xel\u00eel), Rew\u015fen Zana Efr\u00een (Rew\u015fen \u00cebrah\u00eem), \u015fervan\u00ean QSD\u2019\u00ea Dil\u015f\u00ear Qami\u015flo (\u00cebrah\u00eem Mihemed), Karker Qami\u015flo (Hesen Mele Hesen), Rojhat Qami\u015flo (M\u00eetan His\u00ean), \u00c7iyager Armanc (Yezen Mihemed), Diyar Qami\u015flo (Ciwan Suhb\u00ee), \u015e\u00earewan \u015e\u00earawa [&hellip;]<\/p>\n","protected":false},"author":1,"featured_media":20485,"comment_status":"closed","ping_status":"closed","sticky":false,"template":"","format":"standard","meta":{"footnotes":""},"categories":[102,41,38,40],"tags":[],"class_list":{"0":"post-20484","1":"post","2":"type-post","3":"status-publish","4":"format-standard","5":"has-post-thumbnail","7":"category-102","8":"category-dimen","9":"category-nuce","10":"category-wene"},"_links":{"self":[{"href":"https:\/\/ypjrojava.net\/index.php?rest_route=\/wp\/v2\/posts\/20484","targetHints":{"allow":["GET"]}}],"collection":[{"href":"https:\/\/ypjrojava.net\/index.php?rest_route=\/wp\/v2\/posts"}],"about":[{"href":"https:\/\/ypjrojava.net\/index.php?rest_route=\/wp\/v2\/types\/post"}],"author":[{"embeddable":true,"href":"https:\/\/ypjrojava.net\/index.php?rest_route=\/wp\/v2\/users\/1"}],"replies":[{"embeddable":true,"href":"https:\/\/ypjrojava.net\/index.php?rest_route=%2Fwp%2Fv2%2Fcomments&post=20484"}],"version-history":[{"count":2,"href":"https:\/\/ypjrojava.net\/index.php?rest_route=\/wp\/v2\/posts\/20484\/revisions"}],"predecessor-version":[{"id":20491,"href":"https:\/\/ypjrojava.net\/index.php?rest_route=\/wp\/v2\/posts\/20484\/revisions\/20491"}],"wp:featuredmedia":[{"embeddable":true,"href":"https:\/\/ypjrojava.net\/index.php?rest_route=\/wp\/v2\/media\/20485"}],"wp:attachment":[{"href":"https:\/\/ypjrojava.net\/index.php?rest_route=%2Fwp%2Fv2%2Fmedia&parent=20484"}],"wp:term":[{"taxonomy":"category","embeddable":true,"href":"https:\/\/ypjrojava.net\/index.php?rest_route=%2Fwp%2Fv2%2Fcategories&post=20484"},{"taxonomy":"post_tag","embeddable":true,"href":"https:\/\/ypjrojava.net\/index.php?rest_route=%2Fwp%2Fv2%2Ftags&post=20484"}],"curies":[{"name":"wp","href":"https:\/\/api.w.org\/{rel}","templated":true}]}}