{"id":20498,"date":"2026-01-29T11:45:25","date_gmt":"2026-01-29T11:45:25","guid":{"rendered":"https:\/\/ypjrojava.net\/?p=20498"},"modified":"2026-01-29T12:03:32","modified_gmt":"2026-01-29T12:03:32","slug":"ji-gele-me-u-raya-gisti-re-51","status":"publish","type":"post","link":"https:\/\/ypjrojava.net\/?p=20498","title":{"rendered":"JI GEL\u00ca ME \u00db RAYA GI\u015eT\u00ce RE"},"content":{"rendered":"<p>Di 6\u2019\u00ea \u00c7iley\u00ea \u00fb \u015f\u00fbnde h\u00eaz\u00ean hik\u00fbmeta veguh\u00eaz a \u015eam\u00ea \u00fb dewlete Tirk a dagirker bi her c\u00fbre tekn\u00eeka xwe ya p\u00ea\u015fket\u00ee \u00ear\u00ee\u015f\u00ean dijwar \u00fb nemerdane li dij\u00ee gel\u00ea me y\u00ea welatpar\u00eaz dime\u015f\u00eenin. Hevr\u00eaya me Agir\u00ee Zagros \u00fb Siyaj\u00een bi ruh\u00ea t\u00eako\u015f\u00een \u00fb berxwedaniya xwe li dij\u00ee van \u00ear\u00ee\u015fan sekin\u00een \u00fb b\u00fbn p\u00ea\u015feng\u00ean t\u00eako\u015f\u00eena me. Em di ser\u00ee de ji mimar\u00ea jiyana azad R\u00eaber Apo, malbat\u00ean hevr\u00eay\u00ean xwe y\u00ean h\u00eaja \u00fb gel\u00ean azad\u00eexwaz re sersaxiy\u00ea dixwazin \u00fb li hember\u00ee cesareta wan bejna xwe ditew\u00eenin.<br \/>\nHevr\u00eaya me Agir\u00ee Zagros ji bajar\u00ea berxwedan\u00ea y\u00ea Kobaan\u00ea di nava e\u015f\u00eera K\u00eatik\u00ee de \u00e7av\u00ean xwe li din\u00ea vedike. Jiber welatpar\u00eaziya malbat\u00ea ji zarokt\u00ee de tevgera me ya azadiy\u00ea nas dike. Di destp\u00eaka \u015eore\u015fa Rojava de tevl\u00ee nava ref\u00ean azadiy\u00ea dibe. Hevr\u00eaya me Agir\u00ee Zagros xwe di nava tevgera azadiy\u00ea, di xeta jina azad de k\u00fbr dike. Li Rojavay\u00ea Kurdistan\u00ea di hemley\u00ean Hesek\u00ea, \u015eedad\u00ea \u00fb Tebqay\u00ea de cih\u00ea xwe digre. Herwiha xwi\u015fka hevr\u00eaya me Sak\u00eene Cansiz di berxwedana d\u00eerok\u00ee ya Koban\u00ea di sala 2014\u2019an de digih\u00eaje asta \u015fehadet\u00ea. Hevr\u00eaya me Agir\u00ee Zagros j\u00ee di d\u00eeroka 18\u2019y\u00ea \u00c7ileya 2026\u2019an de li Reqay\u00ea tev\u00ee grubek heval di kem\u00eena \u00e7eteyan de digih\u00eaje asta \u015fehadet\u00ea.<br \/>\nHevr\u00eaya me Siyaj\u00een li keleha berxwedan\u00ea Koban\u00ea di nava malbateke welatpar\u00eaz de \u00e7av\u00ean xwe li din\u00ea vedike \u00fb di nava e\u015f\u00eera K\u00eatik\u00ee de mezin dibe. Hevr\u00eaya me Siyaj\u00een zewic\u00ee ye \u00fb di heman dem\u00ea de day\u00eekek e. Jiber welatpar\u00eaziya malbat\u00ea ji zarokt\u00ee ve tevgera azadiy\u00ea nas dike. Hevr\u00ea Siyaj\u00een j\u00ee weke bi hezaran ciwan\u00ean Rojava, \u015fahidiy\u00ea ji \u015fore\u015fa Rojava re dike \u00fb p\u00eal bi p\u00eal di nava v\u00ea \u015eore\u015f\u00ea de mezin dibe. Ev \u00ear\u00ee\u015f\u00ean dijwar y\u00ean dagirkeriy\u00ea li ser Rojava, hevr\u00eaya me, ji n\u00eaz ve, j\u00ea re \u015fahid\u00ee kiriye. Herwiha biray\u00ea hevr\u00eaya me \u015eervan Koro di sala 2015\u2019an de li tevl\u00ee karwan\u00ean \u015feh\u00eedan dibe. Hevr\u00eaya me, xwe di fikir \u00fb felsefeya R\u00eabert\u00ee de bip\u00ea\u015f dixe \u00fb bi sekna xwe ya jixwe bawer \u00fb w\u00earek tevl\u00ee \u015fer\u00ea r\u00fbmet\u00ea dibe \u00fb di d\u00eeroka 18\u2019y\u00ea \u00c7ileya 2026\u2019an li bajar\u00ea Reqa tevl\u00ee karwan\u00ean nemira dibe.<br \/>\nHevr\u00eay\u00ean me Agir\u00ee Zagros \u00fb Siyaj\u00een bi \u015fer\u00ea xwe y\u00ea r\u00fbmet\u00ea b\u00fbn p\u00ea\u015feng\u00ean jiyana azad. Em soz didin r\u00eaheval\u00ean xwe y\u00ean h\u00eaja \u00fb bir\u00fbmet, tu caran em \u00ea ji armanc\u00ean xwe y\u00ean Kurdistanek azad gav pa\u015fde neav\u00eajin \u00fb di xeta jina azad de israr bikin. Em\u00ea hevr\u00eay\u00ean xwe y\u00ean h\u00eaja her di t\u00eako\u015f\u00eena xwe ya azadiy\u00ea de bidin jiy\u00een. Em dubare li hember\u00ee t\u00eako\u015feriya van lehengan bejna xwe ditew\u00eenin \u00fb ji hem\u00fb gel\u00ea xwe y\u00ea welatpar\u00eaz \u00fb berxwed\u00ear re sersaxiy\u00ea dixwazin.<br \/>\nNasnameya Hevr\u00eay\u00ean ya Me Wiha ye:<\/p>\n<p><img loading=\"lazy\" decoding=\"async\" class=\"alignnone wp-image-20499\" src=\"https:\/\/ypjrojava.net\/wp-content\/uploads\/2026\/01\/WhatsApp-Image-2026-01-29-at-02.48.41-1-200x300.jpeg\" alt=\"\" width=\"176\" height=\"266\" \/><\/p>\n<p>Nasnav:\u00a0Agir\u00ee Zagros<br \/>\nNav \u00fb Pa\u015fnav:\u00a0Zeynep Eto<br \/>\nNav\u00ea Day\u00eek\u00ea: Fatma<br \/>\nNav\u00ea Bav: El\u00ee<br \/>\nCih \u00fb D\u00eeroka \u015eehadet\u00ea: 18.01.2026 Reqa<\/p>\n<p><img loading=\"lazy\" decoding=\"async\" class=\"alignnone wp-image-20500\" src=\"https:\/\/ypjrojava.net\/wp-content\/uploads\/2026\/01\/WhatsApp-Image-2026-01-29-at-02.49.12-1-243x300.jpeg\" alt=\"\" width=\"188\" height=\"261\" \/><br \/>\nNasnav:\u00a0S\u00eeyaj\u00een<br \/>\nNav \u00fb Pa\u015fnav:\u00a0D\u00eeyala Koro<br \/>\nNav\u00ea Day\u00eek\u00ea:\u00a0Fer\u00eeda<br \/>\nNav\u00ea Bav:\u00a0Ela\u00ee el d\u00een<br \/>\nCih \u00fb D\u00eeroka \u015eehadet\u00ea:\u00a018.01.2026 Reqa<\/p>\n<p style=\"text-align: center;\"><strong>Silav \u00fb R\u00eaz\u00ean \u015eoreger\u00ee<\/strong><br \/>\n<strong>Fermandariya Gi\u015ft\u00ee ya YPJ<\/strong><br \/>\n<strong>29. 01. 2026<\/strong><\/p>\n<p><iframe loading=\"lazy\" title=\"Bi \u015eer\u00ea Xwe y\u00ea R\u00fbmet\u00ea B\u00fbn P\u00ea\u015feng\u00ean Jiyana Azad #YPJ\" width=\"696\" height=\"392\" src=\"https:\/\/www.youtube.com\/embed\/uE3-8UCZ2dA?feature=oembed\" frameborder=\"0\" allow=\"accelerometer; autoplay; clipboard-write; encrypted-media; gyroscope; picture-in-picture; web-share\" referrerpolicy=\"strict-origin-when-cross-origin\" allowfullscreen><\/iframe><\/p>\n","protected":false},"excerpt":{"rendered":"<p>Di 6\u2019\u00ea \u00c7iley\u00ea \u00fb \u015f\u00fbnde h\u00eaz\u00ean hik\u00fbmeta veguh\u00eaz a \u015eam\u00ea \u00fb dewlete Tirk a dagirker bi her c\u00fbre tekn\u00eeka xwe ya p\u00ea\u015fket\u00ee \u00ear\u00ee\u015f\u00ean dijwar \u00fb nemerdane li dij\u00ee gel\u00ea me y\u00ea welatpar\u00eaz dime\u015f\u00eenin. Hevr\u00eaya me Agir\u00ee Zagros \u00fb Siyaj\u00een bi ruh\u00ea t\u00eako\u015f\u00een \u00fb berxwedaniya xwe li dij\u00ee van \u00ear\u00ee\u015fan sekin\u00een \u00fb b\u00fbn p\u00ea\u015feng\u00ean t\u00eako\u015f\u00eena me. [&hellip;]<\/p>\n","protected":false},"author":1,"featured_media":20504,"comment_status":"closed","ping_status":"closed","sticky":false,"template":"","format":"standard","meta":{"footnotes":""},"categories":[102,39,41,50,40],"tags":[],"class_list":{"0":"post-20498","1":"post","2":"type-post","3":"status-publish","4":"format-standard","5":"has-post-thumbnail","7":"category-102","8":"category-daxuyani","9":"category-dimen","10":"category-sahid","11":"category-wene"},"_links":{"self":[{"href":"https:\/\/ypjrojava.net\/index.php?rest_route=\/wp\/v2\/posts\/20498","targetHints":{"allow":["GET"]}}],"collection":[{"href":"https:\/\/ypjrojava.net\/index.php?rest_route=\/wp\/v2\/posts"}],"about":[{"href":"https:\/\/ypjrojava.net\/index.php?rest_route=\/wp\/v2\/types\/post"}],"author":[{"embeddable":true,"href":"https:\/\/ypjrojava.net\/index.php?rest_route=\/wp\/v2\/users\/1"}],"replies":[{"embeddable":true,"href":"https:\/\/ypjrojava.net\/index.php?rest_route=%2Fwp%2Fv2%2Fcomments&post=20498"}],"version-history":[{"count":2,"href":"https:\/\/ypjrojava.net\/index.php?rest_route=\/wp\/v2\/posts\/20498\/revisions"}],"predecessor-version":[{"id":20505,"href":"https:\/\/ypjrojava.net\/index.php?rest_route=\/wp\/v2\/posts\/20498\/revisions\/20505"}],"wp:featuredmedia":[{"embeddable":true,"href":"https:\/\/ypjrojava.net\/index.php?rest_route=\/wp\/v2\/media\/20504"}],"wp:attachment":[{"href":"https:\/\/ypjrojava.net\/index.php?rest_route=%2Fwp%2Fv2%2Fmedia&parent=20498"}],"wp:term":[{"taxonomy":"category","embeddable":true,"href":"https:\/\/ypjrojava.net\/index.php?rest_route=%2Fwp%2Fv2%2Fcategories&post=20498"},{"taxonomy":"post_tag","embeddable":true,"href":"https:\/\/ypjrojava.net\/index.php?rest_route=%2Fwp%2Fv2%2Ftags&post=20498"}],"curies":[{"name":"wp","href":"https:\/\/api.w.org\/{rel}","templated":true}]}}