{"id":20944,"date":"2026-03-06T13:47:31","date_gmt":"2026-03-06T13:47:31","guid":{"rendered":"https:\/\/ypjrojava.net\/?p=20944"},"modified":"2026-03-06T13:48:03","modified_gmt":"2026-03-06T13:48:03","slug":"20944","status":"publish","type":"post","link":"https:\/\/ypjrojava.net\/?p=20944","title":{"rendered":"Ji Qad\u00ean Teko\u015fin\u00ea Silav\u00ean 8\u00ea Adar\u00ea Ber Bi Tevahi Jin\u00ean Cihan\u00ea Re"},"content":{"rendered":"<p>Ji qad\u00ean berxwedan\u00ea, \u015fervana YPJ \u00ea Canroj bi boneya Roja Jin\u00ean C\u00eehan\u00ea, ku dikeve 8 \u00ea Adar\u00ea, p\u00eerozbahiy\u00ean xwe li hem\u00fb jin\u00ean li Rojava \u00fb li \u00e7ar aliy\u00ea c\u00eehan\u00ea kir. W\u00ea teqez kir ku ev roj ji bo her jinek\u00ea ku ji bo azad\u00ee \u00fb r\u00fbmet\u00ea t\u00eadiko\u015fe, rojek d\u00eerok\u00ee \u00fb gir\u00eeng e.<\/p>\n<p>Hevala Canroj j\u00ee v\u00ea roj\u00ea li R\u00eaber Apo \u00fb hem\u00fb \u015feh\u00eedan p\u00eeroz kir \u00fb destn\u00ee\u015fan kir ku destkeftiy\u00ean ku jinan bi dest xistine, berhema v\u00eezyona R\u00eaber Apo \u00fb \u015feh\u00eed\u00ean ku bi xw\u00eena xwe r\u00eaya azadiy\u00ea vekirine ne.<\/p>\n<p>Di axaftina xwe de, Canroj rola p\u00ea\u015feng a Yek\u00eeney\u00ean Parastina Jinan (YPJ) bi b\u00eer xist \u00fb pi\u015ftrast kir ku YPJ di p\u00ea\u015fengiya wan kesan de b\u00fb ku be\u015fdar\u00ee t\u00eakbirina r\u00eaxistina teror\u00eest a DAI\u015e \u00ea b\u00fbn \u00fb tar\u00eetiya ku hewl da li ser gel\u00ean her\u00eam\u00ea \u00fb bi taybet\u00ee li ser jinan ferz bike \u015fikandin.<\/p>\n<p>\u015eervana YPJ Canroj peyamek ji hem\u00fb jin\u00ean c\u00eehan\u00ea \u00fb raya gi\u015ft\u00ee ya navnetewey\u00ee re \u015fand \u00fb teqez kir ku Yek\u00eeney\u00ean Parastina Jinan (YPJ) d\u00ea bi t\u00eako\u015f\u00een\u00ea ve gir\u00eaday\u00ee bim\u00eenin \u00fb d\u00ea neh\u00ealin xw\u00eena \u015feh\u00eed\u00ean xwe b\u00ea feyde were rijandin. W\u00ea pi\u015ftrast kir ku YPJ d\u00ea r\u00eaya berxwedan\u00ea bidom\u00eene heta ku jiyaneke azad \u00fb bi r\u00fbmet ji bo hem\u00fb jinan p\u00eak were, \u00fb civakek were avakirin ku edalet \u00fb wekhev\u00ee ji bo hem\u00fb endam\u00ean w\u00ea serdest be.<\/p>\n<p>\u015eervana YPJ Canroj peyama xwe bi silavkirina her \u015fervanek jin \u00fb dayik\u00ean \u015feh\u00eedan bi daw\u00ee kir, \u00fb pi\u015ftrast kir ku 8 \u00ea Adar\u00ea d\u00ea bibe sembola berxwedan \u00fb israra jinan li hember neheq\u00ee \u00fb zordariy\u00ea.<\/p>\n<p><iframe loading=\"lazy\" title=\"Ji Qad\u00ean Teko\u015fin\u00ea Silav\u00ean 8\u00ea Adar\u00ea Ber Bi Tevahi Jin\u00ean Cihan\u00ea Re\" width=\"696\" height=\"392\" src=\"https:\/\/www.youtube.com\/embed\/fCSQzZI-jSs?feature=oembed\" frameborder=\"0\" allow=\"accelerometer; autoplay; clipboard-write; encrypted-media; gyroscope; picture-in-picture; web-share\" referrerpolicy=\"strict-origin-when-cross-origin\" allowfullscreen><\/iframe><\/p>\n<p><img loading=\"lazy\" decoding=\"async\" class=\"alignnone size-medium wp-image-20946\" src=\"https:\/\/ypjrojava.net\/wp-content\/uploads\/2026\/03\/servan-ypjcanroj-1-300x200.jpg\" alt=\"\" width=\"300\" height=\"200\" srcset=\"https:\/\/ypjrojava.net\/wp-content\/uploads\/2026\/03\/servan-ypjcanroj-1-300x200.jpg 300w, https:\/\/ypjrojava.net\/wp-content\/uploads\/2026\/03\/servan-ypjcanroj-1-1024x683.jpg 1024w, https:\/\/ypjrojava.net\/wp-content\/uploads\/2026\/03\/servan-ypjcanroj-1-768x512.jpg 768w, https:\/\/ypjrojava.net\/wp-content\/uploads\/2026\/03\/servan-ypjcanroj-1-1536x1024.jpg 1536w, https:\/\/ypjrojava.net\/wp-content\/uploads\/2026\/03\/servan-ypjcanroj-1-2048x1365.jpg 2048w, https:\/\/ypjrojava.net\/wp-content\/uploads\/2026\/03\/servan-ypjcanroj-1-630x420.jpg 630w, https:\/\/ypjrojava.net\/wp-content\/uploads\/2026\/03\/servan-ypjcanroj-1-150x100.jpg 150w, https:\/\/ypjrojava.net\/wp-content\/uploads\/2026\/03\/servan-ypjcanroj-1-696x464.jpg 696w, https:\/\/ypjrojava.net\/wp-content\/uploads\/2026\/03\/servan-ypjcanroj-1-1068x712.jpg 1068w, https:\/\/ypjrojava.net\/wp-content\/uploads\/2026\/03\/servan-ypjcanroj-1-1920x1280.jpg 1920w\" sizes=\"auto, (max-width: 300px) 100vw, 300px\" \/> <img loading=\"lazy\" decoding=\"async\" class=\"alignnone size-medium wp-image-20947\" src=\"https:\/\/ypjrojava.net\/wp-content\/uploads\/2026\/03\/servan-ypjcanroj-2-300x200.jpg\" alt=\"\" width=\"300\" height=\"200\" srcset=\"https:\/\/ypjrojava.net\/wp-content\/uploads\/2026\/03\/servan-ypjcanroj-2-300x200.jpg 300w, https:\/\/ypjrojava.net\/wp-content\/uploads\/2026\/03\/servan-ypjcanroj-2-1024x683.jpg 1024w, https:\/\/ypjrojava.net\/wp-content\/uploads\/2026\/03\/servan-ypjcanroj-2-768x512.jpg 768w, https:\/\/ypjrojava.net\/wp-content\/uploads\/2026\/03\/servan-ypjcanroj-2-1536x1024.jpg 1536w, https:\/\/ypjrojava.net\/wp-content\/uploads\/2026\/03\/servan-ypjcanroj-2-2048x1365.jpg 2048w, https:\/\/ypjrojava.net\/wp-content\/uploads\/2026\/03\/servan-ypjcanroj-2-630x420.jpg 630w, https:\/\/ypjrojava.net\/wp-content\/uploads\/2026\/03\/servan-ypjcanroj-2-150x100.jpg 150w, https:\/\/ypjrojava.net\/wp-content\/uploads\/2026\/03\/servan-ypjcanroj-2-696x464.jpg 696w, https:\/\/ypjrojava.net\/wp-content\/uploads\/2026\/03\/servan-ypjcanroj-2-1068x712.jpg 1068w, https:\/\/ypjrojava.net\/wp-content\/uploads\/2026\/03\/servan-ypjcanroj-2-1920x1280.jpg 1920w\" sizes=\"auto, (max-width: 300px) 100vw, 300px\" \/> <img loading=\"lazy\" decoding=\"async\" class=\"alignnone size-medium wp-image-20948\" src=\"https:\/\/ypjrojava.net\/wp-content\/uploads\/2026\/03\/servan-ypjcanroj-3-300x200.jpg\" alt=\"\" width=\"300\" height=\"200\" srcset=\"https:\/\/ypjrojava.net\/wp-content\/uploads\/2026\/03\/servan-ypjcanroj-3-300x200.jpg 300w, https:\/\/ypjrojava.net\/wp-content\/uploads\/2026\/03\/servan-ypjcanroj-3-1024x683.jpg 1024w, https:\/\/ypjrojava.net\/wp-content\/uploads\/2026\/03\/servan-ypjcanroj-3-768x512.jpg 768w, https:\/\/ypjrojava.net\/wp-content\/uploads\/2026\/03\/servan-ypjcanroj-3-1536x1024.jpg 1536w, https:\/\/ypjrojava.net\/wp-content\/uploads\/2026\/03\/servan-ypjcanroj-3-2048x1365.jpg 2048w, https:\/\/ypjrojava.net\/wp-content\/uploads\/2026\/03\/servan-ypjcanroj-3-630x420.jpg 630w, https:\/\/ypjrojava.net\/wp-content\/uploads\/2026\/03\/servan-ypjcanroj-3-150x100.jpg 150w, https:\/\/ypjrojava.net\/wp-content\/uploads\/2026\/03\/servan-ypjcanroj-3-696x464.jpg 696w, https:\/\/ypjrojava.net\/wp-content\/uploads\/2026\/03\/servan-ypjcanroj-3-1068x712.jpg 1068w, https:\/\/ypjrojava.net\/wp-content\/uploads\/2026\/03\/servan-ypjcanroj-3-1920x1280.jpg 1920w\" sizes=\"auto, (max-width: 300px) 100vw, 300px\" \/> <img loading=\"lazy\" decoding=\"async\" class=\"alignnone size-medium wp-image-20949\" src=\"https:\/\/ypjrojava.net\/wp-content\/uploads\/2026\/03\/servan-ypjcanroj-4-300x200.jpg\" alt=\"\" width=\"300\" height=\"200\" srcset=\"https:\/\/ypjrojava.net\/wp-content\/uploads\/2026\/03\/servan-ypjcanroj-4-300x200.jpg 300w, https:\/\/ypjrojava.net\/wp-content\/uploads\/2026\/03\/servan-ypjcanroj-4-1024x683.jpg 1024w, https:\/\/ypjrojava.net\/wp-content\/uploads\/2026\/03\/servan-ypjcanroj-4-768x512.jpg 768w, https:\/\/ypjrojava.net\/wp-content\/uploads\/2026\/03\/servan-ypjcanroj-4-1536x1024.jpg 1536w, https:\/\/ypjrojava.net\/wp-content\/uploads\/2026\/03\/servan-ypjcanroj-4-2048x1365.jpg 2048w, https:\/\/ypjrojava.net\/wp-content\/uploads\/2026\/03\/servan-ypjcanroj-4-630x420.jpg 630w, https:\/\/ypjrojava.net\/wp-content\/uploads\/2026\/03\/servan-ypjcanroj-4-150x100.jpg 150w, https:\/\/ypjrojava.net\/wp-content\/uploads\/2026\/03\/servan-ypjcanroj-4-696x464.jpg 696w, https:\/\/ypjrojava.net\/wp-content\/uploads\/2026\/03\/servan-ypjcanroj-4-1068x712.jpg 1068w, https:\/\/ypjrojava.net\/wp-content\/uploads\/2026\/03\/servan-ypjcanroj-4-1920x1280.jpg 1920w\" sizes=\"auto, (max-width: 300px) 100vw, 300px\" \/><\/p>\n<p style=\"text-align: center;\"><strong>Navenda Ragihandina YPJ<\/strong><\/p>\n<p style=\"text-align: center;\"><strong>4\u00ea Adar\u00ea, 2026<\/strong><\/p>\n","protected":false},"excerpt":{"rendered":"<p>Ji qad\u00ean berxwedan\u00ea, \u015fervana YPJ \u00ea Canroj bi boneya Roja Jin\u00ean C\u00eehan\u00ea, ku dikeve 8 \u00ea Adar\u00ea, p\u00eerozbahiy\u00ean xwe li hem\u00fb jin\u00ean li Rojava \u00fb li \u00e7ar aliy\u00ea c\u00eehan\u00ea kir. W\u00ea teqez kir ku ev roj ji bo her jinek\u00ea ku ji bo azad\u00ee \u00fb r\u00fbmet\u00ea t\u00eadiko\u015fe, rojek d\u00eerok\u00ee \u00fb gir\u00eeng e. Hevala Canroj j\u00ee [&hellip;]<\/p>\n","protected":false},"author":1,"featured_media":20945,"comment_status":"closed","ping_status":"closed","sticky":false,"template":"","format":"standard","meta":{"footnotes":""},"categories":[102,41,38,40],"tags":[],"class_list":{"0":"post-20944","1":"post","2":"type-post","3":"status-publish","4":"format-standard","5":"has-post-thumbnail","7":"category-102","8":"category-dimen","9":"category-nuce","10":"category-wene"},"_links":{"self":[{"href":"https:\/\/ypjrojava.net\/index.php?rest_route=\/wp\/v2\/posts\/20944","targetHints":{"allow":["GET"]}}],"collection":[{"href":"https:\/\/ypjrojava.net\/index.php?rest_route=\/wp\/v2\/posts"}],"about":[{"href":"https:\/\/ypjrojava.net\/index.php?rest_route=\/wp\/v2\/types\/post"}],"author":[{"embeddable":true,"href":"https:\/\/ypjrojava.net\/index.php?rest_route=\/wp\/v2\/users\/1"}],"replies":[{"embeddable":true,"href":"https:\/\/ypjrojava.net\/index.php?rest_route=%2Fwp%2Fv2%2Fcomments&post=20944"}],"version-history":[{"count":2,"href":"https:\/\/ypjrojava.net\/index.php?rest_route=\/wp\/v2\/posts\/20944\/revisions"}],"predecessor-version":[{"id":20951,"href":"https:\/\/ypjrojava.net\/index.php?rest_route=\/wp\/v2\/posts\/20944\/revisions\/20951"}],"wp:featuredmedia":[{"embeddable":true,"href":"https:\/\/ypjrojava.net\/index.php?rest_route=\/wp\/v2\/media\/20945"}],"wp:attachment":[{"href":"https:\/\/ypjrojava.net\/index.php?rest_route=%2Fwp%2Fv2%2Fmedia&parent=20944"}],"wp:term":[{"taxonomy":"category","embeddable":true,"href":"https:\/\/ypjrojava.net\/index.php?rest_route=%2Fwp%2Fv2%2Fcategories&post=20944"},{"taxonomy":"post_tag","embeddable":true,"href":"https:\/\/ypjrojava.net\/index.php?rest_route=%2Fwp%2Fv2%2Ftags&post=20944"}],"curies":[{"name":"wp","href":"https:\/\/api.w.org\/{rel}","templated":true}]}}