{"id":20999,"date":"2026-03-09T08:41:00","date_gmt":"2026-03-09T08:41:00","guid":{"rendered":"https:\/\/ypjrojava.net\/?p=20999"},"modified":"2026-03-09T09:11:43","modified_gmt":"2026-03-09T09:11:43","slug":"hezen-leskeri-bi-merasimeke-bi-heybet-8e-adare-piroz-kirin","status":"publish","type":"post","link":"https:\/\/ypjrojava.net\/?p=20999","title":{"rendered":"H\u00eaz\u00ean Le\u015fker\u00ee Bi Meras\u00eemeke Bi Heybet 8\u2019\u00ea Adar\u00ea P\u00eeroz Kirin"},"content":{"rendered":"<p>Bi boneya 8\u2019\u00ea Adar\u00ea \u00eero meras\u00eemek bi heybet hate lidarxistin. Merasim li Hesek\u00ea ji aliy\u00ea bi sedan \u015fervan \u00fb fermandar\u00ean YPJ\u2019\u00ea \u00fb day\u00eek\u00ean \u015eeh\u00eedan ve hate p\u00eerozkirin. Li cih\u00ea meras\u00eem\u00ea w\u00eaney\u00ean R\u00eabert\u00ee \u00fb \u015eeh\u00eedan \u00fb al\u00ean YPJ\u2019\u00ea hatin daliqandin. Merasim bi toreneke le\u015fkeri hate lidarxistin.<\/p>\n<p>Pi\u015ftre li ser nav\u00ea Endama Fermandariya Gi\u015ft\u00ee ya YPJ\u2019\u00ea \u00fb QSD\u2019\u00ea Newroz Ehmed axiv\u00ee \u00fb 8\u2019\u00ea Adar\u00ea destp\u00eak\u00ea li m\u00eemar\u00ea afir\u00eener\u00ea jiyana azad R\u00eaber APO, tevah\u00ee \u015fervan\u00ean azadiy\u00ea \u00fb jin\u00ean c\u00eehan\u00ea p\u00eeroz kir \u00fb an\u00ee ziman ku jinan di v\u00ea roj\u00ea de, di destp\u00eakirina jiyan \u00fb mirovahiy\u00ea de b\u00fbn m\u00eemar\u00ea esas\u00ee y\u00ea v\u00ea jiyan\u00ea \u00fb wiha an\u00ee ziman: \u2018Jinan bi berhem\u00ean xwe, bi \u00e7anda xwe jiyaneke n\u00fb ji bo tevah\u00ee mirovahiy\u00ea afirand. Bi sekna xwe, bi jiyana xwe bi afrener\u00ee ava kiriye. L\u00ea desthilatdariy\u00ea di \u015fexs\u00ea jin\u00ea de jiyan qetil kir \u00fb tar\u00ee kir, bi v\u00ee \u015f\u00eawaz\u00ee serweriya xwe li ser tevah\u00ee c\u00eehan\u00ea hak\u00eem kir \u00fb heta roja me ya \u00eero j\u00ee heye. Di \u015fexs\u00ea jin\u00ea de jiyan \u00fb civak\u00ea qetil dikin. Bi van \u00ear\u00ee\u015fan dixwazin yek rengiy\u00ea bidin avakirin\u2019.<\/p>\n<p>Newroz Ehmed diyar kir ku hevr\u00eay\u00ean me y\u00ean weke Den\u00eezan, S\u00eedaran, \u015e\u00eelanan, \u00celanan \u00fb Ziyadan bi beden\u00ean xwe li hember\u00ee v\u00ea pergal\u00ea sekin\u00een \u00fb wiha an\u00ee ziman: \u2018Me \u00e7awa ku t\u00eako\u015f\u00eena xwe berdewam kiriye, taybet di \u00eesal de j\u00ee tevgera jina bi gotina ku \u2018Dem dema jin\u00ea ye\u2019 em v\u00ea sedsal\u00ea bikine sedsala dema jin\u00ea. Em \u00ea ji her dem\u00ea z\u00eadetir bibin xwed\u00ee v\u00ea sekn\u00ea, ji ber h\u00eena j\u00ee pir r\u00eaheval\u00ean me di dest\u00ea \u00e7eteyan de d\u00eelgirtine. Ji bo azadiya tevah\u00ee jin\u00ean d\u00eel girt\u00ee \u00e7i t\u00eako\u015f\u00een ji me were xwestin em \u00ea bikin.<\/p>\n<p>Di dawiy\u00ea de Fermandariya Gi\u015ft\u00ee ya YPJ\u2019\u00ea Newroz Ehmed diyar kir ku di v\u00ea dem\u00ea de p\u00eaw\u00eestiya me bi hevgirtina t\u00eako\u015f\u00eena hevpar ya azad\u00ee \u00fb demokrasiy\u00ea heye. Em\u00ea ne tene 8\u2019\u00ea Adar\u00ea em \u00ea hem\u00fb k\u00ealiy\u00ean jiyan xwe bikin k\u00ealiy\u00ean t\u00eako\u015f\u00een\u00ea.<\/p>\n<p>Pi\u015ftre silogan\u00ean \u2018B\u00ea Serok Jiyan Nabe\u2019, \u2018Bij\u00ee Serok APO\u2019, \u2018Jin Jiyan Azad\u00ee\u2019 \u00fb \u2018\u015eeh\u00eed Namirin\u2019 hatin berzkirin. Pi\u015ftre ji aliy\u00ea Fermandariya Gi\u015ft\u00ee ve gul li \u015fervanan hatin belavkirin. Di dawiy\u00ea de \u015fervanan bere xwe dan goristana \u015eeh\u00eed Diwar ya Hesek\u00ea \u00fb gul dan\u00een ser gor\u00ean \u015feh\u00eedan.<\/p>\n<p><iframe loading=\"lazy\" title=\"H\u00eaz\u00ean Le\u015fker\u00ee Bi Meras\u00eemeke Bi Heybet 8\u2019\u00ea Adar\u00ea P\u00eeroz Kirin\" width=\"696\" height=\"392\" src=\"https:\/\/www.youtube.com\/embed\/RDO3DGF0ry4?feature=oembed\" frameborder=\"0\" allow=\"accelerometer; autoplay; clipboard-write; encrypted-media; gyroscope; picture-in-picture; web-share\" referrerpolicy=\"strict-origin-when-cross-origin\" allowfullscreen><\/iframe><\/p>\n<p><img loading=\"lazy\" decoding=\"async\" class=\"alignnone size-medium wp-image-21002\" src=\"https:\/\/ypjrojava.net\/wp-content\/uploads\/2026\/03\/HASEKE-TORENA-ASKERI-2026-1-300x169.png\" alt=\"\" width=\"300\" height=\"169\" srcset=\"https:\/\/ypjrojava.net\/wp-content\/uploads\/2026\/03\/HASEKE-TORENA-ASKERI-2026-1-300x169.png 300w, https:\/\/ypjrojava.net\/wp-content\/uploads\/2026\/03\/HASEKE-TORENA-ASKERI-2026-1-1024x576.png 1024w, https:\/\/ypjrojava.net\/wp-content\/uploads\/2026\/03\/HASEKE-TORENA-ASKERI-2026-1-768x432.png 768w, https:\/\/ypjrojava.net\/wp-content\/uploads\/2026\/03\/HASEKE-TORENA-ASKERI-2026-1-1536x864.png 1536w, https:\/\/ypjrojava.net\/wp-content\/uploads\/2026\/03\/HASEKE-TORENA-ASKERI-2026-1-747x420.png 747w, https:\/\/ypjrojava.net\/wp-content\/uploads\/2026\/03\/HASEKE-TORENA-ASKERI-2026-1-150x84.png 150w, https:\/\/ypjrojava.net\/wp-content\/uploads\/2026\/03\/HASEKE-TORENA-ASKERI-2026-1-696x392.png 696w, https:\/\/ypjrojava.net\/wp-content\/uploads\/2026\/03\/HASEKE-TORENA-ASKERI-2026-1-1068x601.png 1068w, https:\/\/ypjrojava.net\/wp-content\/uploads\/2026\/03\/HASEKE-TORENA-ASKERI-2026-1.png 1920w\" sizes=\"auto, (max-width: 300px) 100vw, 300px\" \/> \u00a0<img loading=\"lazy\" decoding=\"async\" class=\"alignnone size-medium wp-image-21004\" src=\"https:\/\/ypjrojava.net\/wp-content\/uploads\/2026\/03\/HASEKE-TORENA-ASKERI-2026-3-300x169.png\" alt=\"\" width=\"300\" height=\"169\" srcset=\"https:\/\/ypjrojava.net\/wp-content\/uploads\/2026\/03\/HASEKE-TORENA-ASKERI-2026-3-300x169.png 300w, https:\/\/ypjrojava.net\/wp-content\/uploads\/2026\/03\/HASEKE-TORENA-ASKERI-2026-3-1024x576.png 1024w, https:\/\/ypjrojava.net\/wp-content\/uploads\/2026\/03\/HASEKE-TORENA-ASKERI-2026-3-768x432.png 768w, https:\/\/ypjrojava.net\/wp-content\/uploads\/2026\/03\/HASEKE-TORENA-ASKERI-2026-3-1536x864.png 1536w, https:\/\/ypjrojava.net\/wp-content\/uploads\/2026\/03\/HASEKE-TORENA-ASKERI-2026-3-747x420.png 747w, https:\/\/ypjrojava.net\/wp-content\/uploads\/2026\/03\/HASEKE-TORENA-ASKERI-2026-3-150x84.png 150w, https:\/\/ypjrojava.net\/wp-content\/uploads\/2026\/03\/HASEKE-TORENA-ASKERI-2026-3-696x392.png 696w, https:\/\/ypjrojava.net\/wp-content\/uploads\/2026\/03\/HASEKE-TORENA-ASKERI-2026-3-1068x601.png 1068w, https:\/\/ypjrojava.net\/wp-content\/uploads\/2026\/03\/HASEKE-TORENA-ASKERI-2026-3.png 1920w\" sizes=\"auto, (max-width: 300px) 100vw, 300px\" \/> <img loading=\"lazy\" decoding=\"async\" class=\"alignnone size-medium wp-image-21005\" src=\"https:\/\/ypjrojava.net\/wp-content\/uploads\/2026\/03\/HASEKE-TORENA-ASKERI-2026-4-300x169.png\" alt=\"\" width=\"300\" height=\"169\" srcset=\"https:\/\/ypjrojava.net\/wp-content\/uploads\/2026\/03\/HASEKE-TORENA-ASKERI-2026-4-300x169.png 300w, https:\/\/ypjrojava.net\/wp-content\/uploads\/2026\/03\/HASEKE-TORENA-ASKERI-2026-4-1024x576.png 1024w, https:\/\/ypjrojava.net\/wp-content\/uploads\/2026\/03\/HASEKE-TORENA-ASKERI-2026-4-768x432.png 768w, https:\/\/ypjrojava.net\/wp-content\/uploads\/2026\/03\/HASEKE-TORENA-ASKERI-2026-4-1536x864.png 1536w, https:\/\/ypjrojava.net\/wp-content\/uploads\/2026\/03\/HASEKE-TORENA-ASKERI-2026-4-747x420.png 747w, https:\/\/ypjrojava.net\/wp-content\/uploads\/2026\/03\/HASEKE-TORENA-ASKERI-2026-4-150x84.png 150w, https:\/\/ypjrojava.net\/wp-content\/uploads\/2026\/03\/HASEKE-TORENA-ASKERI-2026-4-696x392.png 696w, https:\/\/ypjrojava.net\/wp-content\/uploads\/2026\/03\/HASEKE-TORENA-ASKERI-2026-4-1068x601.png 1068w, https:\/\/ypjrojava.net\/wp-content\/uploads\/2026\/03\/HASEKE-TORENA-ASKERI-2026-4.png 1920w\" sizes=\"auto, (max-width: 300px) 100vw, 300px\" \/> <img loading=\"lazy\" decoding=\"async\" class=\"alignnone size-medium wp-image-21006\" src=\"https:\/\/ypjrojava.net\/wp-content\/uploads\/2026\/03\/HASEKE-TORENA-ASKERI-2026-5-300x169.png\" alt=\"\" width=\"300\" height=\"169\" srcset=\"https:\/\/ypjrojava.net\/wp-content\/uploads\/2026\/03\/HASEKE-TORENA-ASKERI-2026-5-300x169.png 300w, https:\/\/ypjrojava.net\/wp-content\/uploads\/2026\/03\/HASEKE-TORENA-ASKERI-2026-5-1024x576.png 1024w, https:\/\/ypjrojava.net\/wp-content\/uploads\/2026\/03\/HASEKE-TORENA-ASKERI-2026-5-768x432.png 768w, https:\/\/ypjrojava.net\/wp-content\/uploads\/2026\/03\/HASEKE-TORENA-ASKERI-2026-5-1536x864.png 1536w, https:\/\/ypjrojava.net\/wp-content\/uploads\/2026\/03\/HASEKE-TORENA-ASKERI-2026-5-747x420.png 747w, https:\/\/ypjrojava.net\/wp-content\/uploads\/2026\/03\/HASEKE-TORENA-ASKERI-2026-5-150x84.png 150w, https:\/\/ypjrojava.net\/wp-content\/uploads\/2026\/03\/HASEKE-TORENA-ASKERI-2026-5-696x392.png 696w, https:\/\/ypjrojava.net\/wp-content\/uploads\/2026\/03\/HASEKE-TORENA-ASKERI-2026-5-1068x601.png 1068w, https:\/\/ypjrojava.net\/wp-content\/uploads\/2026\/03\/HASEKE-TORENA-ASKERI-2026-5.png 1920w\" sizes=\"auto, (max-width: 300px) 100vw, 300px\" \/> <img loading=\"lazy\" decoding=\"async\" class=\"alignnone size-medium wp-image-21007\" src=\"https:\/\/ypjrojava.net\/wp-content\/uploads\/2026\/03\/HASEKE-TORENA-ASKERI-2026-6-300x169.png\" alt=\"\" width=\"300\" height=\"169\" srcset=\"https:\/\/ypjrojava.net\/wp-content\/uploads\/2026\/03\/HASEKE-TORENA-ASKERI-2026-6-300x169.png 300w, https:\/\/ypjrojava.net\/wp-content\/uploads\/2026\/03\/HASEKE-TORENA-ASKERI-2026-6-1024x576.png 1024w, https:\/\/ypjrojava.net\/wp-content\/uploads\/2026\/03\/HASEKE-TORENA-ASKERI-2026-6-768x432.png 768w, https:\/\/ypjrojava.net\/wp-content\/uploads\/2026\/03\/HASEKE-TORENA-ASKERI-2026-6-1536x864.png 1536w, https:\/\/ypjrojava.net\/wp-content\/uploads\/2026\/03\/HASEKE-TORENA-ASKERI-2026-6-747x420.png 747w, https:\/\/ypjrojava.net\/wp-content\/uploads\/2026\/03\/HASEKE-TORENA-ASKERI-2026-6-150x84.png 150w, https:\/\/ypjrojava.net\/wp-content\/uploads\/2026\/03\/HASEKE-TORENA-ASKERI-2026-6-696x392.png 696w, https:\/\/ypjrojava.net\/wp-content\/uploads\/2026\/03\/HASEKE-TORENA-ASKERI-2026-6-1068x601.png 1068w, https:\/\/ypjrojava.net\/wp-content\/uploads\/2026\/03\/HASEKE-TORENA-ASKERI-2026-6.png 1920w\" sizes=\"auto, (max-width: 300px) 100vw, 300px\" \/> <img loading=\"lazy\" decoding=\"async\" class=\"alignnone size-medium wp-image-21008\" src=\"https:\/\/ypjrojava.net\/wp-content\/uploads\/2026\/03\/HASEKE-TORENA-ASKERI-2026-7-300x169.png\" alt=\"\" width=\"300\" height=\"169\" srcset=\"https:\/\/ypjrojava.net\/wp-content\/uploads\/2026\/03\/HASEKE-TORENA-ASKERI-2026-7-300x169.png 300w, https:\/\/ypjrojava.net\/wp-content\/uploads\/2026\/03\/HASEKE-TORENA-ASKERI-2026-7-1024x576.png 1024w, https:\/\/ypjrojava.net\/wp-content\/uploads\/2026\/03\/HASEKE-TORENA-ASKERI-2026-7-768x432.png 768w, https:\/\/ypjrojava.net\/wp-content\/uploads\/2026\/03\/HASEKE-TORENA-ASKERI-2026-7-1536x864.png 1536w, https:\/\/ypjrojava.net\/wp-content\/uploads\/2026\/03\/HASEKE-TORENA-ASKERI-2026-7-747x420.png 747w, https:\/\/ypjrojava.net\/wp-content\/uploads\/2026\/03\/HASEKE-TORENA-ASKERI-2026-7-150x84.png 150w, https:\/\/ypjrojava.net\/wp-content\/uploads\/2026\/03\/HASEKE-TORENA-ASKERI-2026-7-696x392.png 696w, https:\/\/ypjrojava.net\/wp-content\/uploads\/2026\/03\/HASEKE-TORENA-ASKERI-2026-7-1068x601.png 1068w, https:\/\/ypjrojava.net\/wp-content\/uploads\/2026\/03\/HASEKE-TORENA-ASKERI-2026-7.png 1920w\" sizes=\"auto, (max-width: 300px) 100vw, 300px\" \/><\/p>\n<p>&nbsp;<\/p>\n<p style=\"text-align: center;\"><strong>Navenda Ragihandina YPJ<\/strong><\/p>\n","protected":false},"excerpt":{"rendered":"<p>Bi boneya 8\u2019\u00ea Adar\u00ea \u00eero meras\u00eemek bi heybet hate lidarxistin. Merasim li Hesek\u00ea ji aliy\u00ea bi sedan \u015fervan \u00fb fermandar\u00ean YPJ\u2019\u00ea \u00fb day\u00eek\u00ean \u015eeh\u00eedan ve hate p\u00eerozkirin. Li cih\u00ea meras\u00eem\u00ea w\u00eaney\u00ean R\u00eabert\u00ee \u00fb \u015eeh\u00eedan \u00fb al\u00ean YPJ\u2019\u00ea hatin daliqandin. Merasim bi toreneke le\u015fkeri hate lidarxistin. Pi\u015ftre li ser nav\u00ea Endama Fermandariya Gi\u015ft\u00ee ya YPJ\u2019\u00ea \u00fb [&hellip;]<\/p>\n","protected":false},"author":1,"featured_media":21000,"comment_status":"closed","ping_status":"closed","sticky":false,"template":"","format":"standard","meta":{"footnotes":""},"categories":[102,41,38],"tags":[],"class_list":{"0":"post-20999","1":"post","2":"type-post","3":"status-publish","4":"format-standard","5":"has-post-thumbnail","7":"category-102","8":"category-dimen","9":"category-nuce"},"_links":{"self":[{"href":"https:\/\/ypjrojava.net\/index.php?rest_route=\/wp\/v2\/posts\/20999","targetHints":{"allow":["GET"]}}],"collection":[{"href":"https:\/\/ypjrojava.net\/index.php?rest_route=\/wp\/v2\/posts"}],"about":[{"href":"https:\/\/ypjrojava.net\/index.php?rest_route=\/wp\/v2\/types\/post"}],"author":[{"embeddable":true,"href":"https:\/\/ypjrojava.net\/index.php?rest_route=\/wp\/v2\/users\/1"}],"replies":[{"embeddable":true,"href":"https:\/\/ypjrojava.net\/index.php?rest_route=%2Fwp%2Fv2%2Fcomments&post=20999"}],"version-history":[{"count":4,"href":"https:\/\/ypjrojava.net\/index.php?rest_route=\/wp\/v2\/posts\/20999\/revisions"}],"predecessor-version":[{"id":21011,"href":"https:\/\/ypjrojava.net\/index.php?rest_route=\/wp\/v2\/posts\/20999\/revisions\/21011"}],"wp:featuredmedia":[{"embeddable":true,"href":"https:\/\/ypjrojava.net\/index.php?rest_route=\/wp\/v2\/media\/21000"}],"wp:attachment":[{"href":"https:\/\/ypjrojava.net\/index.php?rest_route=%2Fwp%2Fv2%2Fmedia&parent=20999"}],"wp:term":[{"taxonomy":"category","embeddable":true,"href":"https:\/\/ypjrojava.net\/index.php?rest_route=%2Fwp%2Fv2%2Fcategories&post=20999"},{"taxonomy":"post_tag","embeddable":true,"href":"https:\/\/ypjrojava.net\/index.php?rest_route=%2Fwp%2Fv2%2Ftags&post=20999"}],"curies":[{"name":"wp","href":"https:\/\/api.w.org\/{rel}","templated":true}]}}