{"id":21015,"date":"2026-03-10T14:32:48","date_gmt":"2026-03-10T14:32:48","guid":{"rendered":"https:\/\/ypjrojava.net\/?p=21015"},"modified":"2026-03-10T14:44:32","modified_gmt":"2026-03-10T14:44:32","slug":"ji-gele-me-u-raya-gisti-re-56","status":"publish","type":"post","link":"https:\/\/ypjrojava.net\/?p=21015","title":{"rendered":"JI GEL\u00ca ME \u00db RAYA GI\u015eT\u00ce RE"},"content":{"rendered":"<p>Kedkar\u00ean jiyana azad w\u00ea her di nava serfiraziya gel\u00ea xwe de bi hem\u00fb xwe\u015fikiyan werin bib\u00eeran\u00een. Jin\u00ean ku bejn \u00fb bala xwe bi azadiy\u00ea xemilandine w\u00ea her di d\u00eeroka mirovahiy\u00ea de werin jiyandin. Hevr\u00eaya me H\u00eazil Arj\u00een j\u00ee wek evladeke h\u00eaja ya li Rojavay\u00ea Kurdistan\u00ea w\u00ea her di nava tevgera me ya azadiy\u00ea de were bib\u00eeran\u00een. Em di ser\u00ee de ji m\u00eemar\u00ea jiyana azad R\u00eaber APO re, ji malbata hevr\u00eaya xwe ya h\u00eaja \u00fb ji tevah\u00ee gele xwe y\u00ea welatpar\u00eaz re sersaxiy\u00ea dixwazin.<\/p>\n<p>Heval H\u00eazil Arj\u00een (\u015e\u00ear\u00een \u00cezed\u00een), di 16\u2019\u00ea Adara 2005\u2019an li bajar\u00ea berxwedan\u00ea, li Qami\u015floy\u00ea \u00e7av\u00ean xwe li c\u00eehan\u00ea vekir. Ew wek\u00ee kul\u00eelkek di nava axa \u015fore\u015f\u00ea de \u015f\u00een b\u00fb \u00fb bi \u00e7anda azadiy\u00ea mezin b\u00fb. Heval Hezil, bi kesayeta xwe ya dilnizm, bi v\u00eena xwe ya xurt \u00fb bi ev\u00eena xwe ya ji bo azadiya jin\u00ea, di nava dil\u00ea heval\u00ean xwe de c\u00eehek\u00ee giranbuha girt. W\u00ea, ruh\u00ea ciwaniy\u00ea bi felsefeya &#8220;Jin, Jiyan, Azad\u00ee&#8221; re kir yek \u00fb di her gava xwe de b\u00fb m\u00eenaka jiyana bir\u00fbme. Em wek\u00ee r\u00eaheval\u00ean w\u00ea v\u00eena w\u00ea ya ji pola a li hember\u00ee zehmetiyan dilsoziya w\u00ea ya ji bo doz\u00ea \u00fb \u015feh\u00eedan herdem ji xwe re m\u00eenak digrin, wek\u00ee m\u00eeraseke mezin ji bo xwe dib\u00eenin. Heval Hezil sembola serhildana li hember\u00ee koletiy\u00ea \u00fb n\u00fbnera me\u015fa ber bi roj\u00ea ve ye. Em soz didin ku xeyal\u00ean w\u00ea y\u00ean ji bo welatek\u00ee azad \u00fb jiyaneke wekhev, di t\u00eako\u015f\u00eena xwe de bidin jiy\u00een. R\u00eaya w\u00ea ronah\u00ee, b\u00eeran\u00eena w\u00ea j\u00ee herdem w\u00ea zind\u00ee be. Heval Hezil, bi ruh\u00ea \u00e7anda Qami\u015floy\u00ea mezin b\u00fb \u00fb ev ruh di kesayeta w\u00ea ya \u015fore\u015fger\u00ee de veguher\u00ee v\u00eenek pola. W\u00ea di temenek\u00ee ciwan de bar\u00ea azadiy\u00ea girt ser mil\u00ean xwe \u00fb n\u00ee\u015fan da ku ciwan\u00ee dem\u00ean her\u00ee bi heybet a serhildan\u00ea ye.<\/p>\n<p>Taybetmendiy\u00ean kesayeta n\u00ee\u015faneya V\u00eena Jina Azad e. \u00a0Heval Hezil b\u00eerdoziya rizgariya jin\u00ea di her gav\u00ean xwe de da jiy\u00een. W\u00ea bawer dikir ku azadiya civak\u00ea ten\u00ea bi azadiya jin\u00ea p\u00eakan e. Gir\u00eadanb\u00fbna bi xak\u00ea re ji ku\u00e7ey\u00ean Qami\u015floy\u00ea heta l\u00fbtkey\u00ean \u00e7iyayan, dil\u00ea w\u00ea hertim ji bo r\u00fbmeta welat\u00ea xwe l\u00ea dida. Ruh\u00ea mil\u00eetan\u00ee \u00a0di kesayeta w\u00ea de daxwazeke mezin a f\u00eamkirin \u00fb p\u00eakan\u00eena jiyana n\u00fb afirandib\u00fb. Ew n\u00fbnera w\u00ea nif\u015f\u00ea ye ku felsefeya &#8220;Jin, Jiyan, Azad\u00ee&#8221; kiriye bingeha jiyana xwe. Em \u00eero bi r\u00eazdar\u00ee bejna xwe li ber tevahe \u015feh\u00eed\u00ean \u015fore\u015fe ditew\u00eenin. Ew\u00ea di her straneke azadiy\u00ea de, di her til\u00eeliy\u00ean dayik\u00ean me de \u00fb di her \u00e7eka ku li dij\u00ee dagirkeriy\u00ea t\u00ea teqandin de bij\u00ee. R\u00eaya w\u00ea, r\u00eaya me ye; armanca w\u00ea, soza me ya serkeftin\u00ea ye. Heval Hezil, di hem\u00fb erk\u00ean ku girte ser mil\u00ea xwe de teqez serket\u00ee b\u00fb. Ber\u00ea w\u00ea hertim li R\u00eabertiya azad b\u00fb, ji ber w\u00ea j\u00ee tucara binketin ji xwe re qeb\u00fbl nedikir. Hertim ber\u00ea w\u00ea avakirina civaka demokrat\u00eek \u00a0\u00fb azadiya R\u00eaber Apo b\u00fb. Ew li r\u00eabaz\u00ea xwey\u00ea jiyan\u00ea de pir xwezay\u00ee \u00fb dilnizm b\u00fb. Rehevala me wek\u00ee deryayek\u00ee ewqas kur \u00fb fireh b\u00fb ku di h\u00fbndir\u00ea xwe de mezinahiya fikre R\u00eabert\u00ee radigirt. Hevala me ya \u015fopdara azadiy\u00ea Hezil, di nava jiyan\u00ea de fedakar \u00fb di \u015fer\u00ea xwe de j\u00ee feda\u00ee b\u00fb. Dem\u00ean her\u00ee zehmet de wek jinek c\u00eewan ber\u00ea xwe da van qadan \u00fb ala ku Arinan hilgirtib\u00fb ser mil\u00ea xwe rakir ezmanan.<\/p>\n<p>Hevala me H\u00eazil d\u00eeroka 21\u2019\u00ea \u00c7il\u00eay\u00ea da li hember\u00ee kom\u00ean \u00e7ekdar li Reqay\u00ea \u015fer kir \u00fb tevl\u00ee karwan\u00ean nemiran b\u00fb. Hevala me di jiyan \u00fb \u015fer\u00ea xwe de hertim b\u00fb xwed\u00ee sopdar\u00ea \u015feh\u00eedan. Em wek h\u00eaz\u00ean parastin\u00ea em herdem li pey doza \u015feh\u00eed\u00ean xwe ne. Em wek r\u00eaheval\u00ean w\u00ea teqez dikin ku heya em big\u00eahejin serkeftina xak\u00ean kevnar y\u00ean mirovahiy\u00ea \u00fb Serok\u00ea azad em\u00ea dev ji v\u00ea teko\u015f\u00een\u00ea bernedin. Em dubare sersax\u00ee ji malbata r\u00eahevala xwe \u00fb hem\u00fb gel\u00ean welatpar\u00eaz re dixwazin.<\/p>\n<p><strong>Nasnameya Hevr\u00eaya Me Wiha Ye: <\/strong><\/p>\n<p><strong><img loading=\"lazy\" decoding=\"async\" class=\"size-medium wp-image-21017 alignleft\" src=\"https:\/\/ypjrojava.net\/wp-content\/uploads\/2026\/03\/ala-sici-224x300.png\" alt=\"\" width=\"224\" height=\"300\" srcset=\"https:\/\/ypjrojava.net\/wp-content\/uploads\/2026\/03\/ala-sici-224x300.png 224w, https:\/\/ypjrojava.net\/wp-content\/uploads\/2026\/03\/ala-sici-766x1024.png 766w, https:\/\/ypjrojava.net\/wp-content\/uploads\/2026\/03\/ala-sici-768x1027.png 768w, https:\/\/ypjrojava.net\/wp-content\/uploads\/2026\/03\/ala-sici-314x420.png 314w, https:\/\/ypjrojava.net\/wp-content\/uploads\/2026\/03\/ala-sici-150x201.png 150w, https:\/\/ypjrojava.net\/wp-content\/uploads\/2026\/03\/ala-sici-300x401.png 300w, https:\/\/ypjrojava.net\/wp-content\/uploads\/2026\/03\/ala-sici-696x930.png 696w, https:\/\/ypjrojava.net\/wp-content\/uploads\/2026\/03\/ala-sici.png 849w\" sizes=\"auto, (max-width: 224px) 100vw, 224px\" \/>Nasnav:<\/strong>\u00a0 H\u00eazil Arj\u00een<\/p>\n<p><strong>Nav \u00fb Pa\u015fnav:<\/strong>\u00a0\u015e\u00ear\u00een \u00cezed\u00een<\/p>\n<p><strong>Nav\u00ea Dayik:<\/strong>\u00a0Necat<\/p>\n<p><strong>Nav\u00ea Bav:<\/strong>\u00a0His\u00ean<\/p>\n<p><strong>C\u00eeh \u00fb D\u00eeroka \u015eehadet\u00ea:<\/strong> 21.01.2026-Reqa<\/p>\n<p><strong>\u00a0<\/strong><\/p>\n<p><iframe loading=\"lazy\" title=\"Ji Bo B\u00eeran\u00eena \u015eeh\u00eed H\u00eazil Arj\u00een #YPJ\" width=\"696\" height=\"392\" src=\"https:\/\/www.youtube.com\/embed\/8n9I10vdLIY?feature=oembed\" frameborder=\"0\" allow=\"accelerometer; autoplay; clipboard-write; encrypted-media; gyroscope; picture-in-picture; web-share\" referrerpolicy=\"strict-origin-when-cross-origin\" allowfullscreen><\/iframe><\/p>\n<p><strong> <img loading=\"lazy\" decoding=\"async\" class=\"alignnone size-medium wp-image-21019\" src=\"https:\/\/ypjrojava.net\/wp-content\/uploads\/2026\/03\/1-225x300.png\" alt=\"\" width=\"225\" height=\"300\" srcset=\"https:\/\/ypjrojava.net\/wp-content\/uploads\/2026\/03\/1-225x300.png 225w, https:\/\/ypjrojava.net\/wp-content\/uploads\/2026\/03\/1-768x1024.png 768w, https:\/\/ypjrojava.net\/wp-content\/uploads\/2026\/03\/1-1152x1536.png 1152w, https:\/\/ypjrojava.net\/wp-content\/uploads\/2026\/03\/1-315x420.png 315w, https:\/\/ypjrojava.net\/wp-content\/uploads\/2026\/03\/1-150x200.png 150w, https:\/\/ypjrojava.net\/wp-content\/uploads\/2026\/03\/1-300x400.png 300w, https:\/\/ypjrojava.net\/wp-content\/uploads\/2026\/03\/1-696x928.png 696w, https:\/\/ypjrojava.net\/wp-content\/uploads\/2026\/03\/1-1068x1425.png 1068w, https:\/\/ypjrojava.net\/wp-content\/uploads\/2026\/03\/1.png 1417w\" sizes=\"auto, (max-width: 225px) 100vw, 225px\" \/>\u00a0<\/strong><\/p>\n<p><img loading=\"lazy\" decoding=\"async\" class=\"alignnone size-medium wp-image-21020\" src=\"https:\/\/ypjrojava.net\/wp-content\/uploads\/2026\/03\/2-225x300.png\" alt=\"\" width=\"225\" height=\"300\" srcset=\"https:\/\/ypjrojava.net\/wp-content\/uploads\/2026\/03\/2-225x300.png 225w, https:\/\/ypjrojava.net\/wp-content\/uploads\/2026\/03\/2-768x1024.png 768w, https:\/\/ypjrojava.net\/wp-content\/uploads\/2026\/03\/2-1152x1536.png 1152w, https:\/\/ypjrojava.net\/wp-content\/uploads\/2026\/03\/2-315x420.png 315w, https:\/\/ypjrojava.net\/wp-content\/uploads\/2026\/03\/2-150x200.png 150w, https:\/\/ypjrojava.net\/wp-content\/uploads\/2026\/03\/2-300x400.png 300w, https:\/\/ypjrojava.net\/wp-content\/uploads\/2026\/03\/2-696x928.png 696w, https:\/\/ypjrojava.net\/wp-content\/uploads\/2026\/03\/2-1068x1425.png 1068w, https:\/\/ypjrojava.net\/wp-content\/uploads\/2026\/03\/2.png 1417w\" sizes=\"auto, (max-width: 225px) 100vw, 225px\" \/><\/p>\n<p><img loading=\"lazy\" decoding=\"async\" class=\"alignnone size-medium wp-image-21022\" src=\"https:\/\/ypjrojava.net\/wp-content\/uploads\/2026\/03\/3-300x200.png\" alt=\"\" width=\"300\" height=\"200\" srcset=\"https:\/\/ypjrojava.net\/wp-content\/uploads\/2026\/03\/3-300x200.png 300w, https:\/\/ypjrojava.net\/wp-content\/uploads\/2026\/03\/3-1024x683.png 1024w, https:\/\/ypjrojava.net\/wp-content\/uploads\/2026\/03\/3-768x512.png 768w, https:\/\/ypjrojava.net\/wp-content\/uploads\/2026\/03\/3-1536x1024.png 1536w, https:\/\/ypjrojava.net\/wp-content\/uploads\/2026\/03\/3-2048x1365.png 2048w, https:\/\/ypjrojava.net\/wp-content\/uploads\/2026\/03\/3-630x420.png 630w, https:\/\/ypjrojava.net\/wp-content\/uploads\/2026\/03\/3-150x100.png 150w, https:\/\/ypjrojava.net\/wp-content\/uploads\/2026\/03\/3-696x464.png 696w, https:\/\/ypjrojava.net\/wp-content\/uploads\/2026\/03\/3-1068x712.png 1068w, https:\/\/ypjrojava.net\/wp-content\/uploads\/2026\/03\/3-1920x1280.png 1920w\" sizes=\"auto, (max-width: 300px) 100vw, 300px\" \/><\/p>\n<p>&nbsp;<\/p>\n<p style=\"text-align: center;\"><strong>Fermandariya Gi\u015ft\u00ee a YPJ\u2019\u00ea<\/strong><\/p>\n<p style=\"text-align: center;\"><strong>10.03.2026<\/strong><\/p>\n","protected":false},"excerpt":{"rendered":"<p>Kedkar\u00ean jiyana azad w\u00ea her di nava serfiraziya gel\u00ea xwe de bi hem\u00fb xwe\u015fikiyan werin bib\u00eeran\u00een. Jin\u00ean ku bejn \u00fb bala xwe bi azadiy\u00ea xemilandine w\u00ea her di d\u00eeroka mirovahiy\u00ea de werin jiyandin. Hevr\u00eaya me H\u00eazil Arj\u00een j\u00ee wek evladeke h\u00eaja ya li Rojavay\u00ea Kurdistan\u00ea w\u00ea her di nava tevgera me ya azadiy\u00ea de were [&hellip;]<\/p>\n","protected":false},"author":1,"featured_media":21016,"comment_status":"closed","ping_status":"closed","sticky":false,"template":"","format":"standard","meta":{"footnotes":""},"categories":[102,103,59,39,41,38,50,40],"tags":[],"class_list":{"0":"post-21015","1":"post","2":"type-post","3":"status-publish","4":"format-standard","5":"has-post-thumbnail","7":"category-102","8":"category-2026-sahid","9":"category-biranin","10":"category-daxuyani","11":"category-dimen","12":"category-nuce","13":"category-sahid","14":"category-wene"},"_links":{"self":[{"href":"https:\/\/ypjrojava.net\/index.php?rest_route=\/wp\/v2\/posts\/21015","targetHints":{"allow":["GET"]}}],"collection":[{"href":"https:\/\/ypjrojava.net\/index.php?rest_route=\/wp\/v2\/posts"}],"about":[{"href":"https:\/\/ypjrojava.net\/index.php?rest_route=\/wp\/v2\/types\/post"}],"author":[{"embeddable":true,"href":"https:\/\/ypjrojava.net\/index.php?rest_route=\/wp\/v2\/users\/1"}],"replies":[{"embeddable":true,"href":"https:\/\/ypjrojava.net\/index.php?rest_route=%2Fwp%2Fv2%2Fcomments&post=21015"}],"version-history":[{"count":3,"href":"https:\/\/ypjrojava.net\/index.php?rest_route=\/wp\/v2\/posts\/21015\/revisions"}],"predecessor-version":[{"id":21024,"href":"https:\/\/ypjrojava.net\/index.php?rest_route=\/wp\/v2\/posts\/21015\/revisions\/21024"}],"wp:featuredmedia":[{"embeddable":true,"href":"https:\/\/ypjrojava.net\/index.php?rest_route=\/wp\/v2\/media\/21016"}],"wp:attachment":[{"href":"https:\/\/ypjrojava.net\/index.php?rest_route=%2Fwp%2Fv2%2Fmedia&parent=21015"}],"wp:term":[{"taxonomy":"category","embeddable":true,"href":"https:\/\/ypjrojava.net\/index.php?rest_route=%2Fwp%2Fv2%2Fcategories&post=21015"},{"taxonomy":"post_tag","embeddable":true,"href":"https:\/\/ypjrojava.net\/index.php?rest_route=%2Fwp%2Fv2%2Ftags&post=21015"}],"curies":[{"name":"wp","href":"https:\/\/api.w.org\/{rel}","templated":true}]}}