{"id":21039,"date":"2026-03-12T04:32:12","date_gmt":"2026-03-12T04:32:12","guid":{"rendered":"https:\/\/ypjrojava.net\/?p=21039"},"modified":"2026-03-12T04:32:12","modified_gmt":"2026-03-12T04:32:12","slug":"salih-muslim-pivanen-welatpareziya-rasteqine","status":"publish","type":"post","link":"https:\/\/ypjrojava.net\/?p=21039","title":{"rendered":"Salih Muslim P\u00eevan\u00ean Welatpar\u00eaziya Rasteq\u00eene"},"content":{"rendered":"<p>Siyasetmedar, welatpar\u00eaz \u00fb par\u00eazvan\u00ea maf\u00ea gel\u00ea xwe Salih Muslim \u00e7\u00fb ser dilovaniya xwe. \u00cero ji bo me rojeke gelek xemg\u00eene. Em di ser\u00ee de ji malbata bir\u00eaz Salih Muslim \u00fb tevah\u00ee gel\u00ea xwey\u00ea welatpar\u00eaz re sersaxiy\u00ea dixwazin. Teko\u015f\u00een \u00fb kesayeta Salih Muslim ji bo me b\u00fb p\u00eevan\u00ean welatpar\u00eaziya rasteq\u00een. W\u00ee\u00a0 her k\u00ealiya jiyana xwe bi fedakariyeke mezin kire bin xizmeta gel\u00ea xwe.\u00a0 Salih Muslim ji bo \u015fore\u015fa Rojava kedeke mezin da, bi raman\u00ean Apoy\u00ee p\u00ea\u015fengtiya civaka xwe kir. M\u00eerateyeke qedir bilind ya teko\u015f\u00een\u00ea li pey xwe h\u00ee\u015ft.<\/p>\n<p>Ji bo bidestxistina jiyaneke azad ji sal\u00ean destp\u00eaka teko\u015f\u00eena azadiya Kurdistan\u00ea heta ko\u00e7a daw\u00ee kir j\u00ee xwedan sekneke jidil \u00fb fedakar b\u00fb. Di nava teko\u015f\u00eena azadiya de bi tev\u00ee malbata xwe cih girt \u00fb bi kesayeta xwe ye zanist \u00fb xwedan r\u00eabaz\u00ea siyas\u00ee di nava civaka xwe de b\u00fb xwed\u00ee ciheke qedir bilind. Di war\u00ee siyas\u00ee \u00fb civak\u00ee de di asteke bilind de xwed\u00ee zanista r\u00eaveberina civak\u00ea b\u00fb. Di s\u00eeyaseta her\u00eam\u00ea de xwed\u00ee n\u00ear\u00een \u00fb anal\u00eez\u00ean berfireh b\u00fb. Salih Muslim bi fikir \u00fb felsefaya Apoy\u00ee\u00a0 kesayeta ava kiri b\u00fb. Bi taybet j\u00ee di van dem\u00ean daw\u00ee r\u00fbxm\u00ee rew\u015fa xwe ye tend\u00fbr\u00eest\u00ee j\u00ee ji bo azadiya gel\u00ea xwe yek k\u00eal\u00ee j\u00ee ji xebatan q\u00fbt neb\u00fb, herdem di nava civaka xwe dab\u00fb. Di hem\u00fb qadan de bi erk\u00ea mirov\u00ea azad rab\u00fb \u00fb tu car ji azadiya gel\u00ea xwe taw\u00eez neda. Di nava \u015eore\u015fa Rojava de xwed\u00ee nasnamey\u00ean gir\u00eeng b\u00fb; Salih Muslim bi qas\u00ee siyasetmedar b\u00fb, welatpar\u00eaz b\u00fb, bav\u00ea \u015eeh\u00eed \u00fb \u015fervanan b\u00fb. Salih Muslim bi hem\u00fb heb\u00fbna xwe b\u00fb deng\u00ea heq\u00eeqeta gel\u00ea xwe.<\/p>\n<p>Werek\u00ee \u00fb sekna Salih Muslim, w\u00ea di demokras\u00ee \u00fb azadiya gel\u00ea me bi destxistin\u00ea bib\u00ea p\u00eevana teko\u015f\u00eena jiyaneke azad \u00fb bi r\u00fbmet. Li hember\u00ee azad\u00eexwaziya jin\u00ea bi sekna xwe ye jiyan\u00ea r\u00eazdariya xwe n\u00ee\u015fanda \u00fb b\u00fb hevr\u00eayeke rast ya jinan. Ji ber w\u00ea j\u00ee weke Yek\u00eeney\u00ean Parastina Jin di kesayeta teko\u015fer Salih Muslim de p\u00eakan\u00eena xeyal\u00ean \u015feh\u00eedan, erka me ye sereke ye. W\u00ea jiyan \u00fb keda Salih Mislim, w\u00ee herdem di dil \u00fb b\u00eera me de bide jiy\u00een.<\/p>\n<p><img loading=\"lazy\" decoding=\"async\" class=\"alignnone size-medium wp-image-21040\" src=\"https:\/\/ypjrojava.net\/wp-content\/uploads\/2026\/03\/salih-muslim-foto-300x168.jpg\" alt=\"\" width=\"300\" height=\"168\" srcset=\"https:\/\/ypjrojava.net\/wp-content\/uploads\/2026\/03\/salih-muslim-foto-300x168.jpg 300w, https:\/\/ypjrojava.net\/wp-content\/uploads\/2026\/03\/salih-muslim-foto-1024x574.jpg 1024w, https:\/\/ypjrojava.net\/wp-content\/uploads\/2026\/03\/salih-muslim-foto-768x431.jpg 768w, https:\/\/ypjrojava.net\/wp-content\/uploads\/2026\/03\/salih-muslim-foto-749x420.jpg 749w, https:\/\/ypjrojava.net\/wp-content\/uploads\/2026\/03\/salih-muslim-foto-150x84.jpg 150w, https:\/\/ypjrojava.net\/wp-content\/uploads\/2026\/03\/salih-muslim-foto-696x390.jpg 696w, https:\/\/ypjrojava.net\/wp-content\/uploads\/2026\/03\/salih-muslim-foto-1068x599.jpg 1068w, https:\/\/ypjrojava.net\/wp-content\/uploads\/2026\/03\/salih-muslim-foto.jpg 1200w\" sizes=\"auto, (max-width: 300px) 100vw, 300px\" \/><\/p>\n<p style=\"text-align: center;\"><strong>Fermandariya Gi\u015ft\u00ee a YPJ\u2019\u00ea <\/strong><\/p>\n<p style=\"text-align: center;\"><strong>12.03.2026<\/strong><\/p>\n","protected":false},"excerpt":{"rendered":"<p>Siyasetmedar, welatpar\u00eaz \u00fb par\u00eazvan\u00ea maf\u00ea gel\u00ea xwe Salih Muslim \u00e7\u00fb ser dilovaniya xwe. \u00cero ji bo me rojeke gelek xemg\u00eene. Em di ser\u00ee de ji malbata bir\u00eaz Salih Muslim \u00fb tevah\u00ee gel\u00ea xwey\u00ea welatpar\u00eaz re sersaxiy\u00ea dixwazin. Teko\u015f\u00een \u00fb kesayeta Salih Muslim ji bo me b\u00fb p\u00eevan\u00ean welatpar\u00eaziya rasteq\u00een. W\u00ee\u00a0 her k\u00ealiya jiyana xwe bi [&hellip;]<\/p>\n","protected":false},"author":1,"featured_media":21041,"comment_status":"closed","ping_status":"closed","sticky":false,"template":"","format":"standard","meta":{"footnotes":""},"categories":[102,39,38,40],"tags":[],"class_list":{"0":"post-21039","1":"post","2":"type-post","3":"status-publish","4":"format-standard","5":"has-post-thumbnail","7":"category-102","8":"category-daxuyani","9":"category-nuce","10":"category-wene"},"_links":{"self":[{"href":"https:\/\/ypjrojava.net\/index.php?rest_route=\/wp\/v2\/posts\/21039","targetHints":{"allow":["GET"]}}],"collection":[{"href":"https:\/\/ypjrojava.net\/index.php?rest_route=\/wp\/v2\/posts"}],"about":[{"href":"https:\/\/ypjrojava.net\/index.php?rest_route=\/wp\/v2\/types\/post"}],"author":[{"embeddable":true,"href":"https:\/\/ypjrojava.net\/index.php?rest_route=\/wp\/v2\/users\/1"}],"replies":[{"embeddable":true,"href":"https:\/\/ypjrojava.net\/index.php?rest_route=%2Fwp%2Fv2%2Fcomments&post=21039"}],"version-history":[{"count":1,"href":"https:\/\/ypjrojava.net\/index.php?rest_route=\/wp\/v2\/posts\/21039\/revisions"}],"predecessor-version":[{"id":21042,"href":"https:\/\/ypjrojava.net\/index.php?rest_route=\/wp\/v2\/posts\/21039\/revisions\/21042"}],"wp:featuredmedia":[{"embeddable":true,"href":"https:\/\/ypjrojava.net\/index.php?rest_route=\/wp\/v2\/media\/21041"}],"wp:attachment":[{"href":"https:\/\/ypjrojava.net\/index.php?rest_route=%2Fwp%2Fv2%2Fmedia&parent=21039"}],"wp:term":[{"taxonomy":"category","embeddable":true,"href":"https:\/\/ypjrojava.net\/index.php?rest_route=%2Fwp%2Fv2%2Fcategories&post=21039"},{"taxonomy":"post_tag","embeddable":true,"href":"https:\/\/ypjrojava.net\/index.php?rest_route=%2Fwp%2Fv2%2Ftags&post=21039"}],"curies":[{"name":"wp","href":"https:\/\/api.w.org\/{rel}","templated":true}]}}