{"id":21063,"date":"2026-03-15T08:34:49","date_gmt":"2026-03-15T08:34:49","guid":{"rendered":"https:\/\/ypjrojava.net\/?p=21063"},"modified":"2026-03-15T08:35:17","modified_gmt":"2026-03-15T08:35:17","slug":"fermandara-ypj-destina-roj-eme-li-pey-sopa-tekosina-wan-bin","status":"publish","type":"post","link":"https:\/\/ypjrojava.net\/?p=21063","title":{"rendered":"Fermandara YPJ Dest\u00eena Roj: Em\u00ea li pey \u015fopa teko\u015f\u00eena wan bin"},"content":{"rendered":"<p>Fermandara YPJ Dest\u00eena Roj ji bo b\u00eeran\u00eena salvegera s\u00eayem\u00een a leheng\u00ean berxwed\u00ear y\u00ean ku di 15 Adar\u00ea de giha\u015ftin asta \u015fehadete 9 heval\u00ean xwe bib\u00eer an\u00ee.<\/p>\n<p>Ji bo \u015fehadeta Rojeng Rifat, Ko\u00e7er D\u00ear\u00eek, \u015eervan Koban\u00ea, Hogir D\u00ear\u00eek, D\u00eedar D\u00ear\u00eek, Dogan Efr\u00een, Xebat Dirp\u00easiy\u00ea, Har\u00fbn Rojava, Fara\u015f\u00een Baran wiha an\u00ee ziman: Em qehreman\u00ean azadiy\u00ea \u00fb fedayiy\u00ea doz\u00ea\u00a0 bi minetdar\u00ee \u00fb bi r\u00eazdar\u00ee\u00a0 bi b\u00eer t\u00eenin .Em soza teko\u015f\u00een\u00ea ji n\u00fb ve ava dikin em\u00ea li pey \u015fopa teko\u015f\u00eena wan bin.<\/p>\n<p><img loading=\"lazy\" decoding=\"async\" class=\"alignnone wp-image-21064\" src=\"https:\/\/ypjrojava.net\/wp-content\/uploads\/2026\/03\/15-03-26-destina-roj-9-sehiden-silemani-biranin-2-300x169.png\" alt=\"\" width=\"467\" height=\"263\" srcset=\"https:\/\/ypjrojava.net\/wp-content\/uploads\/2026\/03\/15-03-26-destina-roj-9-sehiden-silemani-biranin-2-300x169.png 300w, https:\/\/ypjrojava.net\/wp-content\/uploads\/2026\/03\/15-03-26-destina-roj-9-sehiden-silemani-biranin-2-1024x576.png 1024w, https:\/\/ypjrojava.net\/wp-content\/uploads\/2026\/03\/15-03-26-destina-roj-9-sehiden-silemani-biranin-2-768x432.png 768w, https:\/\/ypjrojava.net\/wp-content\/uploads\/2026\/03\/15-03-26-destina-roj-9-sehiden-silemani-biranin-2-1536x864.png 1536w, https:\/\/ypjrojava.net\/wp-content\/uploads\/2026\/03\/15-03-26-destina-roj-9-sehiden-silemani-biranin-2-747x420.png 747w, https:\/\/ypjrojava.net\/wp-content\/uploads\/2026\/03\/15-03-26-destina-roj-9-sehiden-silemani-biranin-2-150x84.png 150w, https:\/\/ypjrojava.net\/wp-content\/uploads\/2026\/03\/15-03-26-destina-roj-9-sehiden-silemani-biranin-2-696x392.png 696w, https:\/\/ypjrojava.net\/wp-content\/uploads\/2026\/03\/15-03-26-destina-roj-9-sehiden-silemani-biranin-2-1068x601.png 1068w, https:\/\/ypjrojava.net\/wp-content\/uploads\/2026\/03\/15-03-26-destina-roj-9-sehiden-silemani-biranin-2.png 1920w\" sizes=\"auto, (max-width: 467px) 100vw, 467px\" \/><\/p>\n<p><iframe loading=\"lazy\" title=\"LEHENG\u00caN CENGA AZADIY\u00ca\/\/Fermandara YPJ Dest\u00eena Roj: Em\u00ea li pey \u015fopa teko\u015f\u00eena wan bin\" width=\"696\" height=\"392\" src=\"https:\/\/www.youtube.com\/embed\/wzSoudCmGy4?feature=oembed\" frameborder=\"0\" allow=\"accelerometer; autoplay; clipboard-write; encrypted-media; gyroscope; picture-in-picture; web-share\" referrerpolicy=\"strict-origin-when-cross-origin\" allowfullscreen><\/iframe><\/p>\n<p>&nbsp;<\/p>\n<p>&nbsp;<\/p>\n<p>&nbsp;<\/p>\n","protected":false},"excerpt":{"rendered":"<p>Fermandara YPJ Dest\u00eena Roj ji bo b\u00eeran\u00eena salvegera s\u00eayem\u00een a leheng\u00ean berxwed\u00ear y\u00ean ku di 15 Adar\u00ea de giha\u015ftin asta \u015fehadete 9 heval\u00ean xwe bib\u00eer an\u00ee. Ji bo \u015fehadeta Rojeng Rifat, Ko\u00e7er D\u00ear\u00eek, \u015eervan Koban\u00ea, Hogir D\u00ear\u00eek, D\u00eedar D\u00ear\u00eek, Dogan Efr\u00een, Xebat Dirp\u00easiy\u00ea, Har\u00fbn Rojava, Fara\u015f\u00een Baran wiha an\u00ee ziman: Em qehreman\u00ean azadiy\u00ea \u00fb fedayiy\u00ea [&hellip;]<\/p>\n","protected":false},"author":1,"featured_media":21066,"comment_status":"closed","ping_status":"closed","sticky":false,"template":"","format":"standard","meta":{"footnotes":""},"categories":[102,59,41,38,50,40],"tags":[],"class_list":{"0":"post-21063","1":"post","2":"type-post","3":"status-publish","4":"format-standard","5":"has-post-thumbnail","7":"category-102","8":"category-biranin","9":"category-dimen","10":"category-nuce","11":"category-sahid","12":"category-wene"},"_links":{"self":[{"href":"https:\/\/ypjrojava.net\/index.php?rest_route=\/wp\/v2\/posts\/21063","targetHints":{"allow":["GET"]}}],"collection":[{"href":"https:\/\/ypjrojava.net\/index.php?rest_route=\/wp\/v2\/posts"}],"about":[{"href":"https:\/\/ypjrojava.net\/index.php?rest_route=\/wp\/v2\/types\/post"}],"author":[{"embeddable":true,"href":"https:\/\/ypjrojava.net\/index.php?rest_route=\/wp\/v2\/users\/1"}],"replies":[{"embeddable":true,"href":"https:\/\/ypjrojava.net\/index.php?rest_route=%2Fwp%2Fv2%2Fcomments&post=21063"}],"version-history":[{"count":1,"href":"https:\/\/ypjrojava.net\/index.php?rest_route=\/wp\/v2\/posts\/21063\/revisions"}],"predecessor-version":[{"id":21067,"href":"https:\/\/ypjrojava.net\/index.php?rest_route=\/wp\/v2\/posts\/21063\/revisions\/21067"}],"wp:featuredmedia":[{"embeddable":true,"href":"https:\/\/ypjrojava.net\/index.php?rest_route=\/wp\/v2\/media\/21066"}],"wp:attachment":[{"href":"https:\/\/ypjrojava.net\/index.php?rest_route=%2Fwp%2Fv2%2Fmedia&parent=21063"}],"wp:term":[{"taxonomy":"category","embeddable":true,"href":"https:\/\/ypjrojava.net\/index.php?rest_route=%2Fwp%2Fv2%2Fcategories&post=21063"},{"taxonomy":"post_tag","embeddable":true,"href":"https:\/\/ypjrojava.net\/index.php?rest_route=%2Fwp%2Fv2%2Ftags&post=21063"}],"curies":[{"name":"wp","href":"https:\/\/api.w.org\/{rel}","templated":true}]}}