{"id":21068,"date":"2026-03-15T15:45:23","date_gmt":"2026-03-15T15:45:23","guid":{"rendered":"https:\/\/ypjrojava.net\/?p=21068"},"modified":"2026-03-15T15:49:09","modified_gmt":"2026-03-15T15:49:09","slug":"sehid-salih-muslim-ber-bi-rewitiya-dawi-ve-hat-oxirkirin","status":"publish","type":"post","link":"https:\/\/ypjrojava.net\/?p=21068","title":{"rendered":"\u015eeh\u00eed Salih Muslim ber bi r\u00eaw\u00eetiya daw\u00ee ve hat oxirkirin"},"content":{"rendered":"<p>Di meras\u00eema \u015feh\u00eed Salih Muslim de hat gotin ku Bav\u00ea Welat bi salan ji bo doza Kurd\u00ee t\u00eako\u015fiya, div\u00ea yekitiya gel\u00ea Kurd xurt bibe \u00fb gel\u00ea Kurd dest bi p\u00eavajoyeke n\u00fb ya t\u00eako\u015f\u00eena siyas\u00ee kiriye.<\/p>\n<p>Karwan\u00ea cenazeya endam\u00ea Desteya Hevserokat\u00ee ya Partiya Yekitiya Demokrat\u00eek (PYD) \u015feh\u00eed Salih Muslim ji Meclisa Malbat\u00ean \u015eeh\u00eedan berbi Pakrewangeha \u015eeh\u00eed Dicla ve bi r\u00ea ket.<\/p>\n<p>\u015eandeya ji Bakur \u00fb Ba\u015f\u00fbr\u00ea Kurdistan\u00ea, Fermandar\u00ea Gi\u015ft\u00ee y\u00ea QSD`\u00ea, \u015fande ji her\u00eama Ciz\u00eer\u00ea\u00a0 tevl\u00ea oxirkirina \u015feh\u00eed Salih Muslim b\u00fbn. Pi\u015ft\u00ee karwan gih\u00ee\u015fte Pakrewangeh\u00ea deqeyek\u00ea r\u00eaz li ser giyan\u00ea \u015feh\u00eedan hat girtin. Pi\u015ft\u00ee w\u00ea bi nav\u00ea \u015fandeya Bakur\u00ea Kurdistan\u00ea Hevseroka Partiya Wekhev\u00ee \u00fb Demokrasiya Gelan (DEM part\u00ee) Tuncer Bakirhan axiv\u00ee \u00fb got: \u201cBi nav\u00ea hem\u00fb xelk\u00ea Bakur\u00ea Kurdistan\u00ea em sersax\u00ee ji malbata \u015eeh\u00eed Salih Muslim re dixwazin. Ez \u015feh\u00eed Salih Muslim ji n\u00eaz ve dinasim. Ew \u015fore\u015fger, siyasetmedar \u00fb t\u00eako\u015f\u00eenvan b\u00fb. Bi salane ji bo gel\u00ea Kurd t\u00eadiko\u015fiya. Ew \u015feh\u00eed\u00ea gel\u00ea Kurd e \u00fb em soz didin \u015feh\u00eed Salih Muslim ku em \u00ea xeyal \u00fb hedef\u00ean w\u00ee p\u00eak b\u00eenin.<\/p>\n<p>Pi\u015ft\u00ee w\u00ea peyama R\u00eaber Abdullah Ocalan ji bo \u015fehadeta Salih Muslim r\u00eakirib\u00fb, hat xwendin.<\/p>\n<p>Hevj\u00eena \u015feh\u00eed, Ay\u015fe Efend\u00ee, bal ki\u015fand ser kesayeta b\u00eahempa y\u00ea Salih Muslim. W\u00ea pabendb\u00fbna xwe ya \u015fopandina \u015fopa w\u00ee pi\u015ftrast kir, berpirsiyariya berdewamiya t\u00eako\u015f\u00eena ji bo armanc\u00ean ku ew ji bo wan jiya hilgirtiye ser xwe. W\u00ea got, &#8220;Salih Muslim ne ten\u00ea hevj\u00eenek b\u00fb; ew m\u00eenakek sebir \u00fb biryardariy\u00ea b\u00fb. W\u00ee bawer dikir ku her k\u00ealiyek jiyana w\u00ee xwed\u00ee wateyek k\u00fbr e \u00fb div\u00ea siyaset \u00fb azwer\u00ee di t\u00eako\u015f\u00eena w\u00ee de yekpare bin.&#8221;<\/p>\n<p>Di berdewamiya meras\u00eem\u00ea de siyasetmedar Leyla Zana axiv\u00ee \u00fb got:` H\u00eaviy\u00ean we y\u00ean mezin w\u00ea bibe riya azadiy\u00ea. Em sersax\u00ee ji malbat \u015feh\u00eed Salih Muslim re dixwazin. Ji bo em azad bij\u00een, an j\u00ee jiyan nekin we heyan\u00ee v\u00ea p\u00eavajoy\u00ea t\u00eako\u015f\u00eeneke xurt da me\u015fandin. Div\u00ea em ji t\u00eako\u015f\u00eena xwe \u00fb t\u00eako\u015f\u00eena zarok\u00ean xwe bawer bin. R\u00eaber Abdullah Ocalan li ser ti\u015ftek\u00ee gir\u00eeng sekin\u00ee ew j\u00ee Neteweya Demokrat\u00eek e. L\u00ea bel\u00ea me ji R\u00eaber Abdullah Ocalan f\u00eamnekir. Sala 2015`an ji min re got:`Ez ne li dij\u00ee me ku dewletek\u00ee Kurdan \u00e7\u00eabibe l\u00ea bel\u00ea ez dib\u00eajim div\u00ea Kurd li gor\u00ee h\u00eaz \u00fb enerjiya xwe tevbigerin. C\u00eehan t\u00ea guhertin \u00fb div\u00ea em ji w\u00ea re amade bin. \u00cero c\u00eehan a\u015fitiyane jiyan nake.`<\/p>\n<p>Leyla Zana di berdewamiya gotin\u00ean xwe de wiha got: Gel\u00ea Kurd xwediy\u00ea h\u00eaviyek\u00ee mezin e. \u00cero ji duh ba\u015ftir e, sibe j\u00ee w\u00ea ji \u00eero ba\u015ftir be. Div\u00ea em ji gel\u00ea xwe bawer bin. Em ne li dij\u00ee tu gel \u00fb netewane \u00fb em maf\u00ean wan dixwazin. Ji bo em azad bij\u00een div\u00ea em t\u00eabiko\u015fin. Hatina Koban\u00ea ji bo min xeyalek b\u00fb. Ez niha li Koban\u00ea me. Div\u00ea yekitiya gel\u00ea Kurd h\u00een xurtir bibe \u00fb a\u015ft\u00ee b\u00ea gel\u00ea Kurd nabe.<\/p>\n<p>Siyasetmedar Leyla Zana di dawiya gotin\u00ean xwe de got: \u201cSalih Muslim jiyana xwe hem\u00fb da doza gel\u00ea Kurd. Bi xwe nedifikir\u00ee \u00fb bi gel\u00ea xwe fikir\u00ee.\u201d<\/p>\n<p>Li ser nav\u00ea \u015fandeya Ba\u015f\u00fbr\u00ea Kurdistan\u00ea j\u00ee Serdar Abdullah axiv\u00ee \u00fb got:\u201cJi bo me \u015ferefek\u00ee mezin e ku em li Koban\u00ea ne \u00fb em tevl\u00ee meras\u00eema t\u00eako\u015fer Salih Muslim (Bav\u00ea Welat) b\u00fbne. Koban\u00ea bajar\u00ea ku teror t\u00eak bir. Bi saya Koban\u00ea niha a\u015ft\u00ee li c\u00eehan\u00ea heye. Bav\u00ea Welat t\u00eako\u015ferek\u00ee xurt b\u00fb. Ev b\u00fb sed\u00ea salan em ji bo doza Kurd\u00ee t\u00eadiko\u015fin. \u015eeh\u00eed Salih Muslim j\u00ee yek ji t\u00eako\u015fer\u00ean ji bo doza Kurd\u00ee t\u00eako\u015f\u00een dikir. Gel\u00ea Kurd li Ba\u015f\u00fbr \u00fb Rojavay\u00ea Kurdistan\u00ea gih\u00ee\u015ftin hinek maf\u00ean xwe \u00fb em h\u00eav\u00ee dikin ku gel\u00ea Kurd \u00ean Bakur \u00fb Rojhilat\u00ea Kurdistan\u00ea j\u00ee bigh\u00eejin maf\u00ean xwe.\u201d<\/p>\n<p>Pi\u015ftre Fermandar\u00ea Gi\u015ft\u00ee y\u00ea QSD`\u00ea Mazl\u00fbm Ebd\u00ee axiv\u00ee \u00fb got:\u00a0&#8221;Ji bo p\u00ea\u015feng\u00ea Rojavay\u00ea Kurdistan\u00ea \u00fb siyasetmedar\u00ea navdar Salih Muslim \u00eero li Koban\u00ea meras\u00eema cenaze t\u00ea li darxistin.&#8221; Fermandar\u00ea Gi\u015ft\u00ee y\u00ea QSD\u00ea Mazl\u00fbm Ebd\u00ee di meras\u00eem\u00ea de axiv\u00ee \u00fb balki\u015fand ser jiyan \u00fb t\u00eako\u015f\u00eena Salih Muslim.<\/p>\n<p>Ebd\u00ee ji malbat\u00ea re sersax\u00ee xwest \u00fb an\u00ee ziman ku Bav\u00ea Welat kesayetek m\u00eenak a gel\u00ea Kurd b\u00fbye. Ebd\u00ee wiha axiv\u00ee: \u201cBav\u00ea Welat di tevah\u00ee p\u00eavajoy\u00ean t\u00eako\u015f\u00een\u00ea de cih girt. Hem\u00fb dijwariy\u00ea t\u00eako\u015f\u00een\u00ea jiyan. Ne ten\u00ea wek\u00ee siyasetmedarek\u00ea b\u00fb. Ji destp\u00eak\u00ea heta niha di nav tevgera siyas\u00ee ya Kurd de cih girt. Ji sal\u00ean 1980 an heta niha li dij\u00ee rej\u00eem\u00ea dest bi t\u00eako\u015f\u00een\u00ea kir. Dema p\u00eawist kir, di nav xebat\u00ean civak\u00ee, siyas\u00ee \u00fb r\u00eaxistin\u00ee de cih girt. Girtin, bedel \u00fb zehmet\u00ee da ber \u00e7avan \u00fb xebat dida me\u015fand.\u201d<\/p>\n<p>Ebd\u00ee di berdewama axaftina xwe de bal ki\u015fand ser kesayeta pir al\u00ee ya Muslim \u00fb wiha domand: \u201cDema p\u00eawist kir ser\u00ee netewand \u00fb derket \u00e7iyan xebat me\u015fand. Dema p\u00eawist kir xebat\u00ean yek\u00eetiy\u00ea, xebat\u00ean d\u00eeplomasiy\u00ea me\u015fandin. Doza me ji herkesi ba\u015ftir tems\u00eel kir. Dema p\u00eawist b\u00fb endam\u00ea PYD \u00ea b\u00fb, dema p\u00eawist kir di asta siyaseta S\u00fbriy\u00ea de xebat kir. P\u00ea\u015feng\u00ea siyaseta me b\u00fb, \u015feh\u00eed\u00ea doza gel\u00ea Kurd b\u00fb. \u00cero ti\u015fta ku em bikin \u00fb soza bidin Bav\u00ea Welat ew e ku em\u00ea \u00a0d\u00ea t\u00eako\u015f\u00een\u00ea bidom\u00eenin.\u201d<\/p>\n<p>T\u00eakildar\u00ee ge\u015fedan\u00ean li S\u00fbriy\u00ea \u00fb Rojvay\u00ea Kurdistan\u00ea j\u00ee Ebd\u00ee ev agah\u00ee dan: \u201cWek\u00ee hun dizanin ku em ji Sibat\u00ea heta niha ketin merhaleyek n\u00fb. Ji bo me demek n\u00fb ye. Wek\u00ee R\u00eaveberiya Xweser \u00fb HSD\u00ea me ti\u015fta dikeve ser mil\u00ea me p\u00eak an\u00ee. Hem\u00fb p\u00eawistiy\u00ean dikevin ber\u00ea me, hatin bi cihan\u00een. Niha \u00ead\u00ee div\u00ea Hik\u00fbmeta \u015eam\u00ea p\u00eawistiy\u00ean peyman\u00ea bi cih b\u00eene.\u201d<\/p>\n<p>Li ser gav\u00ean ku div\u00ea \u015eam niha bav\u00eaje j\u00ee Ebd\u00ee wiha got: \u201cH\u00eaj mijar\u00ean cenazey\u00ean \u015feh\u00eedan \u00fb girtiyan hene. Div\u00ea ber\u00ee Newroz\u00ea ev gav b\u00ean av\u00eatin. Ko\u00e7ber\u00ean Efr\u00een \u00fb Ser\u00eakaniy\u00ea div\u00ea vegerin. A her\u00ee gir\u00eeng di \u00e7ar\u00e7oveya r\u00eakeftin\u00ea de div\u00ea taybetiy\u00ean her\u00eam\u00ean Kurd\u00ee b\u00ean d\u00eetin. Di aliy\u00ea le\u015fkeri, \u00eedar\u00ee \u00fb ewlehiy\u00ea de taybetiy\u00ean bajar\u00ean Kurdan b\u00ean naskirin. Ev ti\u015ft\u00ean Hik\u00fbmeta \u015eam\u00ea p\u00eak b\u00eenin e.\u201d<\/p>\n<p>Ebd\u00ee derbar\u00ea \u015eore\u015fa Rojavay\u00ea Kurdistan\u00ea de nirxandin kirin \u00fb wiha p\u00eade \u00e7\u00fb: \u201c2012an, \u00a019 \u00ea T\u00eermeh\u00ea li vir \u015eore\u015fa Rojava dest p\u00ea kir. 14 sal derbas b\u00fbn. Me t\u00eako\u015f\u00eenek mezin da \u00fb axa xwe parast. Ji niha p\u00eave j\u00ee em d\u00ea xwe bipar\u00eazin. Merheleya n\u00fb li ser v\u00ea t\u00eako\u015f\u00een\u00ea dest p\u00ea dike. Div\u00ea em xwe ji bo v\u00ea j\u00ee amade bikin. Dibe roj\u00ean p\u00ea\u015fiya me de nav\u00ean saziy\u00ean me y\u00ean hey\u00een di \u00e7ar\u00e7oveya resmiyeta Dewleta S\u00fbriy\u00ea de ji n\u00fbve b\u00ean sererast kirin. Dibe em nav\u00ean din bikarb\u00eenin. L\u00ea bel\u00ea saziy\u00ean me d\u00ea wek\u00ee xwe bim\u00eenin. Li her\u00eama Kurdan d\u00ea Kurd xwe bi r\u00eave bibin.\u201d<\/p>\n<p>Ebd\u00ee derbir\u00ee ku di merhaleya n\u00fb de div\u00ea xebat \u00fb t\u00eako\u015f\u00een mezintir bibe \u00fb wiha daw\u00ee li axaftina xwe an\u00ee: \u201cDiv\u00ea em xwe amade bikin. Ti\u015fta niha em dixwazin, di hiz\u00fbra \u015feh\u00eedan de, em bi hev re merheleya n\u00fb bime\u015f\u00eenin. Ber\u00ee w\u00ea j\u00ee \u00e7awa fedakar\u00ee \u00fb lehengiyek mezin p\u00eak hat, div\u00ea \u00eero em xurtir bi hev re bime\u015fin. Dem dema hemleyek n\u00fb ye. T\u00eako\u015f\u00een berdewam dike. Em d\u00ea armanc\u00ean \u015feh\u00eedan p\u00eak b\u00eenin. Ji bo parastina her\u00eam\u00ean xwe me gelek \u015feh\u00eed dan, em h\u00eav\u00ee dikin ku em carek din \u015feh\u00eedan nedin. Ji bo v\u00ea t\u00eako\u015f\u00eenek siyas\u00ee ya xurt lazim e. L\u00ea \u00ead\u00ee div\u00ea t\u00eako\u015f\u00eena t\u00eako\u015f\u00eenek siyasi, \u00eedar\u00ee \u00fb abor\u00ee be. Div\u00ea bi her away\u00ee her\u00eama me ji bo S\u00fbriy\u00ea re bibe m\u00eenak.\u201d<\/p>\n<p>Pi\u015ft\u00ee axavtina Fermandar\u00ea Gi\u015ft\u00ee y\u00ea QSD`\u00ea Mazl\u00fbm Ebd\u00ee daw\u00ee b\u00fb.<\/p>\n<p>Di meras\u00eem\u00ea de peyam\u00ean Meclisa Malbat\u00ean \u015eeh\u00eedan a Bakur\u00ea Kurdistan\u00ea \u00fb Day\u00eek\u00ean A\u015ftiy\u00ea y\u00ean Bakur\u00ea Kurdistan\u00ea j\u00ee hatin xwendin. Peyam ji h\u00eala Aras Hiso ve hate xwendin. Di peyam\u00ea Malbat\u00ean \u015eeh\u00eedan de sersax\u00ee ji malbata Muslim re hate xwestin \u00fb wiha hate gotin: \u201cEm wek\u00ee malbat\u00ean \u015feh\u00eedan bi \u015fehadeta Bav\u00ea Welat ku r\u00eahevalek R\u00eaber Apo \u00fb p\u00ea\u015feng\u00ea \u015eore\u015fa Rojava b\u00fb gelek xemg\u00een \u00fb dil bi\u00ea\u015f in. L\u00ea \u015fehadeta gir\u00eadana me bi \u015feh\u00eedan re mezintir dike.\u201d Her wiha di peyam\u00ea de hate ragihandin ku d\u00ea doza \u015feh\u00eedan b\u00ea me\u015fandin \u00fb bi serkeftin\u00ea b\u00ea tac\u00eedarkirin. Di peyama Day\u00eek\u00ean A\u015ftiy\u00ea y\u00ean Bak\u00fbr\u00ea Kurdistan\u00ea de j\u00ee sersax\u00ee ji malbat\u00ea hate xwestin \u00fb soza me\u015fandina doza Salih Muslim \u00fb r\u00eaheval\u00ean w\u00ee hate day\u00een.<\/p>\n<p>Di meras\u00eem\u00ea de b\u00eanavber slogan\u00ean, \u201cBij\u00ee Serok Apo\u201d, \u201cBij\u00ee berxwedana QSD&#8217;e\u201d, \u201cBij\u00ee berxwedana YPG&#8217;\u00ea\u201d, \u201cBav\u00ea Welat nemire\u201d \u00fb \u201c\u015eeh\u00eed namirin\u201d hatin berzkirin.<\/p>\n<p><iframe loading=\"lazy\" title=\"\u015eeh\u00eed Salih Muslim ber bi r\u00eaw\u00eetiya daw\u00ee ve hat oxirkirin\" width=\"696\" height=\"392\" src=\"https:\/\/www.youtube.com\/embed\/8j5CxT2xDPU?feature=oembed\" frameborder=\"0\" allow=\"accelerometer; autoplay; clipboard-write; encrypted-media; gyroscope; picture-in-picture; web-share\" referrerpolicy=\"strict-origin-when-cross-origin\" allowfullscreen><\/iframe><\/p>\n<p><img loading=\"lazy\" decoding=\"async\" class=\"alignnone size-medium wp-image-21070\" src=\"https:\/\/ypjrojava.net\/wp-content\/uploads\/2026\/03\/15-03-26-merasim-salih-muslim-kobane-1-300x200.jpg\" alt=\"\" width=\"300\" height=\"200\" srcset=\"https:\/\/ypjrojava.net\/wp-content\/uploads\/2026\/03\/15-03-26-merasim-salih-muslim-kobane-1-300x200.jpg 300w, https:\/\/ypjrojava.net\/wp-content\/uploads\/2026\/03\/15-03-26-merasim-salih-muslim-kobane-1-1024x683.jpg 1024w, https:\/\/ypjrojava.net\/wp-content\/uploads\/2026\/03\/15-03-26-merasim-salih-muslim-kobane-1-768x512.jpg 768w, https:\/\/ypjrojava.net\/wp-content\/uploads\/2026\/03\/15-03-26-merasim-salih-muslim-kobane-1-1536x1024.jpg 1536w, https:\/\/ypjrojava.net\/wp-content\/uploads\/2026\/03\/15-03-26-merasim-salih-muslim-kobane-1-2048x1365.jpg 2048w, https:\/\/ypjrojava.net\/wp-content\/uploads\/2026\/03\/15-03-26-merasim-salih-muslim-kobane-1-630x420.jpg 630w, https:\/\/ypjrojava.net\/wp-content\/uploads\/2026\/03\/15-03-26-merasim-salih-muslim-kobane-1-150x100.jpg 150w, https:\/\/ypjrojava.net\/wp-content\/uploads\/2026\/03\/15-03-26-merasim-salih-muslim-kobane-1-696x464.jpg 696w, https:\/\/ypjrojava.net\/wp-content\/uploads\/2026\/03\/15-03-26-merasim-salih-muslim-kobane-1-1068x712.jpg 1068w, https:\/\/ypjrojava.net\/wp-content\/uploads\/2026\/03\/15-03-26-merasim-salih-muslim-kobane-1-1920x1280.jpg 1920w\" sizes=\"auto, (max-width: 300px) 100vw, 300px\" \/> <img loading=\"lazy\" decoding=\"async\" class=\"alignnone size-medium wp-image-21071\" src=\"https:\/\/ypjrojava.net\/wp-content\/uploads\/2026\/03\/15-03-26-merasim-salih-muslim-kobane-2-300x200.jpg\" alt=\"\" width=\"300\" height=\"200\" srcset=\"https:\/\/ypjrojava.net\/wp-content\/uploads\/2026\/03\/15-03-26-merasim-salih-muslim-kobane-2-300x200.jpg 300w, https:\/\/ypjrojava.net\/wp-content\/uploads\/2026\/03\/15-03-26-merasim-salih-muslim-kobane-2-1024x683.jpg 1024w, https:\/\/ypjrojava.net\/wp-content\/uploads\/2026\/03\/15-03-26-merasim-salih-muslim-kobane-2-768x512.jpg 768w, https:\/\/ypjrojava.net\/wp-content\/uploads\/2026\/03\/15-03-26-merasim-salih-muslim-kobane-2-1536x1024.jpg 1536w, https:\/\/ypjrojava.net\/wp-content\/uploads\/2026\/03\/15-03-26-merasim-salih-muslim-kobane-2-2048x1365.jpg 2048w, https:\/\/ypjrojava.net\/wp-content\/uploads\/2026\/03\/15-03-26-merasim-salih-muslim-kobane-2-630x420.jpg 630w, https:\/\/ypjrojava.net\/wp-content\/uploads\/2026\/03\/15-03-26-merasim-salih-muslim-kobane-2-150x100.jpg 150w, https:\/\/ypjrojava.net\/wp-content\/uploads\/2026\/03\/15-03-26-merasim-salih-muslim-kobane-2-696x464.jpg 696w, https:\/\/ypjrojava.net\/wp-content\/uploads\/2026\/03\/15-03-26-merasim-salih-muslim-kobane-2-1068x712.jpg 1068w, https:\/\/ypjrojava.net\/wp-content\/uploads\/2026\/03\/15-03-26-merasim-salih-muslim-kobane-2-1920x1280.jpg 1920w\" sizes=\"auto, (max-width: 300px) 100vw, 300px\" \/> <img loading=\"lazy\" decoding=\"async\" class=\"alignnone size-medium wp-image-21072\" src=\"https:\/\/ypjrojava.net\/wp-content\/uploads\/2026\/03\/15-03-26-merasim-salih-muslim-kobane-3-300x200.jpg\" alt=\"\" width=\"300\" height=\"200\" srcset=\"https:\/\/ypjrojava.net\/wp-content\/uploads\/2026\/03\/15-03-26-merasim-salih-muslim-kobane-3-300x200.jpg 300w, https:\/\/ypjrojava.net\/wp-content\/uploads\/2026\/03\/15-03-26-merasim-salih-muslim-kobane-3-1024x683.jpg 1024w, https:\/\/ypjrojava.net\/wp-content\/uploads\/2026\/03\/15-03-26-merasim-salih-muslim-kobane-3-768x512.jpg 768w, https:\/\/ypjrojava.net\/wp-content\/uploads\/2026\/03\/15-03-26-merasim-salih-muslim-kobane-3-1536x1024.jpg 1536w, https:\/\/ypjrojava.net\/wp-content\/uploads\/2026\/03\/15-03-26-merasim-salih-muslim-kobane-3-2048x1365.jpg 2048w, https:\/\/ypjrojava.net\/wp-content\/uploads\/2026\/03\/15-03-26-merasim-salih-muslim-kobane-3-630x420.jpg 630w, https:\/\/ypjrojava.net\/wp-content\/uploads\/2026\/03\/15-03-26-merasim-salih-muslim-kobane-3-150x100.jpg 150w, https:\/\/ypjrojava.net\/wp-content\/uploads\/2026\/03\/15-03-26-merasim-salih-muslim-kobane-3-696x464.jpg 696w, https:\/\/ypjrojava.net\/wp-content\/uploads\/2026\/03\/15-03-26-merasim-salih-muslim-kobane-3-1068x712.jpg 1068w, https:\/\/ypjrojava.net\/wp-content\/uploads\/2026\/03\/15-03-26-merasim-salih-muslim-kobane-3-1920x1280.jpg 1920w\" sizes=\"auto, (max-width: 300px) 100vw, 300px\" \/> <img loading=\"lazy\" decoding=\"async\" class=\"alignnone size-medium wp-image-21073\" src=\"https:\/\/ypjrojava.net\/wp-content\/uploads\/2026\/03\/15-03-26-merasim-salih-muslim-kobane-4-300x200.jpg\" alt=\"\" width=\"300\" height=\"200\" srcset=\"https:\/\/ypjrojava.net\/wp-content\/uploads\/2026\/03\/15-03-26-merasim-salih-muslim-kobane-4-300x200.jpg 300w, https:\/\/ypjrojava.net\/wp-content\/uploads\/2026\/03\/15-03-26-merasim-salih-muslim-kobane-4-1024x683.jpg 1024w, https:\/\/ypjrojava.net\/wp-content\/uploads\/2026\/03\/15-03-26-merasim-salih-muslim-kobane-4-768x512.jpg 768w, https:\/\/ypjrojava.net\/wp-content\/uploads\/2026\/03\/15-03-26-merasim-salih-muslim-kobane-4-1536x1024.jpg 1536w, https:\/\/ypjrojava.net\/wp-content\/uploads\/2026\/03\/15-03-26-merasim-salih-muslim-kobane-4-2048x1365.jpg 2048w, https:\/\/ypjrojava.net\/wp-content\/uploads\/2026\/03\/15-03-26-merasim-salih-muslim-kobane-4-630x420.jpg 630w, https:\/\/ypjrojava.net\/wp-content\/uploads\/2026\/03\/15-03-26-merasim-salih-muslim-kobane-4-150x100.jpg 150w, https:\/\/ypjrojava.net\/wp-content\/uploads\/2026\/03\/15-03-26-merasim-salih-muslim-kobane-4-696x464.jpg 696w, https:\/\/ypjrojava.net\/wp-content\/uploads\/2026\/03\/15-03-26-merasim-salih-muslim-kobane-4-1068x712.jpg 1068w, https:\/\/ypjrojava.net\/wp-content\/uploads\/2026\/03\/15-03-26-merasim-salih-muslim-kobane-4-1920x1280.jpg 1920w\" sizes=\"auto, (max-width: 300px) 100vw, 300px\" \/> <img loading=\"lazy\" decoding=\"async\" class=\"alignnone size-medium wp-image-21074\" src=\"https:\/\/ypjrojava.net\/wp-content\/uploads\/2026\/03\/15-03-26-merasim-salih-muslim-kobane-5-300x200.jpg\" alt=\"\" width=\"300\" height=\"200\" srcset=\"https:\/\/ypjrojava.net\/wp-content\/uploads\/2026\/03\/15-03-26-merasim-salih-muslim-kobane-5-300x200.jpg 300w, https:\/\/ypjrojava.net\/wp-content\/uploads\/2026\/03\/15-03-26-merasim-salih-muslim-kobane-5-1024x683.jpg 1024w, https:\/\/ypjrojava.net\/wp-content\/uploads\/2026\/03\/15-03-26-merasim-salih-muslim-kobane-5-768x512.jpg 768w, https:\/\/ypjrojava.net\/wp-content\/uploads\/2026\/03\/15-03-26-merasim-salih-muslim-kobane-5-1536x1024.jpg 1536w, https:\/\/ypjrojava.net\/wp-content\/uploads\/2026\/03\/15-03-26-merasim-salih-muslim-kobane-5-2048x1365.jpg 2048w, https:\/\/ypjrojava.net\/wp-content\/uploads\/2026\/03\/15-03-26-merasim-salih-muslim-kobane-5-630x420.jpg 630w, https:\/\/ypjrojava.net\/wp-content\/uploads\/2026\/03\/15-03-26-merasim-salih-muslim-kobane-5-150x100.jpg 150w, https:\/\/ypjrojava.net\/wp-content\/uploads\/2026\/03\/15-03-26-merasim-salih-muslim-kobane-5-696x464.jpg 696w, https:\/\/ypjrojava.net\/wp-content\/uploads\/2026\/03\/15-03-26-merasim-salih-muslim-kobane-5-1068x712.jpg 1068w, https:\/\/ypjrojava.net\/wp-content\/uploads\/2026\/03\/15-03-26-merasim-salih-muslim-kobane-5-1920x1280.jpg 1920w\" sizes=\"auto, (max-width: 300px) 100vw, 300px\" \/> <img loading=\"lazy\" decoding=\"async\" class=\"alignnone size-medium wp-image-21075\" src=\"https:\/\/ypjrojava.net\/wp-content\/uploads\/2026\/03\/15-03-26-merasim-salih-muslim-kobane-6-300x200.jpg\" alt=\"\" width=\"300\" height=\"200\" srcset=\"https:\/\/ypjrojava.net\/wp-content\/uploads\/2026\/03\/15-03-26-merasim-salih-muslim-kobane-6-300x200.jpg 300w, https:\/\/ypjrojava.net\/wp-content\/uploads\/2026\/03\/15-03-26-merasim-salih-muslim-kobane-6-1024x683.jpg 1024w, https:\/\/ypjrojava.net\/wp-content\/uploads\/2026\/03\/15-03-26-merasim-salih-muslim-kobane-6-768x512.jpg 768w, https:\/\/ypjrojava.net\/wp-content\/uploads\/2026\/03\/15-03-26-merasim-salih-muslim-kobane-6-1536x1024.jpg 1536w, https:\/\/ypjrojava.net\/wp-content\/uploads\/2026\/03\/15-03-26-merasim-salih-muslim-kobane-6-2048x1365.jpg 2048w, https:\/\/ypjrojava.net\/wp-content\/uploads\/2026\/03\/15-03-26-merasim-salih-muslim-kobane-6-630x420.jpg 630w, https:\/\/ypjrojava.net\/wp-content\/uploads\/2026\/03\/15-03-26-merasim-salih-muslim-kobane-6-150x100.jpg 150w, https:\/\/ypjrojava.net\/wp-content\/uploads\/2026\/03\/15-03-26-merasim-salih-muslim-kobane-6-696x464.jpg 696w, https:\/\/ypjrojava.net\/wp-content\/uploads\/2026\/03\/15-03-26-merasim-salih-muslim-kobane-6-1068x712.jpg 1068w, https:\/\/ypjrojava.net\/wp-content\/uploads\/2026\/03\/15-03-26-merasim-salih-muslim-kobane-6-1920x1280.jpg 1920w\" sizes=\"auto, (max-width: 300px) 100vw, 300px\" \/> <img loading=\"lazy\" decoding=\"async\" class=\"alignnone size-medium wp-image-21076\" src=\"https:\/\/ypjrojava.net\/wp-content\/uploads\/2026\/03\/15-03-26-merasim-salih-muslim-kobane-7-300x200.jpg\" alt=\"\" width=\"300\" height=\"200\" srcset=\"https:\/\/ypjrojava.net\/wp-content\/uploads\/2026\/03\/15-03-26-merasim-salih-muslim-kobane-7-300x200.jpg 300w, https:\/\/ypjrojava.net\/wp-content\/uploads\/2026\/03\/15-03-26-merasim-salih-muslim-kobane-7-1024x683.jpg 1024w, https:\/\/ypjrojava.net\/wp-content\/uploads\/2026\/03\/15-03-26-merasim-salih-muslim-kobane-7-768x512.jpg 768w, https:\/\/ypjrojava.net\/wp-content\/uploads\/2026\/03\/15-03-26-merasim-salih-muslim-kobane-7-1536x1024.jpg 1536w, https:\/\/ypjrojava.net\/wp-content\/uploads\/2026\/03\/15-03-26-merasim-salih-muslim-kobane-7-2048x1365.jpg 2048w, https:\/\/ypjrojava.net\/wp-content\/uploads\/2026\/03\/15-03-26-merasim-salih-muslim-kobane-7-630x420.jpg 630w, https:\/\/ypjrojava.net\/wp-content\/uploads\/2026\/03\/15-03-26-merasim-salih-muslim-kobane-7-150x100.jpg 150w, https:\/\/ypjrojava.net\/wp-content\/uploads\/2026\/03\/15-03-26-merasim-salih-muslim-kobane-7-696x464.jpg 696w, https:\/\/ypjrojava.net\/wp-content\/uploads\/2026\/03\/15-03-26-merasim-salih-muslim-kobane-7-1068x712.jpg 1068w, https:\/\/ypjrojava.net\/wp-content\/uploads\/2026\/03\/15-03-26-merasim-salih-muslim-kobane-7-1920x1280.jpg 1920w\" sizes=\"auto, (max-width: 300px) 100vw, 300px\" \/> <img loading=\"lazy\" decoding=\"async\" class=\"alignnone size-medium wp-image-21077\" src=\"https:\/\/ypjrojava.net\/wp-content\/uploads\/2026\/03\/15-03-26-merasim-salih-muslim-kobane-8-300x200.jpg\" alt=\"\" width=\"300\" height=\"200\" srcset=\"https:\/\/ypjrojava.net\/wp-content\/uploads\/2026\/03\/15-03-26-merasim-salih-muslim-kobane-8-300x200.jpg 300w, https:\/\/ypjrojava.net\/wp-content\/uploads\/2026\/03\/15-03-26-merasim-salih-muslim-kobane-8-1024x683.jpg 1024w, https:\/\/ypjrojava.net\/wp-content\/uploads\/2026\/03\/15-03-26-merasim-salih-muslim-kobane-8-768x512.jpg 768w, https:\/\/ypjrojava.net\/wp-content\/uploads\/2026\/03\/15-03-26-merasim-salih-muslim-kobane-8-1536x1024.jpg 1536w, https:\/\/ypjrojava.net\/wp-content\/uploads\/2026\/03\/15-03-26-merasim-salih-muslim-kobane-8-2048x1365.jpg 2048w, https:\/\/ypjrojava.net\/wp-content\/uploads\/2026\/03\/15-03-26-merasim-salih-muslim-kobane-8-630x420.jpg 630w, https:\/\/ypjrojava.net\/wp-content\/uploads\/2026\/03\/15-03-26-merasim-salih-muslim-kobane-8-150x100.jpg 150w, https:\/\/ypjrojava.net\/wp-content\/uploads\/2026\/03\/15-03-26-merasim-salih-muslim-kobane-8-696x464.jpg 696w, https:\/\/ypjrojava.net\/wp-content\/uploads\/2026\/03\/15-03-26-merasim-salih-muslim-kobane-8-1068x712.jpg 1068w, https:\/\/ypjrojava.net\/wp-content\/uploads\/2026\/03\/15-03-26-merasim-salih-muslim-kobane-8-1920x1280.jpg 1920w\" sizes=\"auto, (max-width: 300px) 100vw, 300px\" \/> <img loading=\"lazy\" decoding=\"async\" class=\"alignnone size-medium wp-image-21078\" src=\"https:\/\/ypjrojava.net\/wp-content\/uploads\/2026\/03\/15-03-26-merasim-salih-muslim-kobane-9-300x200.jpg\" alt=\"\" width=\"300\" height=\"200\" srcset=\"https:\/\/ypjrojava.net\/wp-content\/uploads\/2026\/03\/15-03-26-merasim-salih-muslim-kobane-9-300x200.jpg 300w, https:\/\/ypjrojava.net\/wp-content\/uploads\/2026\/03\/15-03-26-merasim-salih-muslim-kobane-9-1024x683.jpg 1024w, https:\/\/ypjrojava.net\/wp-content\/uploads\/2026\/03\/15-03-26-merasim-salih-muslim-kobane-9-768x512.jpg 768w, https:\/\/ypjrojava.net\/wp-content\/uploads\/2026\/03\/15-03-26-merasim-salih-muslim-kobane-9-1536x1024.jpg 1536w, https:\/\/ypjrojava.net\/wp-content\/uploads\/2026\/03\/15-03-26-merasim-salih-muslim-kobane-9-2048x1365.jpg 2048w, https:\/\/ypjrojava.net\/wp-content\/uploads\/2026\/03\/15-03-26-merasim-salih-muslim-kobane-9-630x420.jpg 630w, https:\/\/ypjrojava.net\/wp-content\/uploads\/2026\/03\/15-03-26-merasim-salih-muslim-kobane-9-150x100.jpg 150w, https:\/\/ypjrojava.net\/wp-content\/uploads\/2026\/03\/15-03-26-merasim-salih-muslim-kobane-9-696x464.jpg 696w, https:\/\/ypjrojava.net\/wp-content\/uploads\/2026\/03\/15-03-26-merasim-salih-muslim-kobane-9-1068x712.jpg 1068w, https:\/\/ypjrojava.net\/wp-content\/uploads\/2026\/03\/15-03-26-merasim-salih-muslim-kobane-9-1920x1280.jpg 1920w\" sizes=\"auto, (max-width: 300px) 100vw, 300px\" \/> \u00a0<img loading=\"lazy\" decoding=\"async\" class=\"alignnone size-medium wp-image-21080\" src=\"https:\/\/ypjrojava.net\/wp-content\/uploads\/2026\/03\/15-03-26-merasim-salih-muslim-kobane-11-300x200.jpg\" alt=\"\" width=\"300\" height=\"200\" srcset=\"https:\/\/ypjrojava.net\/wp-content\/uploads\/2026\/03\/15-03-26-merasim-salih-muslim-kobane-11-300x200.jpg 300w, https:\/\/ypjrojava.net\/wp-content\/uploads\/2026\/03\/15-03-26-merasim-salih-muslim-kobane-11-1024x683.jpg 1024w, https:\/\/ypjrojava.net\/wp-content\/uploads\/2026\/03\/15-03-26-merasim-salih-muslim-kobane-11-768x512.jpg 768w, https:\/\/ypjrojava.net\/wp-content\/uploads\/2026\/03\/15-03-26-merasim-salih-muslim-kobane-11-1536x1024.jpg 1536w, https:\/\/ypjrojava.net\/wp-content\/uploads\/2026\/03\/15-03-26-merasim-salih-muslim-kobane-11-2048x1365.jpg 2048w, https:\/\/ypjrojava.net\/wp-content\/uploads\/2026\/03\/15-03-26-merasim-salih-muslim-kobane-11-630x420.jpg 630w, https:\/\/ypjrojava.net\/wp-content\/uploads\/2026\/03\/15-03-26-merasim-salih-muslim-kobane-11-150x100.jpg 150w, https:\/\/ypjrojava.net\/wp-content\/uploads\/2026\/03\/15-03-26-merasim-salih-muslim-kobane-11-696x464.jpg 696w, https:\/\/ypjrojava.net\/wp-content\/uploads\/2026\/03\/15-03-26-merasim-salih-muslim-kobane-11-1068x712.jpg 1068w, https:\/\/ypjrojava.net\/wp-content\/uploads\/2026\/03\/15-03-26-merasim-salih-muslim-kobane-11-1920x1280.jpg 1920w\" sizes=\"auto, (max-width: 300px) 100vw, 300px\" \/> <img loading=\"lazy\" decoding=\"async\" class=\"alignnone size-medium wp-image-21081\" src=\"https:\/\/ypjrojava.net\/wp-content\/uploads\/2026\/03\/15-03-26-merasim-salih-muslim-kobane-12-300x200.jpg\" alt=\"\" width=\"300\" height=\"200\" srcset=\"https:\/\/ypjrojava.net\/wp-content\/uploads\/2026\/03\/15-03-26-merasim-salih-muslim-kobane-12-300x200.jpg 300w, https:\/\/ypjrojava.net\/wp-content\/uploads\/2026\/03\/15-03-26-merasim-salih-muslim-kobane-12-1024x683.jpg 1024w, https:\/\/ypjrojava.net\/wp-content\/uploads\/2026\/03\/15-03-26-merasim-salih-muslim-kobane-12-768x512.jpg 768w, https:\/\/ypjrojava.net\/wp-content\/uploads\/2026\/03\/15-03-26-merasim-salih-muslim-kobane-12-1536x1024.jpg 1536w, https:\/\/ypjrojava.net\/wp-content\/uploads\/2026\/03\/15-03-26-merasim-salih-muslim-kobane-12-2048x1365.jpg 2048w, https:\/\/ypjrojava.net\/wp-content\/uploads\/2026\/03\/15-03-26-merasim-salih-muslim-kobane-12-630x420.jpg 630w, https:\/\/ypjrojava.net\/wp-content\/uploads\/2026\/03\/15-03-26-merasim-salih-muslim-kobane-12-150x100.jpg 150w, https:\/\/ypjrojava.net\/wp-content\/uploads\/2026\/03\/15-03-26-merasim-salih-muslim-kobane-12-696x464.jpg 696w, https:\/\/ypjrojava.net\/wp-content\/uploads\/2026\/03\/15-03-26-merasim-salih-muslim-kobane-12-1068x712.jpg 1068w, https:\/\/ypjrojava.net\/wp-content\/uploads\/2026\/03\/15-03-26-merasim-salih-muslim-kobane-12-1920x1280.jpg 1920w\" sizes=\"auto, (max-width: 300px) 100vw, 300px\" \/> <img loading=\"lazy\" decoding=\"async\" class=\"alignnone size-medium wp-image-21082\" src=\"https:\/\/ypjrojava.net\/wp-content\/uploads\/2026\/03\/15-03-26-merasim-salih-muslim-kobane-13-300x200.jpg\" alt=\"\" width=\"300\" height=\"200\" srcset=\"https:\/\/ypjrojava.net\/wp-content\/uploads\/2026\/03\/15-03-26-merasim-salih-muslim-kobane-13-300x200.jpg 300w, https:\/\/ypjrojava.net\/wp-content\/uploads\/2026\/03\/15-03-26-merasim-salih-muslim-kobane-13-1024x683.jpg 1024w, https:\/\/ypjrojava.net\/wp-content\/uploads\/2026\/03\/15-03-26-merasim-salih-muslim-kobane-13-768x512.jpg 768w, https:\/\/ypjrojava.net\/wp-content\/uploads\/2026\/03\/15-03-26-merasim-salih-muslim-kobane-13-1536x1024.jpg 1536w, https:\/\/ypjrojava.net\/wp-content\/uploads\/2026\/03\/15-03-26-merasim-salih-muslim-kobane-13-2048x1365.jpg 2048w, https:\/\/ypjrojava.net\/wp-content\/uploads\/2026\/03\/15-03-26-merasim-salih-muslim-kobane-13-630x420.jpg 630w, https:\/\/ypjrojava.net\/wp-content\/uploads\/2026\/03\/15-03-26-merasim-salih-muslim-kobane-13-150x100.jpg 150w, https:\/\/ypjrojava.net\/wp-content\/uploads\/2026\/03\/15-03-26-merasim-salih-muslim-kobane-13-696x464.jpg 696w, https:\/\/ypjrojava.net\/wp-content\/uploads\/2026\/03\/15-03-26-merasim-salih-muslim-kobane-13-1068x712.jpg 1068w, https:\/\/ypjrojava.net\/wp-content\/uploads\/2026\/03\/15-03-26-merasim-salih-muslim-kobane-13-1920x1280.jpg 1920w\" sizes=\"auto, (max-width: 300px) 100vw, 300px\" \/> <img loading=\"lazy\" decoding=\"async\" class=\"alignnone size-medium wp-image-21083\" src=\"https:\/\/ypjrojava.net\/wp-content\/uploads\/2026\/03\/15-03-26-merasim-salih-muslim-kobane-14-300x200.jpg\" alt=\"\" width=\"300\" height=\"200\" srcset=\"https:\/\/ypjrojava.net\/wp-content\/uploads\/2026\/03\/15-03-26-merasim-salih-muslim-kobane-14-300x200.jpg 300w, https:\/\/ypjrojava.net\/wp-content\/uploads\/2026\/03\/15-03-26-merasim-salih-muslim-kobane-14-1024x683.jpg 1024w, https:\/\/ypjrojava.net\/wp-content\/uploads\/2026\/03\/15-03-26-merasim-salih-muslim-kobane-14-768x512.jpg 768w, https:\/\/ypjrojava.net\/wp-content\/uploads\/2026\/03\/15-03-26-merasim-salih-muslim-kobane-14-1536x1024.jpg 1536w, https:\/\/ypjrojava.net\/wp-content\/uploads\/2026\/03\/15-03-26-merasim-salih-muslim-kobane-14-2048x1365.jpg 2048w, https:\/\/ypjrojava.net\/wp-content\/uploads\/2026\/03\/15-03-26-merasim-salih-muslim-kobane-14-630x420.jpg 630w, https:\/\/ypjrojava.net\/wp-content\/uploads\/2026\/03\/15-03-26-merasim-salih-muslim-kobane-14-150x100.jpg 150w, https:\/\/ypjrojava.net\/wp-content\/uploads\/2026\/03\/15-03-26-merasim-salih-muslim-kobane-14-696x464.jpg 696w, https:\/\/ypjrojava.net\/wp-content\/uploads\/2026\/03\/15-03-26-merasim-salih-muslim-kobane-14-1068x712.jpg 1068w, https:\/\/ypjrojava.net\/wp-content\/uploads\/2026\/03\/15-03-26-merasim-salih-muslim-kobane-14-1920x1280.jpg 1920w\" sizes=\"auto, (max-width: 300px) 100vw, 300px\" \/> <img loading=\"lazy\" decoding=\"async\" class=\"alignnone size-medium wp-image-21084\" src=\"https:\/\/ypjrojava.net\/wp-content\/uploads\/2026\/03\/15-03-26-merasim-salih-muslim-kobane-15-300x200.jpg\" alt=\"\" width=\"300\" height=\"200\" srcset=\"https:\/\/ypjrojava.net\/wp-content\/uploads\/2026\/03\/15-03-26-merasim-salih-muslim-kobane-15-300x200.jpg 300w, https:\/\/ypjrojava.net\/wp-content\/uploads\/2026\/03\/15-03-26-merasim-salih-muslim-kobane-15-1024x683.jpg 1024w, https:\/\/ypjrojava.net\/wp-content\/uploads\/2026\/03\/15-03-26-merasim-salih-muslim-kobane-15-768x512.jpg 768w, https:\/\/ypjrojava.net\/wp-content\/uploads\/2026\/03\/15-03-26-merasim-salih-muslim-kobane-15-1536x1024.jpg 1536w, https:\/\/ypjrojava.net\/wp-content\/uploads\/2026\/03\/15-03-26-merasim-salih-muslim-kobane-15-2048x1365.jpg 2048w, https:\/\/ypjrojava.net\/wp-content\/uploads\/2026\/03\/15-03-26-merasim-salih-muslim-kobane-15-630x420.jpg 630w, https:\/\/ypjrojava.net\/wp-content\/uploads\/2026\/03\/15-03-26-merasim-salih-muslim-kobane-15-150x100.jpg 150w, https:\/\/ypjrojava.net\/wp-content\/uploads\/2026\/03\/15-03-26-merasim-salih-muslim-kobane-15-696x464.jpg 696w, https:\/\/ypjrojava.net\/wp-content\/uploads\/2026\/03\/15-03-26-merasim-salih-muslim-kobane-15-1068x712.jpg 1068w, https:\/\/ypjrojava.net\/wp-content\/uploads\/2026\/03\/15-03-26-merasim-salih-muslim-kobane-15-1920x1280.jpg 1920w\" sizes=\"auto, (max-width: 300px) 100vw, 300px\" \/><\/p>\n<p><iframe loading=\"lazy\" title=\"Li Koban\u00ea ji bo \u015feh\u00eed Salih Muslim taziye hate dan\u00een\" width=\"696\" height=\"392\" src=\"https:\/\/www.youtube.com\/embed\/hKBmk1HULHg?feature=oembed\" frameborder=\"0\" allow=\"accelerometer; autoplay; clipboard-write; encrypted-media; gyroscope; picture-in-picture; web-share\" referrerpolicy=\"strict-origin-when-cross-origin\" allowfullscreen><\/iframe><\/p>\n<p style=\"text-align: center;\"><strong>Navenda Ragihandina YPJ<\/strong><\/p>\n<p style=\"text-align: center;\"><strong>15-03-2026<\/strong><\/p>\n<p>&nbsp;<\/p>\n","protected":false},"excerpt":{"rendered":"<p>Di meras\u00eema \u015feh\u00eed Salih Muslim de hat gotin ku Bav\u00ea Welat bi salan ji bo doza Kurd\u00ee t\u00eako\u015fiya, div\u00ea yekitiya gel\u00ea Kurd xurt bibe \u00fb gel\u00ea Kurd dest bi p\u00eavajoyeke n\u00fb ya t\u00eako\u015f\u00eena siyas\u00ee kiriye. Karwan\u00ea cenazeya endam\u00ea Desteya Hevserokat\u00ee ya Partiya Yekitiya Demokrat\u00eek (PYD) \u015feh\u00eed Salih Muslim ji Meclisa Malbat\u00ean \u015eeh\u00eedan berbi Pakrewangeha \u015eeh\u00eed [&hellip;]<\/p>\n","protected":false},"author":1,"featured_media":21069,"comment_status":"closed","ping_status":"closed","sticky":false,"template":"","format":"standard","meta":{"footnotes":""},"categories":[102,59,41,38,50,40],"tags":[],"class_list":{"0":"post-21068","1":"post","2":"type-post","3":"status-publish","4":"format-standard","5":"has-post-thumbnail","7":"category-102","8":"category-biranin","9":"category-dimen","10":"category-nuce","11":"category-sahid","12":"category-wene"},"_links":{"self":[{"href":"https:\/\/ypjrojava.net\/index.php?rest_route=\/wp\/v2\/posts\/21068","targetHints":{"allow":["GET"]}}],"collection":[{"href":"https:\/\/ypjrojava.net\/index.php?rest_route=\/wp\/v2\/posts"}],"about":[{"href":"https:\/\/ypjrojava.net\/index.php?rest_route=\/wp\/v2\/types\/post"}],"author":[{"embeddable":true,"href":"https:\/\/ypjrojava.net\/index.php?rest_route=\/wp\/v2\/users\/1"}],"replies":[{"embeddable":true,"href":"https:\/\/ypjrojava.net\/index.php?rest_route=%2Fwp%2Fv2%2Fcomments&post=21068"}],"version-history":[{"count":2,"href":"https:\/\/ypjrojava.net\/index.php?rest_route=\/wp\/v2\/posts\/21068\/revisions"}],"predecessor-version":[{"id":21086,"href":"https:\/\/ypjrojava.net\/index.php?rest_route=\/wp\/v2\/posts\/21068\/revisions\/21086"}],"wp:featuredmedia":[{"embeddable":true,"href":"https:\/\/ypjrojava.net\/index.php?rest_route=\/wp\/v2\/media\/21069"}],"wp:attachment":[{"href":"https:\/\/ypjrojava.net\/index.php?rest_route=%2Fwp%2Fv2%2Fmedia&parent=21068"}],"wp:term":[{"taxonomy":"category","embeddable":true,"href":"https:\/\/ypjrojava.net\/index.php?rest_route=%2Fwp%2Fv2%2Fcategories&post=21068"},{"taxonomy":"post_tag","embeddable":true,"href":"https:\/\/ypjrojava.net\/index.php?rest_route=%2Fwp%2Fv2%2Ftags&post=21068"}],"curies":[{"name":"wp","href":"https:\/\/api.w.org\/{rel}","templated":true}]}}