{"id":21110,"date":"2026-03-16T12:06:43","date_gmt":"2026-03-16T12:06:43","guid":{"rendered":"https:\/\/ypjrojava.net\/?p=21110"},"modified":"2026-03-16T22:14:38","modified_gmt":"2026-03-16T22:14:38","slug":"peyama-servanen-ypj-ji-bo-sehiden-adare","status":"publish","type":"post","link":"https:\/\/ypjrojava.net\/?p=21110","title":{"rendered":"Peyama \u015eervan\u00ean YPJ Ji Bo \u015eeh\u00eed\u00ean Adar\u00ea"},"content":{"rendered":"<p>\u015eervan\u00ean YPJ ji bo \u015feh\u00eed\u00ean meha Adar \u00ea hest\u00ean xwe an\u00een ziman \u015fervana YPJ bi nav\u00ea Bawer\u00een Ciwan \u00fb \u00c7avre\u015f Am\u00fbd\u00ea \u015feh\u00eed\u00ean meha Adar\u00ea \u00fb hem\u00fb \u015feh\u00eed\u00ean tevgera azadiy\u00ea bi h\u00fbrmet \u00fb r\u00eazdar\u00ee bib\u00eer an\u00een. Dan zan\u00een ku em\u00ea bibin \u015fopdar\u00ea r\u00eaheval\u00ea \u015feh\u00eed \u00fb li ser xeta azadiy\u00ea bime\u015fin \u00fb soza teko\u015f\u00een\u00ea ji n\u00fbve ava bikin meha adar\u00ea meha \u015feh\u00eedane.<\/p>\n<p><img loading=\"lazy\" decoding=\"async\" class=\"alignnone size-medium wp-image-21112\" src=\"https:\/\/ypjrojava.net\/wp-content\/uploads\/2026\/03\/16-03-26-sehiden-meha-adar-biranin-servan-bawerin-cavre-1-300x200.jpg\" alt=\"\" width=\"300\" height=\"200\" srcset=\"https:\/\/ypjrojava.net\/wp-content\/uploads\/2026\/03\/16-03-26-sehiden-meha-adar-biranin-servan-bawerin-cavre-1-300x200.jpg 300w, https:\/\/ypjrojava.net\/wp-content\/uploads\/2026\/03\/16-03-26-sehiden-meha-adar-biranin-servan-bawerin-cavre-1-1024x683.jpg 1024w, https:\/\/ypjrojava.net\/wp-content\/uploads\/2026\/03\/16-03-26-sehiden-meha-adar-biranin-servan-bawerin-cavre-1-768x512.jpg 768w, https:\/\/ypjrojava.net\/wp-content\/uploads\/2026\/03\/16-03-26-sehiden-meha-adar-biranin-servan-bawerin-cavre-1-1536x1024.jpg 1536w, https:\/\/ypjrojava.net\/wp-content\/uploads\/2026\/03\/16-03-26-sehiden-meha-adar-biranin-servan-bawerin-cavre-1-2048x1365.jpg 2048w, https:\/\/ypjrojava.net\/wp-content\/uploads\/2026\/03\/16-03-26-sehiden-meha-adar-biranin-servan-bawerin-cavre-1-630x420.jpg 630w, https:\/\/ypjrojava.net\/wp-content\/uploads\/2026\/03\/16-03-26-sehiden-meha-adar-biranin-servan-bawerin-cavre-1-150x100.jpg 150w, https:\/\/ypjrojava.net\/wp-content\/uploads\/2026\/03\/16-03-26-sehiden-meha-adar-biranin-servan-bawerin-cavre-1-696x464.jpg 696w, https:\/\/ypjrojava.net\/wp-content\/uploads\/2026\/03\/16-03-26-sehiden-meha-adar-biranin-servan-bawerin-cavre-1-1068x712.jpg 1068w, https:\/\/ypjrojava.net\/wp-content\/uploads\/2026\/03\/16-03-26-sehiden-meha-adar-biranin-servan-bawerin-cavre-1-1920x1280.jpg 1920w\" sizes=\"auto, (max-width: 300px) 100vw, 300px\" \/><\/p>\n<p>\u015eervan\u00ean YPJ Bawer\u00een Ciwan di axaftin\u00ea xwe de da zan\u00een \u201c\u015eeh\u00eed nirx\u00ea me y\u00ean manew\u00ee ne. Wiha bi daw\u00ee kir ku em j\u00ee bi nirx\u00ea \u015feh\u00eedan mezin dibin.\u201d<\/p>\n<p><img loading=\"lazy\" decoding=\"async\" class=\"alignnone size-medium wp-image-21113\" src=\"https:\/\/ypjrojava.net\/wp-content\/uploads\/2026\/03\/16-03-26-sehiden-meha-adar-biranin-servan-bawerin-cavre-2-300x200.jpg\" alt=\"\" width=\"300\" height=\"200\" srcset=\"https:\/\/ypjrojava.net\/wp-content\/uploads\/2026\/03\/16-03-26-sehiden-meha-adar-biranin-servan-bawerin-cavre-2-300x200.jpg 300w, https:\/\/ypjrojava.net\/wp-content\/uploads\/2026\/03\/16-03-26-sehiden-meha-adar-biranin-servan-bawerin-cavre-2-1024x683.jpg 1024w, https:\/\/ypjrojava.net\/wp-content\/uploads\/2026\/03\/16-03-26-sehiden-meha-adar-biranin-servan-bawerin-cavre-2-768x512.jpg 768w, https:\/\/ypjrojava.net\/wp-content\/uploads\/2026\/03\/16-03-26-sehiden-meha-adar-biranin-servan-bawerin-cavre-2-1536x1024.jpg 1536w, https:\/\/ypjrojava.net\/wp-content\/uploads\/2026\/03\/16-03-26-sehiden-meha-adar-biranin-servan-bawerin-cavre-2-2048x1365.jpg 2048w, https:\/\/ypjrojava.net\/wp-content\/uploads\/2026\/03\/16-03-26-sehiden-meha-adar-biranin-servan-bawerin-cavre-2-630x420.jpg 630w, https:\/\/ypjrojava.net\/wp-content\/uploads\/2026\/03\/16-03-26-sehiden-meha-adar-biranin-servan-bawerin-cavre-2-150x100.jpg 150w, https:\/\/ypjrojava.net\/wp-content\/uploads\/2026\/03\/16-03-26-sehiden-meha-adar-biranin-servan-bawerin-cavre-2-696x464.jpg 696w, https:\/\/ypjrojava.net\/wp-content\/uploads\/2026\/03\/16-03-26-sehiden-meha-adar-biranin-servan-bawerin-cavre-2-1068x712.jpg 1068w, https:\/\/ypjrojava.net\/wp-content\/uploads\/2026\/03\/16-03-26-sehiden-meha-adar-biranin-servan-bawerin-cavre-2-1920x1280.jpg 1920w\" sizes=\"auto, (max-width: 300px) 100vw, 300px\" \/><\/p>\n<p>Heman dem\u00ea \u00c7avre\u015f Am\u00fbd\u00ea j\u00ee an\u00ee ziman ku \u201cTu car\u00ee em keda heval\u00ea \u015feh\u00eed li erd\u00ea nah\u00ealin \u00fb em soza p\u00eakan\u00eena xeyal\u00ean hevrey\u00ean xwe y\u00ean \u015feh\u00eed didin.\u201d<\/p>\n<p><iframe loading=\"lazy\" title=\"Peyama \u015eervan\u00ean YPJ Ji Bo \u015eeh\u00eed\u00ean Adar\u00ea\" width=\"696\" height=\"392\" src=\"https:\/\/www.youtube.com\/embed\/KTvFZVxEVpk?feature=oembed\" frameborder=\"0\" allow=\"accelerometer; autoplay; clipboard-write; encrypted-media; gyroscope; picture-in-picture; web-share\" referrerpolicy=\"strict-origin-when-cross-origin\" allowfullscreen><\/iframe><\/p>\n<p><iframe loading=\"lazy\" title=\"JI BO B\u00ceRAN\u00ceNA \u015eEH\u00ceDEN MEHA ADAR\u00ca\" width=\"696\" height=\"392\" src=\"https:\/\/www.youtube.com\/embed\/kKhA-77FjZg?feature=oembed\" frameborder=\"0\" allow=\"accelerometer; autoplay; clipboard-write; encrypted-media; gyroscope; picture-in-picture; web-share\" referrerpolicy=\"strict-origin-when-cross-origin\" allowfullscreen><\/iframe><\/p>\n","protected":false},"excerpt":{"rendered":"<p>\u015eervan\u00ean YPJ ji bo \u015feh\u00eed\u00ean meha Adar \u00ea hest\u00ean xwe an\u00een ziman \u015fervana YPJ bi nav\u00ea Bawer\u00een Ciwan \u00fb \u00c7avre\u015f Am\u00fbd\u00ea \u015feh\u00eed\u00ean meha Adar\u00ea \u00fb hem\u00fb \u015feh\u00eed\u00ean tevgera azadiy\u00ea bi h\u00fbrmet \u00fb r\u00eazdar\u00ee bib\u00eer an\u00een. Dan zan\u00een ku em\u00ea bibin \u015fopdar\u00ea r\u00eaheval\u00ea \u015feh\u00eed \u00fb li ser xeta azadiy\u00ea bime\u015fin \u00fb soza teko\u015f\u00een\u00ea ji n\u00fbve ava [&hellip;]<\/p>\n","protected":false},"author":1,"featured_media":21111,"comment_status":"closed","ping_status":"closed","sticky":false,"template":"","format":"standard","meta":{"footnotes":""},"categories":[102,59,105,41,106,38,50,40],"tags":[],"class_list":{"0":"post-21110","1":"post","2":"type-post","3":"status-publish","4":"format-standard","5":"has-post-thumbnail","7":"category-102","8":"category-biranin","9":"category-biranina-sehidan","10":"category-dimen","11":"category-ditbar","12":"category-nuce","13":"category-sahid","14":"category-wene"},"_links":{"self":[{"href":"https:\/\/ypjrojava.net\/index.php?rest_route=\/wp\/v2\/posts\/21110","targetHints":{"allow":["GET"]}}],"collection":[{"href":"https:\/\/ypjrojava.net\/index.php?rest_route=\/wp\/v2\/posts"}],"about":[{"href":"https:\/\/ypjrojava.net\/index.php?rest_route=\/wp\/v2\/types\/post"}],"author":[{"embeddable":true,"href":"https:\/\/ypjrojava.net\/index.php?rest_route=\/wp\/v2\/users\/1"}],"replies":[{"embeddable":true,"href":"https:\/\/ypjrojava.net\/index.php?rest_route=%2Fwp%2Fv2%2Fcomments&post=21110"}],"version-history":[{"count":2,"href":"https:\/\/ypjrojava.net\/index.php?rest_route=\/wp\/v2\/posts\/21110\/revisions"}],"predecessor-version":[{"id":21124,"href":"https:\/\/ypjrojava.net\/index.php?rest_route=\/wp\/v2\/posts\/21110\/revisions\/21124"}],"wp:featuredmedia":[{"embeddable":true,"href":"https:\/\/ypjrojava.net\/index.php?rest_route=\/wp\/v2\/media\/21111"}],"wp:attachment":[{"href":"https:\/\/ypjrojava.net\/index.php?rest_route=%2Fwp%2Fv2%2Fmedia&parent=21110"}],"wp:term":[{"taxonomy":"category","embeddable":true,"href":"https:\/\/ypjrojava.net\/index.php?rest_route=%2Fwp%2Fv2%2Fcategories&post=21110"},{"taxonomy":"post_tag","embeddable":true,"href":"https:\/\/ypjrojava.net\/index.php?rest_route=%2Fwp%2Fv2%2Ftags&post=21110"}],"curies":[{"name":"wp","href":"https:\/\/api.w.org\/{rel}","templated":true}]}}