{"id":21567,"date":"2026-04-25T15:03:34","date_gmt":"2026-04-25T14:03:34","guid":{"rendered":"https:\/\/ypjrojava.net\/?p=21567"},"modified":"2026-04-25T15:04:35","modified_gmt":"2026-04-25T14:04:35","slug":"bi-tevlebuna-girseyi-li-derike-sehiden-qerecoxe-hatin-bibiranin","status":"publish","type":"post","link":"https:\/\/ypjrojava.net\/?p=21567","title":{"rendered":"Bi Tevl\u00eab\u00fbna Girsey\u00ee Li D\u00earik\u00ea \u015eeh\u00eed\u00ean Qere\u00e7ox\u00ea Hatin Bib\u00eeran\u00een"},"content":{"rendered":"<p>Bi sedan \u015f\u00eaniy\u00ean bajar\u00ea D\u00earik\u00ea \u00fb nav\u00e7eya Girk\u00ea Leg\u00ea, \u00eero salvegera \u015feh\u00eed\u00ean komkujiya Qere\u00e7ox\u00ea bi meras\u00eemeke ni\u015ftiman\u00ee li Bax\u00e7ey\u00ea \u015eeh\u00eedan \u00ea li \u00e7iyay\u00ea Qere\u00e7ox\u00ea bi b\u00eer an\u00een. Di meras\u00eem\u00ea de peyam\u00ean bilindkirina asta t\u00eako\u015f\u00een\u00ea \u00fb parastina yek\u00eetiya civak\u00ee hatin day\u00een.<\/p>\n<p>Meras\u00eem bi deqeyeke r\u00eazgirtin\u00ea ji bo giyan\u00ea \u015feh\u00eedan dest p\u00ea kir. Pa\u015f\u00ea \u00e7end axaftin hatin kirin \u00fb bal hat ki\u015fandin ser f\u00eedakariy\u00ean ku \u015fervanan ji bo parastina her\u00eam\u00ea di r\u00fby\u00ea \u00eari\u015f \u00fb gef\u00ean derve de n\u00ee\u015fan dane.<\/p>\n<p>Di \u00e7ar\u00e7oveya \u00e7alakiy\u00ea de, endam\u00ea Mecl\u00eesa Malbat\u00ean \u015eeh\u00eedan, Mihemed Se\u00eed axiv\u00ee \u00fb bal ki\u015fand ser v\u00eena pola ya p\u00eakhateyan li hember\u00ee dagirkeriy\u00ea \u00fb got:<\/p>\n<p>&#8220;Em h\u00eaza xwe ji \u015feh\u00eed\u00ean xwe digirin. Dijmin nikare tifaqa gel\u00ea me y\u00ea berxwed\u00ear xira bike. \u00cero li v\u00ea der\u00ea yek\u00eetiyeke rast\u00een di navbera Kurd, Ereb \u00fb Suryanan de heye; ev yek\u00eet\u00ee bi xw\u00eena \u015feh\u00eedan hatiye avakirin. Em \u00ea r\u00ea nedin dewleta Tirk a dagirker \u00fb d\u00fbv\u00e7\u00fbn\u00ean w\u00ea ku v\u00ea jiyana hevbe\u015f xira bikin.&#8221;<\/p>\n<p><strong>Maf bi fikir \u00fb berxwedan\u00ea hatin bidestxistin<\/strong><\/p>\n<p>Ji aliy\u00ea xwe ve, r\u00eavebera Kongra Star \u015eerf\u00een D\u00earik tekez kir ku destkeftiy\u00ean \u00eero encama t\u00eako\u015f\u00eeneke d\u00fbredur in \u00fb wiha got: &#8220;Heb\u00fbna me \u00fb naskirina maf\u00ean gel\u00ea Kurd bi saya xw\u00eena \u015feh\u00eedan \u00fb fikir \u00fb felsefeya R\u00eaber Abdullah Ocalan p\u00eak hat. Em bi \u015feh\u00eed\u00ean xwe y\u00ean ku li ser v\u00ea r\u00eay\u00ea ji bo azadiy\u00ea me\u015fiyan serbilind in. Em \u00ea heta bidestxistina hem\u00fb mafan li ser v\u00ea \u015fop\u00ea bin.&#8221;<\/p>\n<p>Meras\u00eem bi berzkirina dir\u00fb\u015fm\u00ean \u015fore\u015fger\u00ee y\u00ean ku \u015feh\u00eedan silav dikin \u00fb daxwaza azadiya R\u00eaber Abdullah Ocalan dikin, bi daw\u00ee b\u00fb. Be\u015fdaran careke din peymana domandina r\u00eaya \u015feh\u00eedan \u00fb parastina destkeftiy\u00ean R\u00eaveberiya Xweser \u00fb biratiya gelan n\u00fb kirin.<\/p>\n<p><iframe loading=\"lazy\" title=\"Bi Tevl\u00eab\u00fbna Girsey\u00ee.. Li D\u00earik\u00ea \u015eeh\u00eed\u00ean Qere\u00e7ox\u00ea Hatin Bib\u00eeran\u00een\" width=\"696\" height=\"392\" src=\"https:\/\/www.youtube.com\/embed\/x2N4NjewqgE?feature=oembed\" frameborder=\"0\" allow=\"accelerometer; autoplay; clipboard-write; encrypted-media; gyroscope; picture-in-picture; web-share\" referrerpolicy=\"strict-origin-when-cross-origin\" allowfullscreen><\/iframe><\/p>\n<p><img loading=\"lazy\" decoding=\"async\" class=\"alignnone size-medium wp-image-21569\" src=\"https:\/\/ypjrojava.net\/wp-content\/uploads\/2026\/04\/1-1-1-300x200.jpg\" alt=\"\" width=\"300\" height=\"200\" srcset=\"https:\/\/ypjrojava.net\/wp-content\/uploads\/2026\/04\/1-1-1-300x200.jpg 300w, https:\/\/ypjrojava.net\/wp-content\/uploads\/2026\/04\/1-1-1-1024x683.jpg 1024w, https:\/\/ypjrojava.net\/wp-content\/uploads\/2026\/04\/1-1-1-768x512.jpg 768w, https:\/\/ypjrojava.net\/wp-content\/uploads\/2026\/04\/1-1-1-1536x1024.jpg 1536w, https:\/\/ypjrojava.net\/wp-content\/uploads\/2026\/04\/1-1-1-2048x1365.jpg 2048w, https:\/\/ypjrojava.net\/wp-content\/uploads\/2026\/04\/1-1-1-630x420.jpg 630w, https:\/\/ypjrojava.net\/wp-content\/uploads\/2026\/04\/1-1-1-150x100.jpg 150w, https:\/\/ypjrojava.net\/wp-content\/uploads\/2026\/04\/1-1-1-696x464.jpg 696w, https:\/\/ypjrojava.net\/wp-content\/uploads\/2026\/04\/1-1-1-1068x712.jpg 1068w, https:\/\/ypjrojava.net\/wp-content\/uploads\/2026\/04\/1-1-1-1920x1280.jpg 1920w\" sizes=\"auto, (max-width: 300px) 100vw, 300px\" \/> <img loading=\"lazy\" decoding=\"async\" class=\"alignnone size-medium wp-image-21570\" src=\"https:\/\/ypjrojava.net\/wp-content\/uploads\/2026\/04\/1-3-300x200.jpg\" alt=\"\" width=\"300\" height=\"200\" srcset=\"https:\/\/ypjrojava.net\/wp-content\/uploads\/2026\/04\/1-3-300x200.jpg 300w, https:\/\/ypjrojava.net\/wp-content\/uploads\/2026\/04\/1-3-1024x683.jpg 1024w, https:\/\/ypjrojava.net\/wp-content\/uploads\/2026\/04\/1-3-768x512.jpg 768w, https:\/\/ypjrojava.net\/wp-content\/uploads\/2026\/04\/1-3-1536x1024.jpg 1536w, https:\/\/ypjrojava.net\/wp-content\/uploads\/2026\/04\/1-3-2048x1365.jpg 2048w, https:\/\/ypjrojava.net\/wp-content\/uploads\/2026\/04\/1-3-630x420.jpg 630w, https:\/\/ypjrojava.net\/wp-content\/uploads\/2026\/04\/1-3-150x100.jpg 150w, https:\/\/ypjrojava.net\/wp-content\/uploads\/2026\/04\/1-3-696x464.jpg 696w, https:\/\/ypjrojava.net\/wp-content\/uploads\/2026\/04\/1-3-1068x712.jpg 1068w, https:\/\/ypjrojava.net\/wp-content\/uploads\/2026\/04\/1-3-1920x1280.jpg 1920w\" sizes=\"auto, (max-width: 300px) 100vw, 300px\" \/> <img loading=\"lazy\" decoding=\"async\" class=\"alignnone size-medium wp-image-21571\" src=\"https:\/\/ypjrojava.net\/wp-content\/uploads\/2026\/04\/1-4-300x200.jpg\" alt=\"\" width=\"300\" height=\"200\" srcset=\"https:\/\/ypjrojava.net\/wp-content\/uploads\/2026\/04\/1-4-300x200.jpg 300w, https:\/\/ypjrojava.net\/wp-content\/uploads\/2026\/04\/1-4-1024x683.jpg 1024w, https:\/\/ypjrojava.net\/wp-content\/uploads\/2026\/04\/1-4-768x512.jpg 768w, https:\/\/ypjrojava.net\/wp-content\/uploads\/2026\/04\/1-4-1536x1024.jpg 1536w, https:\/\/ypjrojava.net\/wp-content\/uploads\/2026\/04\/1-4-2048x1365.jpg 2048w, https:\/\/ypjrojava.net\/wp-content\/uploads\/2026\/04\/1-4-630x420.jpg 630w, https:\/\/ypjrojava.net\/wp-content\/uploads\/2026\/04\/1-4-150x100.jpg 150w, https:\/\/ypjrojava.net\/wp-content\/uploads\/2026\/04\/1-4-696x464.jpg 696w, https:\/\/ypjrojava.net\/wp-content\/uploads\/2026\/04\/1-4-1068x712.jpg 1068w, https:\/\/ypjrojava.net\/wp-content\/uploads\/2026\/04\/1-4-1920x1280.jpg 1920w\" sizes=\"auto, (max-width: 300px) 100vw, 300px\" \/> <img loading=\"lazy\" decoding=\"async\" class=\"alignnone size-medium wp-image-21572\" src=\"https:\/\/ypjrojava.net\/wp-content\/uploads\/2026\/04\/1-5-300x200.jpg\" alt=\"\" width=\"300\" height=\"200\" srcset=\"https:\/\/ypjrojava.net\/wp-content\/uploads\/2026\/04\/1-5-300x200.jpg 300w, https:\/\/ypjrojava.net\/wp-content\/uploads\/2026\/04\/1-5-1024x683.jpg 1024w, https:\/\/ypjrojava.net\/wp-content\/uploads\/2026\/04\/1-5-768x512.jpg 768w, https:\/\/ypjrojava.net\/wp-content\/uploads\/2026\/04\/1-5-1536x1024.jpg 1536w, https:\/\/ypjrojava.net\/wp-content\/uploads\/2026\/04\/1-5-2048x1365.jpg 2048w, https:\/\/ypjrojava.net\/wp-content\/uploads\/2026\/04\/1-5-630x420.jpg 630w, https:\/\/ypjrojava.net\/wp-content\/uploads\/2026\/04\/1-5-150x100.jpg 150w, https:\/\/ypjrojava.net\/wp-content\/uploads\/2026\/04\/1-5-696x464.jpg 696w, https:\/\/ypjrojava.net\/wp-content\/uploads\/2026\/04\/1-5-1068x712.jpg 1068w, https:\/\/ypjrojava.net\/wp-content\/uploads\/2026\/04\/1-5-1920x1280.jpg 1920w\" sizes=\"auto, (max-width: 300px) 100vw, 300px\" \/> <img loading=\"lazy\" decoding=\"async\" class=\"alignnone size-medium wp-image-21573\" src=\"https:\/\/ypjrojava.net\/wp-content\/uploads\/2026\/04\/1-6-300x200.jpg\" alt=\"\" width=\"300\" height=\"200\" srcset=\"https:\/\/ypjrojava.net\/wp-content\/uploads\/2026\/04\/1-6-300x200.jpg 300w, https:\/\/ypjrojava.net\/wp-content\/uploads\/2026\/04\/1-6-1024x683.jpg 1024w, https:\/\/ypjrojava.net\/wp-content\/uploads\/2026\/04\/1-6-768x512.jpg 768w, https:\/\/ypjrojava.net\/wp-content\/uploads\/2026\/04\/1-6-1536x1024.jpg 1536w, https:\/\/ypjrojava.net\/wp-content\/uploads\/2026\/04\/1-6-2048x1365.jpg 2048w, https:\/\/ypjrojava.net\/wp-content\/uploads\/2026\/04\/1-6-630x420.jpg 630w, https:\/\/ypjrojava.net\/wp-content\/uploads\/2026\/04\/1-6-150x100.jpg 150w, https:\/\/ypjrojava.net\/wp-content\/uploads\/2026\/04\/1-6-696x464.jpg 696w, https:\/\/ypjrojava.net\/wp-content\/uploads\/2026\/04\/1-6-1068x712.jpg 1068w, https:\/\/ypjrojava.net\/wp-content\/uploads\/2026\/04\/1-6-1920x1280.jpg 1920w\" sizes=\"auto, (max-width: 300px) 100vw, 300px\" \/> <img loading=\"lazy\" decoding=\"async\" class=\"alignnone size-medium wp-image-21574\" src=\"https:\/\/ypjrojava.net\/wp-content\/uploads\/2026\/04\/1-7-300x200.jpg\" alt=\"\" width=\"300\" height=\"200\" srcset=\"https:\/\/ypjrojava.net\/wp-content\/uploads\/2026\/04\/1-7-300x200.jpg 300w, https:\/\/ypjrojava.net\/wp-content\/uploads\/2026\/04\/1-7-1024x683.jpg 1024w, https:\/\/ypjrojava.net\/wp-content\/uploads\/2026\/04\/1-7-768x512.jpg 768w, https:\/\/ypjrojava.net\/wp-content\/uploads\/2026\/04\/1-7-1536x1024.jpg 1536w, https:\/\/ypjrojava.net\/wp-content\/uploads\/2026\/04\/1-7-2048x1365.jpg 2048w, https:\/\/ypjrojava.net\/wp-content\/uploads\/2026\/04\/1-7-630x420.jpg 630w, https:\/\/ypjrojava.net\/wp-content\/uploads\/2026\/04\/1-7-150x100.jpg 150w, https:\/\/ypjrojava.net\/wp-content\/uploads\/2026\/04\/1-7-696x464.jpg 696w, https:\/\/ypjrojava.net\/wp-content\/uploads\/2026\/04\/1-7-1068x712.jpg 1068w, https:\/\/ypjrojava.net\/wp-content\/uploads\/2026\/04\/1-7-1920x1280.jpg 1920w\" sizes=\"auto, (max-width: 300px) 100vw, 300px\" \/> <img loading=\"lazy\" decoding=\"async\" class=\"alignnone size-medium wp-image-21575\" src=\"https:\/\/ypjrojava.net\/wp-content\/uploads\/2026\/04\/1-8-300x200.jpg\" alt=\"\" width=\"300\" height=\"200\" srcset=\"https:\/\/ypjrojava.net\/wp-content\/uploads\/2026\/04\/1-8-300x200.jpg 300w, https:\/\/ypjrojava.net\/wp-content\/uploads\/2026\/04\/1-8-1024x683.jpg 1024w, https:\/\/ypjrojava.net\/wp-content\/uploads\/2026\/04\/1-8-768x512.jpg 768w, https:\/\/ypjrojava.net\/wp-content\/uploads\/2026\/04\/1-8-1536x1024.jpg 1536w, https:\/\/ypjrojava.net\/wp-content\/uploads\/2026\/04\/1-8-2048x1365.jpg 2048w, https:\/\/ypjrojava.net\/wp-content\/uploads\/2026\/04\/1-8-630x420.jpg 630w, https:\/\/ypjrojava.net\/wp-content\/uploads\/2026\/04\/1-8-150x100.jpg 150w, https:\/\/ypjrojava.net\/wp-content\/uploads\/2026\/04\/1-8-696x464.jpg 696w, https:\/\/ypjrojava.net\/wp-content\/uploads\/2026\/04\/1-8-1068x712.jpg 1068w, https:\/\/ypjrojava.net\/wp-content\/uploads\/2026\/04\/1-8-1920x1280.jpg 1920w\" sizes=\"auto, (max-width: 300px) 100vw, 300px\" \/> <img loading=\"lazy\" decoding=\"async\" class=\"alignnone size-medium wp-image-21576\" src=\"https:\/\/ypjrojava.net\/wp-content\/uploads\/2026\/04\/1-9-300x200.jpg\" alt=\"\" width=\"300\" height=\"200\" srcset=\"https:\/\/ypjrojava.net\/wp-content\/uploads\/2026\/04\/1-9-300x200.jpg 300w, https:\/\/ypjrojava.net\/wp-content\/uploads\/2026\/04\/1-9-1024x683.jpg 1024w, https:\/\/ypjrojava.net\/wp-content\/uploads\/2026\/04\/1-9-768x512.jpg 768w, https:\/\/ypjrojava.net\/wp-content\/uploads\/2026\/04\/1-9-1536x1024.jpg 1536w, https:\/\/ypjrojava.net\/wp-content\/uploads\/2026\/04\/1-9-2048x1365.jpg 2048w, https:\/\/ypjrojava.net\/wp-content\/uploads\/2026\/04\/1-9-630x420.jpg 630w, https:\/\/ypjrojava.net\/wp-content\/uploads\/2026\/04\/1-9-150x100.jpg 150w, https:\/\/ypjrojava.net\/wp-content\/uploads\/2026\/04\/1-9-696x464.jpg 696w, https:\/\/ypjrojava.net\/wp-content\/uploads\/2026\/04\/1-9-1068x712.jpg 1068w, https:\/\/ypjrojava.net\/wp-content\/uploads\/2026\/04\/1-9-1920x1280.jpg 1920w\" sizes=\"auto, (max-width: 300px) 100vw, 300px\" \/><\/p>\n","protected":false},"excerpt":{"rendered":"<p>Bi sedan \u015f\u00eaniy\u00ean bajar\u00ea D\u00earik\u00ea \u00fb nav\u00e7eya Girk\u00ea Leg\u00ea, \u00eero salvegera \u015feh\u00eed\u00ean komkujiya Qere\u00e7ox\u00ea bi meras\u00eemeke ni\u015ftiman\u00ee li Bax\u00e7ey\u00ea \u015eeh\u00eedan \u00ea li \u00e7iyay\u00ea Qere\u00e7ox\u00ea bi b\u00eer an\u00een. Di meras\u00eem\u00ea de peyam\u00ean bilindkirina asta t\u00eako\u015f\u00een\u00ea \u00fb parastina yek\u00eetiya civak\u00ee hatin day\u00een. Meras\u00eem bi deqeyeke r\u00eazgirtin\u00ea ji bo giyan\u00ea \u015feh\u00eedan dest p\u00ea kir. Pa\u015f\u00ea \u00e7end axaftin hatin [&hellip;]<\/p>\n","protected":false},"author":1,"featured_media":21568,"comment_status":"closed","ping_status":"closed","sticky":false,"template":"","format":"standard","meta":{"footnotes":""},"categories":[102,59,105,39,41,40],"tags":[],"class_list":{"0":"post-21567","1":"post","2":"type-post","3":"status-publish","4":"format-standard","5":"has-post-thumbnail","7":"category-102","8":"category-biranin","9":"category-biranina-sehidan","10":"category-daxuyani","11":"category-dimen","12":"category-wene"},"_links":{"self":[{"href":"https:\/\/ypjrojava.net\/index.php?rest_route=\/wp\/v2\/posts\/21567","targetHints":{"allow":["GET"]}}],"collection":[{"href":"https:\/\/ypjrojava.net\/index.php?rest_route=\/wp\/v2\/posts"}],"about":[{"href":"https:\/\/ypjrojava.net\/index.php?rest_route=\/wp\/v2\/types\/post"}],"author":[{"embeddable":true,"href":"https:\/\/ypjrojava.net\/index.php?rest_route=\/wp\/v2\/users\/1"}],"replies":[{"embeddable":true,"href":"https:\/\/ypjrojava.net\/index.php?rest_route=%2Fwp%2Fv2%2Fcomments&post=21567"}],"version-history":[{"count":3,"href":"https:\/\/ypjrojava.net\/index.php?rest_route=\/wp\/v2\/posts\/21567\/revisions"}],"predecessor-version":[{"id":21580,"href":"https:\/\/ypjrojava.net\/index.php?rest_route=\/wp\/v2\/posts\/21567\/revisions\/21580"}],"wp:featuredmedia":[{"embeddable":true,"href":"https:\/\/ypjrojava.net\/index.php?rest_route=\/wp\/v2\/media\/21568"}],"wp:attachment":[{"href":"https:\/\/ypjrojava.net\/index.php?rest_route=%2Fwp%2Fv2%2Fmedia&parent=21567"}],"wp:term":[{"taxonomy":"category","embeddable":true,"href":"https:\/\/ypjrojava.net\/index.php?rest_route=%2Fwp%2Fv2%2Fcategories&post=21567"},{"taxonomy":"post_tag","embeddable":true,"href":"https:\/\/ypjrojava.net\/index.php?rest_route=%2Fwp%2Fv2%2Ftags&post=21567"}],"curies":[{"name":"wp","href":"https:\/\/api.w.org\/{rel}","templated":true}]}}