{"id":21591,"date":"2026-04-29T10:14:45","date_gmt":"2026-04-29T09:14:45","guid":{"rendered":"https:\/\/ypjrojava.net\/?p=21591"},"modified":"2026-04-29T10:14:45","modified_gmt":"2026-04-29T09:14:45","slug":"ji-gele-me-u-raya-gisti-re-60","status":"publish","type":"post","link":"https:\/\/ypjrojava.net\/?p=21591","title":{"rendered":"JI GEL\u00ca ME \u00db RAYA GI\u015eT\u00ce RE"},"content":{"rendered":"<p>D\u00eeroka azadiy\u00ea, bi p\u00ean\u00fbsa lehengan t\u00ea niv\u00eesandin; bi xw\u00een \u00fb v\u00eena wan a ku li hember\u00ee tar\u00eetiy\u00ea, \u00e7iray\u00ean ronahiy\u00ea t\u00ea afirandin. Hevr\u00eaya me Z\u00eelan Koban\u00ea, di nava malbateke welatpar\u00eaz de bi h\u00eem\u00ean k\u00fbr \u00ean ax \u00fb \u00e7anda welatpar\u00eaziy\u00ea mezin b\u00fb \u00fb ev gir\u00eadana xwe bi felsefeya jiyana azad re kir yek. Me\u015fa ku Z\u00eelan\u00ea bi fedakariyeke mezin da destp\u00eakirin, \u00eero veguheriye \u015fore\u015feke gerd\u00fbn\u00ee ya jin\u00ea.Em di ser\u00eede ji m\u00eemar\u00ea jiyana azad R\u00eaber Apo re, ji malbata hevr\u00eaya xwe Z\u00eelan re \u00fb gel\u00ea xwe y\u00ea welatpar\u00eaz re sersaxiy\u00ea dixwazin.<\/p>\n<p>Z\u00een Oso bi nasnav Z\u00eelan Koban\u00ea, ew ne ten\u00ea \u015fervanek b\u00fb; ew berhema hi\u015fmendiya malbateke welatpar\u00eaz \u00fb encama felsefeya &#8220;Jin, Jiyan, Azad\u00ee&#8221; b\u00fb. Di aliy\u00ea \u00eedeoloj\u00eek de, kesayeta w\u00ea li ser van h\u00eeman ava bib\u00fb. Hevr\u00eaya me Z\u00eelan di k\u00ealiy\u00ean her\u00ee giran \u00ean \u015fer\u00ea Koban\u00ea de, li dij\u00ee tar\u00eetiya DAI\u015e\u2019\u00ea b\u00fb bersivek \u00eedeoloj\u00eek. Hevr\u00eaya me Z\u00eelan Koban\u00ea bi teko\u015f\u00eena xwe n\u00ee\u015fan da ku fedakar\u00ee ten\u00ea di \u015fer de nabe; fedakar\u00ee ew e ku mirov ji bo azadiya jin\u00ean din, ji bo pa\u015feroja zarokan \u00fb ji bo s\u00eestemeke demokrat\u00eek jiyana xwe feda bike. W\u00ea bi fedakariya xwe s\u00eenor\u00ean tirs\u00ea \u015fikand \u00fb b\u00fb \u00eelham ji bo bi hezaran ke\u00e7\u00ean Kurd \u00fb jin\u00ean c\u00eehan\u00ea. Hevr\u00eaya me Z\u00eelan Koban\u00ea wek\u00ee jineke Kurd, nasnameya xwe di nava ref\u00ean YPJ\u2019\u00ea de d\u00eet. Di aliy\u00ea \u00eedeoloj\u00eek de, w\u00ea bawer dikir ku heta jin azad nebe, civak azad nabe. T\u00eako\u015f\u00eena hevr\u00eaya me Z\u00eelan Koban\u00ea ya li dij\u00ee dagirkeriy\u00ea, di heman dem\u00ea de serhildanek b\u00fb li dij\u00ee hi\u015fmendiya baviksalar ku dixwest v\u00eena jin\u00ea bi\u015fk\u00eene. Hevr\u00eaya me Z\u00eelan m\u00eenaka her\u00ee zelal a &#8220;Welatpar\u00eaziy\u00ea&#8221; b\u00fb. Ji bo w\u00ea, ax ne ten\u00ea per\u00e7eyek erd b\u00fb, ji bo w\u00ea\u00a0 \u00e7and, ziman \u00fb heb\u00fbn b\u00fb. V\u00ea gir\u00eadan\u00ea h\u00eazeke manev\u00ee ya wisa dab\u00fb hevr\u00eaya me ku tu \u00e7ek\u00ean teknoloj\u00eek nedikar\u00ee li p\u00ea\u015fiya v\u00eena w\u00ea bisekine. Ew bi felsefeya R\u00eaber APO mezin bib\u00fb.\u2028Hevr\u00eaya me Z\u00eelan Koban\u00ea \u00eero di her dil\u00ea ku ji bo azadiy\u00ea l\u00ea dide de dij\u00ee. Ew b\u00fb roniya ku r\u00eaya \u015fore\u015fa jin\u00ea li Rojhilata Nav\u00een ron\u00ee dike. H\u00eaza w\u00ea ya \u00eedeoloj\u00eek, \u00eero b\u00fbye m\u00eerateyek ku bi hezaran jin\u00ean din li ser \u015fopa w\u00ea dime\u015fin. Fedakariya w\u00ea \u00eero di nava YPJ\u2019\u00ea \u00fb di nava \u015fore\u015fa Rojava de wek\u00ee\u00a0&#8220;Me\u015fa Serkeftin\u00ea&#8221;\u00a0t\u00ea p\u00eanasekirin. Nav\u00ea w\u00ea b\u00fbye sembola cesaret\u00ea. Ev teko\u015f\u00een \u00fb fedakar\u00ee, bingeha serkeftina Koban\u00ea ava kir \u00fb \u00eero j\u00ee wek\u00ee \u00e7irayek\u00ea r\u00eaya azadiy\u00ea ron\u00ee dike. Hevr\u00eaya me Z\u00eelan Koban\u00ea di d\u00eeroka 20\u2019\u00ea N\u00eesana 2026\u2019an li D\u00earik\u00ea bi qezayeke le\u015fker\u00ee tevl\u00ee karwan\u00ean nemiran b\u00fb.<\/p>\n<p>Li ser v\u00ea bingeh\u00ea, em wek\u00ee \u015fopdar\u00ean v\u00ea m\u00eerateya p\u00eeroz diyar dikin ku; tolhildana me ya her\u00ee mezin, avakirina jiyana azad e ya ku hevr\u00eaya me Z\u00eelan \u00fb bi hezaran \u015feh\u00eed\u00ean me can\u00ea xwe di oxira w\u00ea de feda kirine. T\u00eako\u015f\u00eena hevr\u00eaya me Z\u00eelan Koban\u00ea, ji bo me ne ten\u00ea b\u00eeran\u00eenek e, fermana t\u00eako\u015f\u00een\u00ea ye. Em di \u015fexs\u00ea hevr\u00ea Z\u00eelan de, hem\u00fb \u015feh\u00eed\u00ean \u015fore\u015f\u00ea bi minet bi b\u00eer t\u00eenin \u00fb soz didin ku; em \u00ea xewn \u00fb xeyal\u00ean wan \u00ean R\u00eabertiya Azad \u00fb Kurdistana Azad bi serkeftin\u00ea tac\u00eedar bikin.<\/p>\n<p><img loading=\"lazy\" decoding=\"async\" class=\"size-medium wp-image-21592 alignleft\" src=\"https:\/\/ypjrojava.net\/wp-content\/uploads\/2026\/04\/WhatsApp-Image-2026-04-29-at-01.25.22-300x169.jpeg\" alt=\"\" width=\"300\" height=\"169\" srcset=\"https:\/\/ypjrojava.net\/wp-content\/uploads\/2026\/04\/WhatsApp-Image-2026-04-29-at-01.25.22-300x169.jpeg 300w, https:\/\/ypjrojava.net\/wp-content\/uploads\/2026\/04\/WhatsApp-Image-2026-04-29-at-01.25.22-1024x576.jpeg 1024w, https:\/\/ypjrojava.net\/wp-content\/uploads\/2026\/04\/WhatsApp-Image-2026-04-29-at-01.25.22-768x432.jpeg 768w, https:\/\/ypjrojava.net\/wp-content\/uploads\/2026\/04\/WhatsApp-Image-2026-04-29-at-01.25.22-1536x864.jpeg 1536w, https:\/\/ypjrojava.net\/wp-content\/uploads\/2026\/04\/WhatsApp-Image-2026-04-29-at-01.25.22-747x420.jpeg 747w, https:\/\/ypjrojava.net\/wp-content\/uploads\/2026\/04\/WhatsApp-Image-2026-04-29-at-01.25.22-150x84.jpeg 150w, https:\/\/ypjrojava.net\/wp-content\/uploads\/2026\/04\/WhatsApp-Image-2026-04-29-at-01.25.22-696x392.jpeg 696w, https:\/\/ypjrojava.net\/wp-content\/uploads\/2026\/04\/WhatsApp-Image-2026-04-29-at-01.25.22-1068x601.jpeg 1068w, https:\/\/ypjrojava.net\/wp-content\/uploads\/2026\/04\/WhatsApp-Image-2026-04-29-at-01.25.22.jpeg 1600w\" sizes=\"auto, (max-width: 300px) 100vw, 300px\" \/><\/p>\n<p>Nasnav: Z\u00eelan Koban\u00ea<\/p>\n<p>Nav \u00db Pa\u015fnav : Z\u00een Oso<\/p>\n<p>Cih\u00ea\u00a0Ji Dayikb\u00fbn\u00ea:\u00a0Koban\u00ea<\/p>\n<p>Nav\u00ea Dayik: F\u00eedan<\/p>\n<p>Nav\u00ea Bav: Osman<\/p>\n<p style=\"text-align: center;\">C\u00eeh \u00db D\u00eeroka \u015eehadet\u00ea: 20-04-2026 \u2013 D\u00earik<\/p>\n<p><iframe loading=\"lazy\" title=\"Ji Bo B\u00eeran\u00eena \u015eeh\u00eed  Zilan Kobane\" width=\"696\" height=\"392\" src=\"https:\/\/www.youtube.com\/embed\/b2JFu6aXvIo?feature=oembed\" frameborder=\"0\" allow=\"accelerometer; autoplay; clipboard-write; encrypted-media; gyroscope; picture-in-picture; web-share\" referrerpolicy=\"strict-origin-when-cross-origin\" allowfullscreen><\/iframe><\/p>\n<p><img loading=\"lazy\" decoding=\"async\" class=\"alignnone size-medium wp-image-21593\" src=\"https:\/\/ypjrojava.net\/wp-content\/uploads\/2026\/04\/1-14-300x225.png\" alt=\"\" width=\"300\" height=\"225\" srcset=\"https:\/\/ypjrojava.net\/wp-content\/uploads\/2026\/04\/1-14-300x225.png 300w, https:\/\/ypjrojava.net\/wp-content\/uploads\/2026\/04\/1-14-1024x768.png 1024w, https:\/\/ypjrojava.net\/wp-content\/uploads\/2026\/04\/1-14-768x576.png 768w, https:\/\/ypjrojava.net\/wp-content\/uploads\/2026\/04\/1-14-1536x1152.png 1536w, https:\/\/ypjrojava.net\/wp-content\/uploads\/2026\/04\/1-14-560x420.png 560w, https:\/\/ypjrojava.net\/wp-content\/uploads\/2026\/04\/1-14-80x60.png 80w, https:\/\/ypjrojava.net\/wp-content\/uploads\/2026\/04\/1-14-150x112.png 150w, https:\/\/ypjrojava.net\/wp-content\/uploads\/2026\/04\/1-14-696x522.png 696w, https:\/\/ypjrojava.net\/wp-content\/uploads\/2026\/04\/1-14-1068x801.png 1068w, https:\/\/ypjrojava.net\/wp-content\/uploads\/2026\/04\/1-14-265x198.png 265w, https:\/\/ypjrojava.net\/wp-content\/uploads\/2026\/04\/1-14.png 1890w\" sizes=\"auto, (max-width: 300px) 100vw, 300px\" \/> <img loading=\"lazy\" decoding=\"async\" class=\"alignnone size-medium wp-image-21594\" src=\"https:\/\/ypjrojava.net\/wp-content\/uploads\/2026\/04\/2-300x225.png\" alt=\"\" width=\"300\" height=\"225\" srcset=\"https:\/\/ypjrojava.net\/wp-content\/uploads\/2026\/04\/2-300x225.png 300w, https:\/\/ypjrojava.net\/wp-content\/uploads\/2026\/04\/2-1024x768.png 1024w, https:\/\/ypjrojava.net\/wp-content\/uploads\/2026\/04\/2-768x576.png 768w, https:\/\/ypjrojava.net\/wp-content\/uploads\/2026\/04\/2-1536x1152.png 1536w, https:\/\/ypjrojava.net\/wp-content\/uploads\/2026\/04\/2-560x420.png 560w, https:\/\/ypjrojava.net\/wp-content\/uploads\/2026\/04\/2-80x60.png 80w, https:\/\/ypjrojava.net\/wp-content\/uploads\/2026\/04\/2-150x112.png 150w, https:\/\/ypjrojava.net\/wp-content\/uploads\/2026\/04\/2-696x522.png 696w, https:\/\/ypjrojava.net\/wp-content\/uploads\/2026\/04\/2-1068x801.png 1068w, https:\/\/ypjrojava.net\/wp-content\/uploads\/2026\/04\/2-265x198.png 265w, https:\/\/ypjrojava.net\/wp-content\/uploads\/2026\/04\/2.png 1890w\" sizes=\"auto, (max-width: 300px) 100vw, 300px\" \/> <img loading=\"lazy\" decoding=\"async\" class=\"alignnone size-medium wp-image-21595\" src=\"https:\/\/ypjrojava.net\/wp-content\/uploads\/2026\/04\/3-200x300.png\" alt=\"\" width=\"200\" height=\"300\" srcset=\"https:\/\/ypjrojava.net\/wp-content\/uploads\/2026\/04\/3-200x300.png 200w, https:\/\/ypjrojava.net\/wp-content\/uploads\/2026\/04\/3-683x1024.png 683w, https:\/\/ypjrojava.net\/wp-content\/uploads\/2026\/04\/3-768x1152.png 768w, https:\/\/ypjrojava.net\/wp-content\/uploads\/2026\/04\/3-1024x1536.png 1024w, https:\/\/ypjrojava.net\/wp-content\/uploads\/2026\/04\/3-280x420.png 280w, https:\/\/ypjrojava.net\/wp-content\/uploads\/2026\/04\/3-150x225.png 150w, https:\/\/ypjrojava.net\/wp-content\/uploads\/2026\/04\/3-300x450.png 300w, https:\/\/ypjrojava.net\/wp-content\/uploads\/2026\/04\/3-696x1044.png 696w, https:\/\/ypjrojava.net\/wp-content\/uploads\/2026\/04\/3-1068x1602.png 1068w, https:\/\/ypjrojava.net\/wp-content\/uploads\/2026\/04\/3.png 1200w\" sizes=\"auto, (max-width: 200px) 100vw, 200px\" \/><\/p>\n","protected":false},"excerpt":{"rendered":"<p>D\u00eeroka azadiy\u00ea, bi p\u00ean\u00fbsa lehengan t\u00ea niv\u00eesandin; bi xw\u00een \u00fb v\u00eena wan a ku li hember\u00ee tar\u00eetiy\u00ea, \u00e7iray\u00ean ronahiy\u00ea t\u00ea afirandin. Hevr\u00eaya me Z\u00eelan Koban\u00ea, di nava malbateke welatpar\u00eaz de bi h\u00eem\u00ean k\u00fbr \u00ean ax \u00fb \u00e7anda welatpar\u00eaziy\u00ea mezin b\u00fb \u00fb ev gir\u00eadana xwe bi felsefeya jiyana azad re kir yek. Me\u015fa ku Z\u00eelan\u00ea bi [&hellip;]<\/p>\n","protected":false},"author":1,"featured_media":21540,"comment_status":"closed","ping_status":"closed","sticky":false,"template":"","format":"standard","meta":{"footnotes":""},"categories":[102,39,41,40],"tags":[],"class_list":{"0":"post-21591","1":"post","2":"type-post","3":"status-publish","4":"format-standard","5":"has-post-thumbnail","7":"category-102","8":"category-daxuyani","9":"category-dimen","10":"category-wene"},"_links":{"self":[{"href":"https:\/\/ypjrojava.net\/index.php?rest_route=\/wp\/v2\/posts\/21591","targetHints":{"allow":["GET"]}}],"collection":[{"href":"https:\/\/ypjrojava.net\/index.php?rest_route=\/wp\/v2\/posts"}],"about":[{"href":"https:\/\/ypjrojava.net\/index.php?rest_route=\/wp\/v2\/types\/post"}],"author":[{"embeddable":true,"href":"https:\/\/ypjrojava.net\/index.php?rest_route=\/wp\/v2\/users\/1"}],"replies":[{"embeddable":true,"href":"https:\/\/ypjrojava.net\/index.php?rest_route=%2Fwp%2Fv2%2Fcomments&post=21591"}],"version-history":[{"count":1,"href":"https:\/\/ypjrojava.net\/index.php?rest_route=\/wp\/v2\/posts\/21591\/revisions"}],"predecessor-version":[{"id":21596,"href":"https:\/\/ypjrojava.net\/index.php?rest_route=\/wp\/v2\/posts\/21591\/revisions\/21596"}],"wp:featuredmedia":[{"embeddable":true,"href":"https:\/\/ypjrojava.net\/index.php?rest_route=\/wp\/v2\/media\/21540"}],"wp:attachment":[{"href":"https:\/\/ypjrojava.net\/index.php?rest_route=%2Fwp%2Fv2%2Fmedia&parent=21591"}],"wp:term":[{"taxonomy":"category","embeddable":true,"href":"https:\/\/ypjrojava.net\/index.php?rest_route=%2Fwp%2Fv2%2Fcategories&post=21591"},{"taxonomy":"post_tag","embeddable":true,"href":"https:\/\/ypjrojava.net\/index.php?rest_route=%2Fwp%2Fv2%2Ftags&post=21591"}],"curies":[{"name":"wp","href":"https:\/\/api.w.org\/{rel}","templated":true}]}}