{"id":22307,"date":"2026-08-30T11:25:56","date_gmt":"2026-08-30T10:25:56","guid":{"rendered":"https:\/\/ypjrojava.net\/?p=22307"},"modified":"2026-08-30T11:25:56","modified_gmt":"2026-08-30T10:25:56","slug":"bandora-jinen-peseng-u-reya-wan","status":"publish","type":"post","link":"https:\/\/ypjrojava.net\/?p=22307","title":{"rendered":"Bandora Jin\u00ean P\u00ea\u015feng \u00fb R\u00eaya Wan"},"content":{"rendered":"<p>Los\u00een derbar\u00ea \u00a0tevl\u00eeb\u00fbna xwe de wiha diaxive :<\/p>\n<p>Tevl\u00eeb\u00fbna w\u00ea \u00a0ne zehmet b\u00fb ji ber ku \u00a0ew ji \u00a0malbateke welatparez b\u00fb.<\/p>\n<p>Ji zarokatiy\u00ea ve, ew ji h\u00eala jin\u00ean xurt \u00ean serbixwe \u00fb xwed\u00ee bawer\u00ee ve bandor b\u00fbb\u00fb. D\u00eetina jin\u00ean ku di jiyana civak\u00ee de berpirsiyar\u00ee digirtin, maf\u00ean xwe diparastin \u00fb bi h\u00eav\u00ee bi \u00a0p\u00ea\u015f ve di\u00e7\u00fbn, di dil\u00ea w\u00ea de hesteke n\u00fb \u00e7\u00eakir.<\/p>\n<p>Bi taybet\u00ee heval\u00ean jin \u00ean ku li k\u00ealeka hev b\u00fbn, b\u00fbne \u00e7avkaniy\u00ean \u00a0h\u00eaz \u00fb baweriya w\u00ea. W\u00ea dixwest ku weke jinek\u00ea xwe nas bike, deng\u00ea xwe hebe \u00fb di civak\u00ea de rola xwe n\u00ee\u015fan bide. Ji ber v\u00ea bandor\u00ea, w\u00ea biryar da ku be\u015fdar\u00ee r\u00eayek\u00ea bibe ku t\u00ea de jin karibe \u00a0xwe bi kar \u00fb baweriya xwe \u00eespat bikin.<\/p>\n<p>&nbsp;<\/p>\n<p><a href=\"https:\/\/ypjrojava.net\/wp-content\/uploads\/2026\/08\/Heval-Losin.00_00_40_09.Still002.bmp\"><img loading=\"lazy\" decoding=\"async\" class=\"alignnone size-full wp-image-22308\" src=\"https:\/\/ypjrojava.net\/wp-content\/uploads\/2026\/08\/Heval-Losin.00_00_40_09.Still002.bmp\" alt=\"\" width=\"1920\" height=\"1080\" \/><\/a><\/p>\n","protected":false},"excerpt":{"rendered":"<p>Los\u00een derbar\u00ea \u00a0tevl\u00eeb\u00fbna xwe de wiha diaxive : Tevl\u00eeb\u00fbna w\u00ea \u00a0ne zehmet b\u00fb ji ber ku \u00a0ew ji \u00a0malbateke welatparez b\u00fb. Ji zarokatiy\u00ea ve, ew ji h\u00eala jin\u00ean xurt \u00ean serbixwe \u00fb xwed\u00ee bawer\u00ee ve bandor b\u00fbb\u00fb. D\u00eetina jin\u00ean ku di jiyana civak\u00ee de berpirsiyar\u00ee digirtin, maf\u00ean xwe diparastin \u00fb bi h\u00eav\u00ee bi \u00a0p\u00ea\u015f ve [&hellip;]<\/p>\n","protected":false},"author":1,"featured_media":22309,"comment_status":"closed","ping_status":"closed","sticky":false,"template":"","format":"standard","meta":{"footnotes":""},"categories":[102,113,40],"tags":[],"class_list":["post-22307","post","type-post","status-publish","format-standard","has-post-thumbnail","category-102","category-dosyayen-taybet","category-wene"],"_links":{"self":[{"href":"https:\/\/ypjrojava.net\/index.php?rest_route=\/wp\/v2\/posts\/22307","targetHints":{"allow":["GET"]}}],"collection":[{"href":"https:\/\/ypjrojava.net\/index.php?rest_route=\/wp\/v2\/posts"}],"about":[{"href":"https:\/\/ypjrojava.net\/index.php?rest_route=\/wp\/v2\/types\/post"}],"author":[{"embeddable":true,"href":"https:\/\/ypjrojava.net\/index.php?rest_route=\/wp\/v2\/users\/1"}],"replies":[{"embeddable":true,"href":"https:\/\/ypjrojava.net\/index.php?rest_route=%2Fwp%2Fv2%2Fcomments&post=22307"}],"version-history":[{"count":1,"href":"https:\/\/ypjrojava.net\/index.php?rest_route=\/wp\/v2\/posts\/22307\/revisions"}],"predecessor-version":[{"id":22310,"href":"https:\/\/ypjrojava.net\/index.php?rest_route=\/wp\/v2\/posts\/22307\/revisions\/22310"}],"wp:featuredmedia":[{"embeddable":true,"href":"https:\/\/ypjrojava.net\/index.php?rest_route=\/wp\/v2\/media\/22309"}],"wp:attachment":[{"href":"https:\/\/ypjrojava.net\/index.php?rest_route=%2Fwp%2Fv2%2Fmedia&parent=22307"}],"wp:term":[{"taxonomy":"category","embeddable":true,"href":"https:\/\/ypjrojava.net\/index.php?rest_route=%2Fwp%2Fv2%2Fcategories&post=22307"},{"taxonomy":"post_tag","embeddable":true,"href":"https:\/\/ypjrojava.net\/index.php?rest_route=%2Fwp%2Fv2%2Ftags&post=22307"}],"curies":[{"name":"wp","href":"https:\/\/api.w.org\/{rel}","templated":true}]}}