{"id":2626,"date":"2019-04-06T07:25:43","date_gmt":"2019-04-06T07:25:43","guid":{"rendered":"http:\/\/ypjrojava.org\/blog43\/?p=2626"},"modified":"2022-06-22T03:07:22","modified_gmt":"2022-06-22T03:07:22","slug":"biranina-efrine","status":"publish","type":"post","link":"https:\/\/ypjrojava.net\/?p=2626","title":{"rendered":"B\u00eeran\u00eena Efr\u00een\u00ea"},"content":{"rendered":"<p>\u015eEH\u00ceD SERHET JI ME RE DIGOT BI KEN\u00ca WE RE \u00c7IYAY\u00ca HEWAR\u00ca DIHEJE<br \/>\nDema dest p\u00ea k\u00ea em \u00e7\u00fbn Efr\u00een\u00ea di tevah\u00ee hevalan de j\u00ee moral \u00fb kelecancaneke gelek mezin<br \/>\nheb\u00fb. Dest p\u00ea k\u00ea bi g\u00eehi\u015ftina me ya Efr\u00een\u00ea re heval\u00ean li wir behsa berxwedaniya heval\u00ean di \u00e7eperan de dikirin, ew berxwedaniya wan hevalan ji me re dib\u00fb h\u00eaz. Ji ber ku li hember tekn\u00eek\u00ean her\u00ee p\u00ea\u015f ket\u00ee li berxwe day\u00een ne ti\u015fteke h\u00easan b\u00fb. Bi g\u00eehi\u015ftina me ya \u00e7eperan re di r\u00fby\u00ea hevalan de ken k\u00eam ne dib\u00fb. \u015eeh\u00eed Serhet ji me re digot bi ken\u00ea we re \u00e7iyay\u00ea hewar\u00ea diheje. Bi gi\u015ft\u00ee l\u00eah\u00fbrb\u00fbna me li ser em\u00ea \u00e7awa heval\u00ean xwe \u00fb gel bipar\u00eazin b\u00fb. \u015eeva dest p\u00ea k\u00ea baran dibariya bar\u00ea hevalan giran b\u00fb l\u00ea r\u00fbxm\u00ea w\u00ea j\u00ee heval gelek bi h\u00eaz \u00fb moral b\u00fbn. Bi taybet \u015fehadet\u00ean ku dihatin jiyan kirin ji bona me dib\u00fbn h\u00eaza her\u00ee mezin \u00fb armanca tolhildana heval\u00ean \u015feh\u00eed. Li hember tekn\u00eek \u00fb \u015fer\u00ea dijmin, berxwedanek\u00ee bi \u00eerade hat me\u015fandin. Bi \u00eerada xwe me xwe xurt dikir. Heval\u00ean bir\u00eendar dema ku dihatin em di\u00e7\u00fbn gel wan. Dema me li heval\u00ean bir\u00eendar tema\u015fe dikir me ji wan h\u00eaz digirt, ji ber ku heval bi w\u00ea bir\u00eendariya xwe j\u00ee her tim r\u00fby\u00ea wan bi ken b\u00fbn.<\/p>\n<p>Ji p\u00ean\u00fbsa \u015fervan\u00ean YPJ\u2019\u00ea<\/p>\n","protected":false},"excerpt":{"rendered":"<p>\u015eEH\u00ceD SERHET JI ME RE DIGOT BI KEN\u00ca WE RE \u00c7IYAY\u00ca HEWAR\u00ca DIHEJE Dema dest p\u00ea k\u00ea em \u00e7\u00fbn Efr\u00een\u00ea di tevah\u00ee hevalan de j\u00ee moral \u00fb kelecancaneke gelek mezin heb\u00fb. Dest p\u00ea k\u00ea bi g\u00eehi\u015ftina me ya Efr\u00een\u00ea re heval\u00ean li wir behsa berxwedaniya heval\u00ean di \u00e7eperan de dikirin, ew berxwedaniya wan hevalan ji [&hellip;]<\/p>\n","protected":false},"author":1,"featured_media":14162,"comment_status":"closed","ping_status":"closed","sticky":false,"template":"","format":"standard","meta":{"footnotes":""},"categories":[59],"tags":[],"class_list":{"0":"post-2626","1":"post","2":"type-post","3":"status-publish","4":"format-standard","5":"has-post-thumbnail","7":"category-biranin"},"_links":{"self":[{"href":"https:\/\/ypjrojava.net\/index.php?rest_route=\/wp\/v2\/posts\/2626","targetHints":{"allow":["GET"]}}],"collection":[{"href":"https:\/\/ypjrojava.net\/index.php?rest_route=\/wp\/v2\/posts"}],"about":[{"href":"https:\/\/ypjrojava.net\/index.php?rest_route=\/wp\/v2\/types\/post"}],"author":[{"embeddable":true,"href":"https:\/\/ypjrojava.net\/index.php?rest_route=\/wp\/v2\/users\/1"}],"replies":[{"embeddable":true,"href":"https:\/\/ypjrojava.net\/index.php?rest_route=%2Fwp%2Fv2%2Fcomments&post=2626"}],"version-history":[{"count":3,"href":"https:\/\/ypjrojava.net\/index.php?rest_route=\/wp\/v2\/posts\/2626\/revisions"}],"predecessor-version":[{"id":14164,"href":"https:\/\/ypjrojava.net\/index.php?rest_route=\/wp\/v2\/posts\/2626\/revisions\/14164"}],"wp:featuredmedia":[{"embeddable":true,"href":"https:\/\/ypjrojava.net\/index.php?rest_route=\/wp\/v2\/media\/14162"}],"wp:attachment":[{"href":"https:\/\/ypjrojava.net\/index.php?rest_route=%2Fwp%2Fv2%2Fmedia&parent=2626"}],"wp:term":[{"taxonomy":"category","embeddable":true,"href":"https:\/\/ypjrojava.net\/index.php?rest_route=%2Fwp%2Fv2%2Fcategories&post=2626"},{"taxonomy":"post_tag","embeddable":true,"href":"https:\/\/ypjrojava.net\/index.php?rest_route=%2Fwp%2Fv2%2Ftags&post=2626"}],"curies":[{"name":"wp","href":"https:\/\/api.w.org\/{rel}","templated":true}]}}