{"id":2648,"date":"2019-04-06T07:31:34","date_gmt":"2019-04-06T07:31:34","guid":{"rendered":"http:\/\/ypjrojava.org\/blog43\/?p=2648"},"modified":"2022-06-18T18:44:30","modified_gmt":"2022-06-18T18:44:30","slug":"helbest-li-ser-efrin","status":"publish","type":"post","link":"https:\/\/ypjrojava.net\/?p=2648","title":{"rendered":"Helbest li ser efrin"},"content":{"rendered":"<p>Azadiya Efr\u00een\u00ea<br \/>\nTu \u00e7\u00fby k\u00fbder\u00ea ey r\u00eahevala min ya dilw\u00earek<br \/>\nEfr\u00eena reng\u00een heya dawiy\u00ea himb\u00eaza xwe ji te re vekir<br \/>\nKurdistan bi \u00e7\u00fby\u00eena te pir xemg\u00een b\u00fb<br \/>\nJi ber \u00e7\u00fby\u00eena te pir giran b\u00fb<br \/>\n\u015e\u00een dibe Efr\u00een, xwe\u015fik dibe<br \/>\n\u00fb bi xw\u00eena bedewan t\u00ea avdan<br \/>\n\u00ced\u00eeaya mezin w\u00ea bibe azadiya R\u00eabert\u00ee<br \/>\nJi ber v\u00ea j\u00ee xwe\u015f raze r\u00eahevala min<br \/>\nTolhildana we soza me ye<br \/>\nOxir be dilpaka min oxir be<br \/>\nEy l\u00eager\u00eenvana heq\u00eeqet\u00ea<br \/>\nHeq\u00eeqet di t\u00eer\u00eaj\u00ean roj\u00ea de ve\u015fartiye<br \/>\nEw heq\u00eeqet j\u00ee tu y\u00ee tu<br \/>\nEz dizanim \u00e7iqas behsa bedewiya te bikim<br \/>\nw\u00ea k\u00eam be k\u00eam<br \/>\nEy day\u00eeka xwedawend<br \/>\nDeng\u00ea wan bibih\u00eese<br \/>\nguh bide q\u00ear\u00een\u00ean zarok\u00ean agir \u00fb roj\u00ea<br \/>\nzarok\u00ean te li dora te b\u00fbne mertal<br \/>\nEfr\u00eena reng\u00een r\u00eahevala min himb\u00eaz bike<br \/>\nCengewar\u00ean di oxira ev\u00eena te de<br \/>\nB\u00fbne str\u00eak\u00ean li v\u00ea welat\u00ee<br \/>\n\u00db Ronah\u00ee dikin diyar\u00ee&#8230;<br \/>\nJi Bo B\u00eeran\u00eena \u015eehid Teko\u015f\u00een Tolhildan<br \/>\n\u015e.Evrim<\/p>\n","protected":false},"excerpt":{"rendered":"<p>Azadiya Efr\u00een\u00ea Tu \u00e7\u00fby k\u00fbder\u00ea ey r\u00eahevala min ya dilw\u00earek Efr\u00eena reng\u00een heya dawiy\u00ea himb\u00eaza xwe ji te re vekir Kurdistan bi \u00e7\u00fby\u00eena te pir xemg\u00een b\u00fb Ji ber \u00e7\u00fby\u00eena te pir giran b\u00fb \u015e\u00een dibe Efr\u00een, xwe\u015fik dibe \u00fb bi xw\u00eena bedewan t\u00ea avdan \u00ced\u00eeaya mezin w\u00ea bibe azadiya R\u00eabert\u00ee Ji ber v\u00ea j\u00ee [&hellip;]<\/p>\n","protected":false},"author":1,"featured_media":13418,"comment_status":"closed","ping_status":"closed","sticky":false,"template":"","format":"standard","meta":{"footnotes":""},"categories":[60],"tags":[],"class_list":{"0":"post-2648","1":"post","2":"type-post","3":"status-publish","4":"format-standard","5":"has-post-thumbnail","7":"category-helbest"},"_links":{"self":[{"href":"https:\/\/ypjrojava.net\/index.php?rest_route=\/wp\/v2\/posts\/2648","targetHints":{"allow":["GET"]}}],"collection":[{"href":"https:\/\/ypjrojava.net\/index.php?rest_route=\/wp\/v2\/posts"}],"about":[{"href":"https:\/\/ypjrojava.net\/index.php?rest_route=\/wp\/v2\/types\/post"}],"author":[{"embeddable":true,"href":"https:\/\/ypjrojava.net\/index.php?rest_route=\/wp\/v2\/users\/1"}],"replies":[{"embeddable":true,"href":"https:\/\/ypjrojava.net\/index.php?rest_route=%2Fwp%2Fv2%2Fcomments&post=2648"}],"version-history":[{"count":1,"href":"https:\/\/ypjrojava.net\/index.php?rest_route=\/wp\/v2\/posts\/2648\/revisions"}],"predecessor-version":[{"id":2650,"href":"https:\/\/ypjrojava.net\/index.php?rest_route=\/wp\/v2\/posts\/2648\/revisions\/2650"}],"wp:featuredmedia":[{"embeddable":true,"href":"https:\/\/ypjrojava.net\/index.php?rest_route=\/wp\/v2\/media\/13418"}],"wp:attachment":[{"href":"https:\/\/ypjrojava.net\/index.php?rest_route=%2Fwp%2Fv2%2Fmedia&parent=2648"}],"wp:term":[{"taxonomy":"category","embeddable":true,"href":"https:\/\/ypjrojava.net\/index.php?rest_route=%2Fwp%2Fv2%2Fcategories&post=2648"},{"taxonomy":"post_tag","embeddable":true,"href":"https:\/\/ypjrojava.net\/index.php?rest_route=%2Fwp%2Fv2%2Ftags&post=2648"}],"curies":[{"name":"wp","href":"https:\/\/api.w.org\/{rel}","templated":true}]}}