{"id":326,"date":"2019-01-24T13:48:54","date_gmt":"2019-01-24T13:48:54","guid":{"rendered":"http:\/\/ypjrojava.org\/blog43\/?p=326"},"modified":"2022-06-28T06:40:52","modified_gmt":"2022-06-28T06:40:52","slug":"erisa-li-ser-xaka-efrine-hewildanen-qirkirina-gelen-yekbuyi-ye","status":"publish","type":"post","link":"https:\/\/ypjrojava.net\/?p=326","title":{"rendered":"\u00car\u00ee\u015fa Li Ser Xaka Efr\u00een\u00ea Hewildan\u00ean Qirkirina Gel\u00ean Yekb\u00fby\u00ee Ye"},"content":{"rendered":"<p>Beriya \u00e7end salan dagirkeriya Efr\u00een\u00ea dihat armanc kirin. Dest p\u00ea k\u00ea huk\u00fbmeta Erdoxan AKP\u2019\u00ea dixwaze di v\u00ea SS. de d\u00eeroka Osmaniyan bide jiyan kirin.\u00a0 V\u00ea prat\u00eeka xwe j\u00ee li ber \u00e7av\u00ea tevay\u00ee c\u00eehan\u00ea p\u00eak t\u00eene. Armanc\u00ea wan j\u00ee ne ten\u00ea Efr\u00een b\u00fb di heman dem\u00ea de planek\u00ee navdewlet\u00ee b\u00fb. Plan\u00ea navdewlet\u00ee ku \u00e7\u00eab\u00fb li ser bingeh\u00ea armanc\u00ean wan \u00ean di aliy\u00ea siyas\u00ee \u00fb le\u015fker\u00ee de \u00e7\u00eab\u00fbn. Ji ber ku \u00eetifaq\u00ean Tirkiy\u00ea \u00fb R\u00fbsya li ser bingeh\u00ea ku bikaribin di navbera h\u00eaz\u00ean NATO \u00fb Emer\u00eeka nakokiyan bidin ava kirin \u00fb li beramber\u00ee me bidin \u015fer kirin\u00ea b\u00fb. \u00c7etey\u00ean ku ji aliy\u00ea dewleta Tirk ve h\u00eaza wan t\u00ea mezin kirin j\u00ee bi armanca dagirkirina xaka S\u00fbriy\u00ea \u00fb Rojava t\u00ean perwerde kirin. Di destp\u00eaka \u015eore\u015fa Rojava de deriy\u00ea s\u00eenor\u00ea Ser\u00eakaniy\u00ea ji aliy\u00ea dewleta Tirk ji \u00e7etey\u00ean El N\u00fbsra re hat vekirin da ku Ser\u00eakaniy\u00ea dagir bikin. \u00car\u00ee\u015fa Koban\u00ea j\u00ee bi heman armanc\u00ea hat kirin. W\u00ea dem\u00ea j\u00ee Erdoxan digot ku w\u00ea Koban\u00ea bikeve. Ketina Erdoxan ya Idlib\u00ea\u00a0 j\u00ee ne ku bi armanca \u015fer day\u00eena sekinandin\u00ea b\u00fb. Heman ti\u015ft ji bona R\u00fbsya j\u00ee derbasdare, bi ketina xwe ya Idlib\u00ea re esas xwestin ku \u00ear\u00ee\u015f kirina xwe ya li ser Efr\u00een\u00ea rewa bike b\u00fb. Ji destp\u00eaka \u015eore\u015f\u00ea heta niha armanca dewleta Tirk ewe ku gel\u00ea Kurd bi gel\u00ean her\u00eam\u00ea re di S\u00fbriy\u00ea de xweseriyeke hevbe\u015f ava neke. Van kiryar\u00ean xwe j\u00ee di bin nav\u00ea ku me wek h\u00eaz xeteriyek\u00ea di S\u00fbr\u00ee de dib\u00eenin an j\u00ee bi hincet\u00ean ku em \u00ear\u00ee\u015f\u00ee ser xaka wan dikin de dike. Cardin bi van hincet\u00ean xwe dixwaze \u00ear\u00ee\u015f\u00ee Rojava bike, bixe bin vener\u00eena xwe \u00fb plana xwe ya sedsal\u00ea p\u00eak b\u00een\u00ea. Van \u00ear\u00ee\u015f\u00ean xwe j\u00ee ne ten\u00ea bi Rojava re di heman dem\u00ea de dixwaze li Ba\u015f\u00fbr \u00fb Rojhilat\u00ea Kurdistan\u00ea heman pol\u00eetkay\u00ean xwe bide me\u015fandin. Dema ku xwest \u00ear\u00ee\u015f\u00ee Efr\u00een\u00ea bike pir caran gef xwarin\u00ean xwe y\u00ean weke \u2018\u2019\u00eero an sibe ez\u00ea werim\u2019\u2019 dan diyar kirin. Herkesek\u00ee ev rast\u00ee did\u00eet l\u00ea bel\u00ea dema \u00ear\u00ee\u015f hatin p\u00eak an\u00een herkes\u00ee \u00e7av\u00ean xwe \u00fb guh\u00ean xwe girtin. Erdoxan j\u00ee digot ku \u2018\u2019bi hezaran kes\u00ean ku xwediy\u00ea Efr\u00een\u00ea hene ez\u00ea Efr\u00een\u00ea li xwediy\u00ean w\u00ea veger\u00eenim.\u2019\u2019 Li ser van bingehan \u00ear\u00ee\u015f kir. Li \u015f\u00fbna aramiy\u00ea qirkirinek\u00ee netew\u00ee, gel p\u00eak an\u00ee. Ti rewab\u00fbna van \u00ear\u00ee\u015fan tine b\u00fb l\u00ea, herkesek\u00ee ev rewa d\u00eet. Erdoxan dib\u00eaje ku min Efr\u00een rizgar kiriye l\u00ea bel\u00ea di roja \u00eero de heb\u00fbna \u00e7etey\u00ean dewleta Tirk ya li Efr\u00een\u00ea t\u00ea wateya dagirkirina Efr\u00een\u00ea. Ji ber ku gel\u00ean Efr\u00een\u00ea, zarok\u00ean Efr\u00een\u00ea li Efr\u00een\u00ea naj\u00een, ko\u00e7bertiy\u00ea jiyan dikin l\u00ea li berxwe j\u00ee didin. Para Tevah\u00ee h\u00eaz\u00ean navnetew\u00ee di \u00ear\u00ee\u015fa li ser Efr\u00een\u00ea de heye. P\u00eaw\u00eeste v\u00ea qeb\u00fbl bikin. Maf\u00ea mirovayiy\u00ea dib\u00eaje ku em\u00ea hiquqa mirovayiy\u00ea p\u00eak b\u00eenin \u00fb di nava civak\u00ea de aramiy\u00ea bidin ava kirin, l\u00ea bel\u00ea di roja \u00eero de berovaj\u00ee v\u00ea t\u00ea kirin. Ji her der\u00ea \u00e7ete kom kirin \u00fb an\u00een Idlib\u00ea, bazara xwe ya ku kirin j\u00ee li ser Efr\u00een\u00ea b\u00fb. Ev bazar j\u00ee di navbera R\u00fbsya, Tirkiy\u00ea \u00fb Emer\u00eeka de \u00e7\u00eab\u00fb. Di v\u00ea \u00e7ar\u00e7ov\u00ea de plan\u00ean xwe y\u00ea dagirkirin\u00ea p\u00eak an\u00een.<\/p>\n<p>Em n\u00eaz\u00ee salvegera \u00ear\u00ee\u015f\u00ean li ser Efr\u00een\u00ea dibin. Di d\u00eeroka 20. 01. 2018 an de dewleta Tirk \u00ear\u00ee\u015f\u00ean xwe y\u00ea li ser Efr\u00een\u00ea p\u00eak an\u00een. L\u00ea bel\u00ea berxwedaniya ku gel, zarok, kal \u00fb p\u00eer\u00ean Efr\u00een\u00ea kir, cardin berxwedaniya ku \u015fervan\u00ean YPG\u2019\u00ea \u00fb YPJ\u2019\u00ea kirin \u00fb ji her aliy\u00ean c\u00eehan\u00ea de gel\u00ea Kurd bi berxwedaniyeke mezin li ser linga b\u00fb l\u00ea mixabin ev berxwedan\u00ee ji aliy\u00ea dagirkeran ve ji ned\u00eet\u00ee ve hat d\u00eetin. Berxwedaniya Serdem\u00ea ya gel \u00fb zarok\u00ean Efr\u00een\u00ea ku weke \u015fervan\u00ean YPG\u2019\u00ea \u00fb YPJ\u2019\u00ea di \u00e7eperan de li berxwe dan bibin neket \u00fb w\u00ea nekeve j\u00ee, ji ber ku heta niha j\u00ee \u015fervan\u00ean YPG\u2019\u00ea \u00fb YPJ\u2019\u00ea bi h\u00eaza xwe li ser lingane. Gel\u00ea Efr\u00een\u00ea j\u00ee bi biryar, berxwedan\u00ee \u00fb bi baweriya xwe h\u00een li ser lingane. Dibe ku Erdoxan erdn\u00eegariya Efr\u00een\u00ea dagir kir, l\u00ea bel\u00ea Erdoxan nikar\u00eeb\u00fb \u00eerade, heb\u00fbn, berxwedan\u00ee, rih \u00fb fikr\u00ea me bigre \u00fb w\u00ea nikaribe bigre j\u00ee. Gel\u00ea Efr\u00een\u00ea y\u00ea ku li \u015eehba jiyan dike bi h\u00eaviya carekedin g\u00eehi\u015ftina Efr\u00een\u00ea jiyan dikin \u00fb li berxwe didin, ev j\u00ee \u00eespata v\u00ea ya her\u00ee mezine. Wek YPG \u00fb YPJ j\u00ee r\u00fbxm\u00ea tevah\u00ee tekn\u00eeka hey\u00ee \u00a0ya heta roja \u00eero j\u00ee li ber xwe didin. Bi tevah\u00ee astengiy\u00ean hey\u00ee \u00e7alakiy\u00ean xwe dikin. Ev j\u00ee dibe \u00eefadeya \u2018\u2019 ti \u00e7i dik\u00ee bike, ti ne xwediy\u00ea Efr\u00een\u00ea y\u00ee k\u00eejan roj dibe bila bibe \u015fop\u00ean we ji ser xaka Efr\u00een\u00ea paqaj bikin.\u2019\u2019Gel\u00ea Efr\u00een\u00ea bi zarok\u00ea xwe bawere \u00fb heta daw\u00ee j\u00ee bi \u015fervan\u00ean xwe re ye. Salvegera W\u00ea j\u00ee di qonaxa xwe ya 2. de berdewam dike. Ji bona ku em gel\u00ea xwe rizgar bikin me bi hezaran \u015eeh\u00eed dan em ji bona ku Efr\u00een\u00ea rizgar bikin em amadene ku em bi hezaran \u015feh\u00eed\u00ean din j\u00ee bidin. Em\u00ea Efr\u00een\u00ea rizgar bikin. Dil\u00ea me tevayiyan j\u00ee li ser esas\u00ea rizgar kirina Efr\u00een\u00ea diav\u00eaje. Armanca wan ewe ku bi gi\u015ft\u00ee dagirkirina Rojava ye. Di ti hiq\u00fbqan de nay\u00ea qeb\u00fbl kirin l\u00ea ji ber endam\u00ea NATO ye ji bona v\u00ea j\u00ee wek ti\u015ftek\u00ee ji r\u00eaz\u00ea t\u00ea d\u00eetin. Emer\u00eeka \u00fb R\u00fbsya di ser\u00ee de tevay\u00ee dewlet\u00ean c\u00eehan\u00ea zanin ku Erdoxan \u00e7eteyan ava dike \u00fb h\u00eaza wan mezin dike. Ya din j\u00ee naxawazin ku \u015eer\u00ea Rojhilata Nav\u00een bi daw\u00ee bibe. Ji ber ku heger \u015fer\u00ea Rojhilata Nav\u00een bi daw\u00ee bibe w\u00ea dem\u00ea ev t\u00ea w\u00ea watey\u00ea ku berjewendiy\u00ea h\u00eaz\u00ean ku ji v\u00ee \u015fer\u00ee f\u00eade digrin j\u00ee nam\u00eene. Sedema 3. Di bin nav\u00ea ku koal\u00eesyon li v\u00ea der\u00ea ye \u00fb em j\u00ee \u015fer\u00ea li beramber\u00ee DA\u00ce\u015e\u2019\u00ea dikin cardin gelek bajar\u00ean ku me ji bin dagirkeriya DA\u00ce\u015e\u2019\u00ea xilas kirin j\u00ee \u00e7\u00eab\u00fbn van ji ned\u00eet\u00ee ve t\u00ean. Plan\u00ean wan y\u00ean niha j\u00ee bazara wan ya li ser Idlib\u00ea ye ku Idlib\u00ea tesl\u00eem\u00ee S\u00fbr\u00ee bikin da ku bikaribin plan\u00ean xwe y\u00ean li ser Rojava bikaribin p\u00eak b\u00eenin. Dixwazin di v\u00ea S.S\u2019 de gel\u00ea Kurd bifetis\u00eenin.<\/p>\n<p>Komciv\u00eena ku li ser bingeh\u00ea Rizgarkirina Efr\u00een\u00ea hat li dar xistin \u00fb ji tevay\u00ee p\u00eakhateyan tevl\u00eeb\u00fbna nava v\u00ea kociv\u00een\u00ea hat \u00e7\u00eakirin di bingehde komciv\u00eeneke navnetewey\u00ee b\u00fb. Di armanca dagirkirina Efr\u00een\u00ea de \u00e7i heb\u00fb tevah\u00ee sedem hatin ziman \u00fb ji tevay\u00ee c\u00eehan\u00ea re belgey\u00ean resm\u00ee hatin \u015fandin. Ti\u015fta ku li Efr\u00een\u00ea dikin demografya Efr\u00een\u00ea diguher\u00eenin. Heta dixwazin di aliy\u00ea erdn\u00eegar\u00ee de j\u00ee biguher\u00eenin ji ber v\u00ea j\u00ee her roj xwezaya w\u00ea dagir dikin. Ti\u015ft\u00ea a\u00eed\u00ee Efr\u00een\u00ea dixwazin tine bikin. Li ser van bingehan v\u00ea komciv\u00een\u00ea encam girt. Ji bona v\u00ea j\u00ee her kesek dikare v\u00ea komc\u00eevin\u00ea weke b\u00fby\u00eena deng\u00ea Efr\u00een\u00ea \u00fb b\u00fby\u00eena deng\u00ea zarok\u00ean Efr\u00een\u00ea bigre dest. Zarok\u00ean her\u00ee bi\u00e7\u00fbk j\u00ee dema ku hest\u00ean xwe y\u00ea li beramber\u00ee Efr\u00een\u00ea t\u00eenin ziman mirov dib\u00eene ku hev\u00eey\u00ean wan di \u00e7i ast\u00ea de ne. Bi wan zarokan j\u00ee mabe w\u00ea Efr\u00een wer\u00ea z\u00eevirandin.<\/p>\n<p>Salvegara dagirkirina Efr\u00een\u00ea n\u00eaz\u00eek dibe l\u00ea heta niha j\u00ee gef\u00ean ku li ser xak\u00ean gel\u00ea Kurd t\u00ean xwarin bi daw\u00ee neb\u00fbne. Ev j\u00ee plan\u00ean wan radixe ber \u00e7av. Ev p\u00eelan ji bona tevay\u00ee Kurdan t\u00ean \u00e7\u00eakirin. Ji ber ku li Efr\u00een\u00ea parti \u00fb gel\u00ean c\u00fbda heb\u00fbn l\u00ea negotin ku ev ne Kurde an j\u00ee ev partiyeke dine tevah\u00ee gel qetil kirin. Di vir de j\u00ee mirov dib\u00eene ku \u00ear\u00ee\u015f\u00ean wan ne ten\u00ea bi li ser gel\u00ea Kurde li ser tevah\u00ee mirovayiy\u00ea ye. Da\u00ee\u015f\u00ea goristan\u00ean gel xirabdikirin. L\u00ea di roja \u00eero de dewleta Tirk heman ti\u015ft\u00ee li Efr\u00een\u00ea dike. Li gor v\u00ea j\u00ee p\u00eaw\u00eeste em hi\u015fyar bin \u00fb ti\u015fta her\u00ee gr\u00eeng j\u00ee p\u00eaw\u00eeste em ji herti\u015ftek\u00ee re amadebin.<\/p>\n<p>&#8211; N\u00fbjin D\u00earik<\/p>\n","protected":false},"excerpt":{"rendered":"<p>Beriya \u00e7end salan dagirkeriya Efr\u00een\u00ea dihat armanc kirin. Dest p\u00ea k\u00ea huk\u00fbmeta Erdoxan AKP\u2019\u00ea dixwaze di v\u00ea SS. de d\u00eeroka Osmaniyan bide jiyan kirin.\u00a0 V\u00ea prat\u00eeka xwe j\u00ee li ber \u00e7av\u00ea tevay\u00ee c\u00eehan\u00ea p\u00eak t\u00eene. Armanc\u00ea wan j\u00ee ne ten\u00ea Efr\u00een b\u00fb di heman dem\u00ea de planek\u00ee navdewlet\u00ee b\u00fb. Plan\u00ea navdewlet\u00ee ku \u00e7\u00eab\u00fb li ser [&hellip;]<\/p>\n","protected":false},"author":1,"featured_media":14684,"comment_status":"closed","ping_status":"closed","sticky":false,"template":"","format":"standard","meta":{"footnotes":""},"categories":[38],"tags":[],"class_list":{"0":"post-326","1":"post","2":"type-post","3":"status-publish","4":"format-standard","5":"has-post-thumbnail","7":"category-nuce"},"_links":{"self":[{"href":"https:\/\/ypjrojava.net\/index.php?rest_route=\/wp\/v2\/posts\/326","targetHints":{"allow":["GET"]}}],"collection":[{"href":"https:\/\/ypjrojava.net\/index.php?rest_route=\/wp\/v2\/posts"}],"about":[{"href":"https:\/\/ypjrojava.net\/index.php?rest_route=\/wp\/v2\/types\/post"}],"author":[{"embeddable":true,"href":"https:\/\/ypjrojava.net\/index.php?rest_route=\/wp\/v2\/users\/1"}],"replies":[{"embeddable":true,"href":"https:\/\/ypjrojava.net\/index.php?rest_route=%2Fwp%2Fv2%2Fcomments&post=326"}],"version-history":[{"count":1,"href":"https:\/\/ypjrojava.net\/index.php?rest_route=\/wp\/v2\/posts\/326\/revisions"}],"predecessor-version":[{"id":328,"href":"https:\/\/ypjrojava.net\/index.php?rest_route=\/wp\/v2\/posts\/326\/revisions\/328"}],"wp:featuredmedia":[{"embeddable":true,"href":"https:\/\/ypjrojava.net\/index.php?rest_route=\/wp\/v2\/media\/14684"}],"wp:attachment":[{"href":"https:\/\/ypjrojava.net\/index.php?rest_route=%2Fwp%2Fv2%2Fmedia&parent=326"}],"wp:term":[{"taxonomy":"category","embeddable":true,"href":"https:\/\/ypjrojava.net\/index.php?rest_route=%2Fwp%2Fv2%2Fcategories&post=326"},{"taxonomy":"post_tag","embeddable":true,"href":"https:\/\/ypjrojava.net\/index.php?rest_route=%2Fwp%2Fv2%2Ftags&post=326"}],"curies":[{"name":"wp","href":"https:\/\/api.w.org\/{rel}","templated":true}]}}