{"id":329,"date":"2019-01-24T13:52:15","date_gmt":"2019-01-24T13:52:15","guid":{"rendered":"http:\/\/ypjrojava.org\/blog43\/?p=329"},"modified":"2022-06-28T06:49:44","modified_gmt":"2022-06-28T06:49:44","slug":"du-dewreyen-servanen-ypje-hate-vekirin","status":"publish","type":"post","link":"https:\/\/ypjrojava.net\/?p=329","title":{"rendered":"Du Dewrey\u00ean \u015eervan\u00ean YPJ&#8217;\u00ea Hate Vekirin"},"content":{"rendered":"<p dir=\"RTL\" style=\"text-align: left;\"><span dir=\"LTR\">Akademiya \u015eeh\u00eed B\u00ear\u00eevan a \u015fervan\u00ea n\u00fb 2 dewrey\u00ean bi nav\u00ea \u015eeh\u00eed Zelal Efr\u00een \u00fb \u015eeh\u00eed Heb\u00fbn Qami\u015flo, y\u00ean ji p\u00eakhatey\u00ean Kurd \u00fb Ereb hatin vekirin.<\/span><\/p>\n<p dir=\"RTL\" style=\"text-align: left;\"><span dir=\"LTR\">Li Kantona Hesek\u00ea her\u00eama Mexl\u00fbca, bi dehan \u015fervan\u00ean jin y\u00ean Kurd \u00fb Ereb ji her\u00eam\u00ean cuda y\u00ean S\u00fbr\u00ee tevl\u00ee nava ref\u00ean YPJ \u00ea b\u00fbn. Ev perwerde 40 roj\u00ee w\u00ea dewam bike. \u015eervan<\/span><\/p>\n<p dir=\"RTL\" style=\"text-align: left;\"><span dir=\"LTR\">Vekirina herdu dewreyan bi meras\u00eeme le\u015fker\u00ee des p\u00ea kir. Di meras\u00eem\u00ea de Fermandara YPJ&#8217;\u00ea ya her\u00eama Ciz\u00eer\u00ea Leyla Wa\u015f\u00fbkan\u00ee axiv\u00ee. Wa\u015f\u00fbkan\u00ee vekirina herdu dewreyan li \u015fervanan p\u00eeroz kir \u00fb wiha 0got<\/span>\u0643<span dir=\"LTR\">;<\/span><span dir=\"LTR\">&#8220;Em di dest p\u00ea k\u00ea de herdu dewrey\u00ean \u015fervanan li hem\u00fb jinan \u00fb li hem\u00fb gel\u00ean Bak\u00fbr\u00ea S\u00fbriy\u00ea p\u00eeroz dikim \u00fb di p\u00ea\u015feroja we de serkeftin\u00ea dixwezin. Em ketin salek\u00ee n\u00fb, di v\u00ea sal\u00ea de weke h\u00eaz\u00ean YPJ&#8217;\u00ea erk\u00ean mezin ji me t\u00eane xwestin. Ji bo em xwed\u00ee li wan erk\u00ean xwe der\u00ean tevl\u00eeb\u00fbna her \u015fervanek\u00ee ya nava YPJ&#8217;\u00ea xwed\u00ee wateyek mezine. Em bi tevl\u00eeb\u00fbnek xurt v\u00ea sal\u00ea bikin serkeftin\u00ea. Em v\u00ea serkeftin\u00ea bi tevl\u00eeb\u00fbn \u00fb perwerdeyek xurt dikarin bi dest bixin&#8221;.<\/span><\/p>\n<p dir=\"RTL\" style=\"text-align: left;\"><span dir=\"LTR\">Her wiha Wa\u015f\u00fbkan\u00ee got:&#8221; Dijmin\u00ea ku \u00e7av\u00ea xwe berdane deskeftiy\u00ean gelan, em\u00ea wan vala derbixin \u00fb her \u00ear\u00ee\u015fa li ser me p\u00ea\u015fbikeve em\u00ea parastina destkeftiy\u00ean xwe bikin. Em\u00ea bi \u00e7ek, armanc \u00fb azadiya gel\u00ea xwe bi cih b\u00eenin. Azad\u00ee hedefa me ye \u00fb em\u00ea serbikevin ji bona hem\u00fb jinan \u00fb heta nefesek me ya daw\u00ee, em\u00ea ji bo azadiy\u00ea \u00fb serkeftin\u00ea teko\u015f\u00een bikin. Carek din em van herdu dewreyan li hem\u00fb Hevalan p\u00eeroz dikin, Soza xwe n\u00fb dikin \u00fb ji bo hem\u00fb \u015eeh\u00eedan \u00fb sala 2019 an em\u00ea bikin sala serkeftin\u00ea&#8221;.<\/span><\/p>\n<p dir=\"RTL\" style=\"text-align: left;\"><span dir=\"LTR\">Pi\u015ft\u00ee \u015fervanan soz dan ew\u00ea welat\u00ea xwe \u00fb xaka xwe heya serkeftinek may\u00eende bipar\u00eazin, meras\u00eema le\u015fker\u00ee bi dir\u00fb\u015fmeya :&#8221;B\u00ea Serok Jiyan Nabe, \u015eeh\u00eed Namirin, Jin Jiyan Azad\u00ee&#8221; bi daw\u00ee b\u00fb.<\/span><\/p>\n<p dir=\"RTL\" style=\"text-align: left;\"><span dir=\"LTR\">\u015eervanan pi\u015ft\u00ee meras\u00eem bi daw\u00eekirin, bi heyecan \u00fb moralek\u00ee bilind govend gerandin.<\/span><\/p>\n<p dir=\"RTL\" style=\"text-align: left;\"><span dir=\"LTR\">Navenda Ragihandina YPJ<\/span><\/p>\n","protected":false},"excerpt":{"rendered":"<p>Akademiya \u015eeh\u00eed B\u00ear\u00eevan a \u015fervan\u00ea n\u00fb 2 dewrey\u00ean bi nav\u00ea \u015eeh\u00eed Zelal Efr\u00een \u00fb \u015eeh\u00eed Heb\u00fbn Qami\u015flo, y\u00ean ji p\u00eakhatey\u00ean Kurd \u00fb Ereb hatin vekirin. Li Kantona Hesek\u00ea her\u00eama Mexl\u00fbca, bi dehan \u015fervan\u00ean jin y\u00ean Kurd \u00fb Ereb ji her\u00eam\u00ean cuda y\u00ean S\u00fbr\u00ee tevl\u00ee nava ref\u00ean YPJ \u00ea b\u00fbn. Ev perwerde 40 roj\u00ee w\u00ea dewam [&hellip;]<\/p>\n","protected":false},"author":1,"featured_media":14685,"comment_status":"closed","ping_status":"closed","sticky":false,"template":"","format":"standard","meta":{"footnotes":""},"categories":[38],"tags":[],"class_list":{"0":"post-329","1":"post","2":"type-post","3":"status-publish","4":"format-standard","5":"has-post-thumbnail","7":"category-nuce"},"_links":{"self":[{"href":"https:\/\/ypjrojava.net\/index.php?rest_route=\/wp\/v2\/posts\/329","targetHints":{"allow":["GET"]}}],"collection":[{"href":"https:\/\/ypjrojava.net\/index.php?rest_route=\/wp\/v2\/posts"}],"about":[{"href":"https:\/\/ypjrojava.net\/index.php?rest_route=\/wp\/v2\/types\/post"}],"author":[{"embeddable":true,"href":"https:\/\/ypjrojava.net\/index.php?rest_route=\/wp\/v2\/users\/1"}],"replies":[{"embeddable":true,"href":"https:\/\/ypjrojava.net\/index.php?rest_route=%2Fwp%2Fv2%2Fcomments&post=329"}],"version-history":[{"count":1,"href":"https:\/\/ypjrojava.net\/index.php?rest_route=\/wp\/v2\/posts\/329\/revisions"}],"predecessor-version":[{"id":331,"href":"https:\/\/ypjrojava.net\/index.php?rest_route=\/wp\/v2\/posts\/329\/revisions\/331"}],"wp:featuredmedia":[{"embeddable":true,"href":"https:\/\/ypjrojava.net\/index.php?rest_route=\/wp\/v2\/media\/14685"}],"wp:attachment":[{"href":"https:\/\/ypjrojava.net\/index.php?rest_route=%2Fwp%2Fv2%2Fmedia&parent=329"}],"wp:term":[{"taxonomy":"category","embeddable":true,"href":"https:\/\/ypjrojava.net\/index.php?rest_route=%2Fwp%2Fv2%2Fcategories&post=329"},{"taxonomy":"post_tag","embeddable":true,"href":"https:\/\/ypjrojava.net\/index.php?rest_route=%2Fwp%2Fv2%2Ftags&post=329"}],"curies":[{"name":"wp","href":"https:\/\/api.w.org\/{rel}","templated":true}]}}