{"id":338,"date":"2019-01-26T07:54:07","date_gmt":"2019-01-26T07:54:07","guid":{"rendered":"http:\/\/ypjrojava.org\/blog43\/?p=338"},"modified":"2022-11-05T06:10:12","modified_gmt":"2022-11-05T06:10:12","slug":"li-derezore-pela-rizgarkirina-sivilan-didome","status":"publish","type":"post","link":"https:\/\/ypjrojava.net\/?p=338","title":{"rendered":"Li D\u00earezor\u00ea P\u00eala Rizgarkirina Siv\u00eelan Didome"},"content":{"rendered":"<p>Ji destp\u00eaka hemla duyem\u00een ya bagera Ciz\u00eer\u00ea de bi hezaran siv\u00eel hatine rizgarkirin. Ev siv\u00eel\u00ean ku bi salane di bin zilm \u00fb zora DA\u0130\u015e\u2019\u00ea de dij\u00een di firsendek her\u00ee bi\u00e7\u00fbk de j\u00ee hewl didin xwe ji nava lep\u00ean \u00e7etey\u00ean DA\u0130\u015e\u2019\u00ea rizgar bikin.<\/p>\n<p>Her \u00e7end\u00ee li her\u00eama Hec\u00een a bi ser bajar\u00ea D\u00earezor\u00ea ve \u015fer \u00fb pev\u00e7\u00fbn dijwarbin j\u00ee \u015fervan\u00ean YPJ \u00fb QSD\u2019\u00ea rojane bi riya koridora ku vekirine \u015f\u00eaniy\u00ean D\u00earezor\u00ea ji dest\u00ea \u00e7eteyan rizgar dikin \u00fb wan digh\u00eenin cih\u00ean bi ewle.<\/p>\n<p>Di roja 24 Kan\u00fbn\u00ea de careke din z\u00eadetir\u00ee hezar siv\u00eel hatin rizgarkirin. Ev siv\u00eel\u00ean ku n\u00eaz\u00ee 15 KM dime\u015fin da ku xwe bigh\u00eenin koridora bi ewle ya \u015fervanan bi ruxm\u00ea \u015fert \u00fb merc\u00ean zor \u00ean zivistan\u00ea, li berxwe didin \u00fb xwe digh\u00eenin her\u00eam\u00ean bi ewle.<\/p>\n<p>M\u00eena ku di objekt\u00eefan de j\u00ee xuya dike her day\u00eekek, her zarokek bi r\u00fbkeniyek mezin tiliy\u00ean xwe radikin jor \u00fb m\u00eena ku b\u00eajin serkeftin! em ji dest\u00ea wan \u00e7eteyan xilasb\u00fbn.<\/p>\n<p>Ev siv\u00eel\u00ean ku di koridora bi ewle ya ku ji aliy\u00ea \u015fervan\u00ean YPJ \u00fb QSD ve hatib\u00fb avakirin, ji mil\u00ea bajarok\u00ea S\u00fbs\u00ea \u00fb Bahoza ve derbas\u00ee kampa Hol\u00ea dibin. Siv\u00eelan an\u00ee ziman ku, \u201cH\u00eena bi hezaran siv\u00eel hene li benda rizgarkirin\u00ea. Hem\u00ee j\u00ee dixwazin werin l\u00ea ji ber ku gi\u015ft\u00ee her\u00eam ji aliy\u00ea \u00e7etey\u00ean DA\u0130\u015e\u2019\u00ea ve hatiye may\u00een kirin nikarin derkevin. Heta \u00e7end siv\u00eel dema dixwestin xwe xilas bikin bi may\u00een\u00ean \u00e7eteyan bir\u00eendar b\u00fbne \u00fb ne\u00e7ar mane ku card\u00ee vegerin.\u201d<\/p>\n<p>Ev siv\u00eel\u00ean ku derbas\u00ee cem \u015fervan\u00ean YPJ \u00fb QSD\u2019\u00ea b\u00fbn pi\u015ft\u00ee ku di kontrol\u00ea re derbas b\u00fbn \u00fb p\u00eadiviy\u00ean wan hatin bicih an\u00een, bi rengek saxlem derbas\u00ee kampa hol\u00ea b\u00fbn.<\/p>\n<p>Li gel \u015fer \u00fb pev\u00e7\u00fbn\u00ean dijwar p\u00eala rizgarkirina siv\u00eelan h\u00ea j\u00ee didome.<\/p>\n<p>N\u00fb\u00e7eg\u00eehan\u00ean Navenda \u00c7apemen\u00ee \u00db Ragihandina YPJ\u2019\u00ea<\/p>\n","protected":false},"excerpt":{"rendered":"<p>Ji destp\u00eaka hemla duyem\u00een ya bagera Ciz\u00eer\u00ea de bi hezaran siv\u00eel hatine rizgarkirin. Ev siv\u00eel\u00ean ku bi salane di bin zilm \u00fb zora DA\u0130\u015e\u2019\u00ea de dij\u00een di firsendek her\u00ee bi\u00e7\u00fbk de j\u00ee hewl didin xwe ji nava lep\u00ean \u00e7etey\u00ean DA\u0130\u015e\u2019\u00ea rizgar bikin. Her \u00e7end\u00ee li her\u00eama Hec\u00een a bi ser bajar\u00ea D\u00earezor\u00ea ve \u015fer \u00fb [&hellip;]<\/p>\n","protected":false},"author":1,"featured_media":15475,"comment_status":"open","ping_status":"closed","sticky":false,"template":"","format":"image","meta":{"footnotes":""},"categories":[38],"tags":[],"class_list":{"0":"post-338","1":"post","2":"type-post","3":"status-publish","4":"format-image","5":"has-post-thumbnail","7":"category-nuce","8":"post_format-post-format-image"},"_links":{"self":[{"href":"https:\/\/ypjrojava.net\/index.php?rest_route=\/wp\/v2\/posts\/338","targetHints":{"allow":["GET"]}}],"collection":[{"href":"https:\/\/ypjrojava.net\/index.php?rest_route=\/wp\/v2\/posts"}],"about":[{"href":"https:\/\/ypjrojava.net\/index.php?rest_route=\/wp\/v2\/types\/post"}],"author":[{"embeddable":true,"href":"https:\/\/ypjrojava.net\/index.php?rest_route=\/wp\/v2\/users\/1"}],"replies":[{"embeddable":true,"href":"https:\/\/ypjrojava.net\/index.php?rest_route=%2Fwp%2Fv2%2Fcomments&post=338"}],"version-history":[{"count":2,"href":"https:\/\/ypjrojava.net\/index.php?rest_route=\/wp\/v2\/posts\/338\/revisions"}],"predecessor-version":[{"id":14879,"href":"https:\/\/ypjrojava.net\/index.php?rest_route=\/wp\/v2\/posts\/338\/revisions\/14879"}],"wp:featuredmedia":[{"embeddable":true,"href":"https:\/\/ypjrojava.net\/index.php?rest_route=\/wp\/v2\/media\/15475"}],"wp:attachment":[{"href":"https:\/\/ypjrojava.net\/index.php?rest_route=%2Fwp%2Fv2%2Fmedia&parent=338"}],"wp:term":[{"taxonomy":"category","embeddable":true,"href":"https:\/\/ypjrojava.net\/index.php?rest_route=%2Fwp%2Fv2%2Fcategories&post=338"},{"taxonomy":"post_tag","embeddable":true,"href":"https:\/\/ypjrojava.net\/index.php?rest_route=%2Fwp%2Fv2%2Ftags&post=338"}],"curies":[{"name":"wp","href":"https:\/\/api.w.org\/{rel}","templated":true}]}}