{"id":341,"date":"2019-01-26T07:54:59","date_gmt":"2019-01-26T07:54:59","guid":{"rendered":"http:\/\/ypjrojava.org\/blog43\/?p=341"},"modified":"2022-11-05T06:11:55","modified_gmt":"2022-11-05T06:11:55","slug":"akademiya-sehid-necbir-dewreyeke-din-a-perwerde-bi-dawi-kir","status":"publish","type":"post","link":"https:\/\/ypjrojava.net\/?p=341","title":{"rendered":"Akademiya \u015eeh\u00eed Necb\u00eer Dewreyeke Din A Perwerd\u00ea Bi Daw\u00ee Kir"},"content":{"rendered":"<p><strong>Akademiya \u015feh\u00eed Necb\u00eer a \u015fervan\u00ean n\u00fb dewreya bi nav\u00ea \u015feh\u00eed Berf\u00een a ku ji p\u00eakhatey\u00ean\u00a0 Ereb p\u00eak dihat bi daw\u00ee kir.<\/strong><\/p>\n<p>Li Kantona Hesek\u00ea her\u00eama \u015eedad\u00ea bi dehan \u015fervan\u00ean Ereb \u00ean ku ji her\u00eam\u00ean cuda y\u00ean S\u00fbr\u00ee tevl\u00eab\u00fbne pi\u015ft\u00ee bi daw\u00eekirina perwerd\u00ea tevl\u00ea nava ref\u00ean YPJ\u2019\u00ea b\u00fbn. Ev dewreya perwerdehiy\u00ea ya ku 40 roj\u00ee dewam kir, bi ders\u00ean \u00eeeoloj\u00eek, le\u015fker\u00ee, siyas\u00ee \u00fb \u00e7and\u00ee dagirt\u00ee derbas b\u00fb.<\/p>\n<p>Meras\u00eema girtina dewr\u00ea bi deqeyeke r\u00eazdariy\u00ea destp\u00eakir. Pi\u015ft\u00ee w\u00ea fermandara YPJ Leyla Wa\u015fokan\u00ee girtina dewr\u00ee li \u015fervanan p\u00eeroz kir \u00fb wiha got; \u201cEm bi daw\u00eekirina v\u00ea dewreya perwerdey\u00ea li hem\u00fb jinan \u00fb li gel\u00ea xwe p\u00eeroz dikin. Di nava v\u00ea p\u00eavajoya awarte de bi daw\u00ee kirina perwerd\u00ea serkeftinek mezine \u00fb em bawerin ku her \u015fervanek li cih\u00ea bi\u00e7\u00ea de w\u00ea bi erk \u00fb berpirsyariy\u00ean dem\u00ea rabe\u201d.<\/p>\n<p>Her wiha fermandar Wa\u015fokan\u00ee bi van gotinan bal ki\u015fande ser gev\u00ean dagirkeriya Tirk; \u201cEm wek yek\u00eeney\u00ean parastina jin YPJ herdem amade ne ku gel\u00ea xwe bipar\u00eazin \u00fb em\u00ea dest\u00fbr nedin ku dijmin\u00ea me bi rihet\u00ee bikeve xaka me \u00fb em ji hem\u00fb gelan \u00fb jinan re soz didin ku em\u00ea heya dawiya xw\u00eena xwe wan bipar\u00eazin. Em wek\u00ee jin \u00fb gel\u00ea Rojhilata Nav\u00een li ser \u00e7anda berxwedaniy\u00ea mezin b\u00fbn \u00fb em\u00ea v\u00ea \u00e7anda xwe heya serkeftin\u00ea bidom\u00eenin\u201d.<\/p>\n<p>Pi\u015ft\u00ee \u015fervanan soz dan ku ew\u00ea welat\u00ea xwe \u00fb xaka xwe heya serkeftinek may\u00eende bipar\u00eazin, meras\u00eema le\u015fker\u00ee bi dir\u00fb\u015fmeya; \u201cB\u00ea Seroka Jiyan Nabe, Jin Jiyan Azad\u00ee\u201d bi daw\u00ee b\u00fb.<\/p>\n<p>\u015eervan\u00ean ku dewreya xwe ya perwerdehiy\u00ea bi daw\u00ee kirin an\u00een ziman ku ew\u00ea bi rengek her\u00ee akt\u00eef tevl\u00ea nava ref\u00ean YPJ bibin \u00fb bi van gotinan daw\u00ee li nirxandin\u00ean xwe an\u00een; \u201cEm ji fikr \u00fb raman\u00ean R\u00eaber Ocelan pir bandor b\u00fbn. Her wiha ruh\u00ea berxwed\u00ear y\u00ea jin\u00ea di nava ref\u00ean teko\u015f\u00een\u00ea de pir bala me ki\u015fand. Ji ber w\u00ea j\u00ee em soz didin ku em\u00ea li ser \u015fopa heq\u00eeqet\u00ea herdem\u00ee di berxwedan \u00fb serkeftin\u00ea de israr bikin\u201d.<\/p>\n<p>Pi\u015ft\u00ee w\u00ea fesazb\u00fbna her \u015fervanek\u00ea \u00e7\u00eab\u00fb. Her yek ji wan bi h\u00eaviya siberoj\u00ean azad ber\u00ea xwe dan eniy\u00ean \u015fer \u00fb berxwedan\u00ea y\u00ean cur be cur.<\/p>\n<p>Navenda Ragihandina YPJ&#8217;\u00ea<\/p>\n","protected":false},"excerpt":{"rendered":"<p>Akademiya \u015feh\u00eed Necb\u00eer a \u015fervan\u00ean n\u00fb dewreya bi nav\u00ea \u015feh\u00eed Berf\u00een a ku ji p\u00eakhatey\u00ean\u00a0 Ereb p\u00eak dihat bi daw\u00ee kir. Li Kantona Hesek\u00ea her\u00eama \u015eedad\u00ea bi dehan \u015fervan\u00ean Ereb \u00ean ku ji her\u00eam\u00ean cuda y\u00ean S\u00fbr\u00ee tevl\u00eab\u00fbne pi\u015ft\u00ee bi daw\u00eekirina perwerd\u00ea tevl\u00ea nava ref\u00ean YPJ\u2019\u00ea b\u00fbn. Ev dewreya perwerdehiy\u00ea ya ku 40 roj\u00ee dewam [&hellip;]<\/p>\n","protected":false},"author":1,"featured_media":15476,"comment_status":"open","ping_status":"closed","sticky":false,"template":"","format":"image","meta":{"footnotes":""},"categories":[38],"tags":[],"class_list":{"0":"post-341","1":"post","2":"type-post","3":"status-publish","4":"format-image","5":"has-post-thumbnail","7":"category-nuce","8":"post_format-post-format-image"},"_links":{"self":[{"href":"https:\/\/ypjrojava.net\/index.php?rest_route=\/wp\/v2\/posts\/341","targetHints":{"allow":["GET"]}}],"collection":[{"href":"https:\/\/ypjrojava.net\/index.php?rest_route=\/wp\/v2\/posts"}],"about":[{"href":"https:\/\/ypjrojava.net\/index.php?rest_route=\/wp\/v2\/types\/post"}],"author":[{"embeddable":true,"href":"https:\/\/ypjrojava.net\/index.php?rest_route=\/wp\/v2\/users\/1"}],"replies":[{"embeddable":true,"href":"https:\/\/ypjrojava.net\/index.php?rest_route=%2Fwp%2Fv2%2Fcomments&post=341"}],"version-history":[{"count":1,"href":"https:\/\/ypjrojava.net\/index.php?rest_route=\/wp\/v2\/posts\/341\/revisions"}],"predecessor-version":[{"id":343,"href":"https:\/\/ypjrojava.net\/index.php?rest_route=\/wp\/v2\/posts\/341\/revisions\/343"}],"wp:featuredmedia":[{"embeddable":true,"href":"https:\/\/ypjrojava.net\/index.php?rest_route=\/wp\/v2\/media\/15476"}],"wp:attachment":[{"href":"https:\/\/ypjrojava.net\/index.php?rest_route=%2Fwp%2Fv2%2Fmedia&parent=341"}],"wp:term":[{"taxonomy":"category","embeddable":true,"href":"https:\/\/ypjrojava.net\/index.php?rest_route=%2Fwp%2Fv2%2Fcategories&post=341"},{"taxonomy":"post_tag","embeddable":true,"href":"https:\/\/ypjrojava.net\/index.php?rest_route=%2Fwp%2Fv2%2Ftags&post=341"}],"curies":[{"name":"wp","href":"https:\/\/api.w.org\/{rel}","templated":true}]}}