{"id":347,"date":"2019-01-26T07:57:32","date_gmt":"2019-01-26T07:57:32","guid":{"rendered":"http:\/\/ypjrojava.org\/blog43\/?p=347"},"modified":"2022-06-21T16:30:24","modified_gmt":"2022-06-21T16:30:24","slug":"ji-gele-me-u-raya-gisti-re-hevre-ronya-bu-minaka-sekna-soresger","status":"publish","type":"post","link":"https:\/\/ypjrojava.net\/?p=347","title":{"rendered":"Ji gel\u00ea me \u00fb Raya gi\u015ft\u00ee re Hevr\u00ea Ronya b\u00fb m\u00eenaka sekna \u015fore\u015fger"},"content":{"rendered":"<p>Em di \u015fexs\u00ea teko\u015fera azadiy\u00ea hevr\u00ea Ronya de, r\u00eaheval Zagros Hesek\u00ea, El\u00ee Besraw\u00ee \u00fb hem\u00fb \u015feh\u00eed\u00ean \u015fore\u015fa azadiy\u00ea bi r\u00eazdar\u00ee bi b\u00eert\u00eenin. Her wiha em ji malbeta \u015feh\u00eed Ronya \u00fb hem\u00fb malbat\u00ean \u015feh\u00eedan re sersax\u00ee dixwazin \u00fb soza \u015fopandina r\u00eaya \u015feh\u00eedan careke din n\u00fb dikin.<\/p>\n<p>Em weke jin \u00fb gel\u00ean Bak\u00fbr\u00ea S\u00fbriy\u00ea di p\u00eavajoyeke dijwar ya teko\u015f\u00een\u00ea re derbas dibin. Demeke wisa ye ku di her al\u00ee de ji me bedel dixwaze. Em weke h\u00eaz\u00ean yek\u00eeney\u00ean parastina jin YPJ j\u00ee di zaneb\u00fbna v\u00ea p\u00eavajoy\u00ea de ne. Em bi v\u00ea b\u00eer \u00fb baweriy\u00ea teko\u015f\u00eena ji bo ax \u00fb welat\u00ea azad, teko\u015f\u00eena mirovahiya azad \u00a0didin.<\/p>\n<p>Dewleta Tirk bi \u00ear\u00ee\u015fa li ser Koban\u00ea \u00fb Gir\u00ea Sp\u00ee careke din hevkariya xwe ya bi \u00e7etey\u00ean DAI\u015e\u2019\u00ea re e\u015fkere kiriye. Ev \u00ear\u00ee\u015f t\u00ea wateya xurtkirin \u00fb xwe komkirina \u00e7eteyan.<\/p>\n<p>H\u00eaz\u00ean me li eniya D\u00eare Zor\u00ea, qad\u00ean ji \u00e7eteyan rizgar kirine bi awayek\u00ee xurt \u00fb di wan \u015fert \u00fb merc\u00ean zor de dipar\u00eazin. Hevr\u00eaya me Ronya j\u00ee yek ji wan hevalan b\u00fb. Hevala me Roniya dema ku ji bo erkek vedigeriya cih\u00ea xwe di encama qezay\u00ea de \u015feh\u00eed b\u00fb. Her \u015feh\u00eedek ji bo me ji n\u00fbve soz \u00fb biryardariya teko\u015f\u00een\u00ea ye. Hevr\u00eay\u00ean me, li her qad\u00ea parastina gel dikin.<\/p>\n<p>Hevala me Ronya di hem\u00fb erkan de her tim li p\u00ea\u015f b\u00fb. Bi ruxm\u00ea bir\u00eendariya xwe yek k\u00ealiy\u00ea j\u00ee xwe ji \u015fer \u00fb teko\u015f\u00een\u00ea d\u00fbr nexist.Hertim\u00ee daxwaza w\u00ea ew b\u00fb ku di \u00e7epera her\u00ee p\u00ea\u015f de cih bigre. Li ser v\u00ea bingeh\u00ea j\u00ee cih\u00ea xwe di nava p\u00eangava rizgarkirina Minbic \u00fb Bagera Ciz\u00eer\u00ea de girtib\u00fb. Di her p\u00eangav\u00ea de j\u00ee erka her\u00ee zor \u00fb zehmet hilda ser mil\u00ea xwe. Ji ber armanca w\u00ea ew b\u00fb ku di \u015fopa hevr\u00eay\u00ean xwe y\u00ean \u015feh\u00eed de bibe xwed\u00ee tevl\u00eab\u00fbneke bi \u00e7alak. Bi v\u00ea\u00a0<u>tevl\u00eab\u00fbna<\/u>\u00a0xwe ve di\u00a0<u>nava<\/u>\u00a0ref\u00ean YPJ de erka p\u00ea\u015fengiy\u00ea da ser mil\u00ea xwe \u00fb b\u00ea hesab kar \u00fb xebat da me\u015fandin. Ronya bi v\u00ea sekna xwe ve bi ruhek feda\u00ee di nava tevah\u00ee qad\u00ean teko\u015f\u00een \u00fb jiyan\u00ea de b\u00fb. Ji bo axa welat\u00ea xwe heya daw\u00ee t\u00eako\u015fiya \u00fb tim\u00ee li qada cenga giran b\u00fb.<\/p>\n<p>Ronya bi v\u00ea tevl\u00eab\u00fbna xwe ya \u00e7alak ve ji bo me b\u00fb \u00e7avkaniya h\u00eaz \u00fb moral\u00ea \u00fb b\u00fb bersiva her\u00ee rast ji pirsa p\u00eaw\u00eeste mirovek \u00e7awa bij\u00ee. Li hember\u00ee her away\u00ee \u00ear\u00ee\u015f\u00ean giran y\u00ean ku axa Rojava \u00fb S\u00fbr\u00ee hedef dike b\u00fb m\u00eenaka sekna \u015fore\u015fger.<\/p>\n<p>Li ser v\u00ea bingeh\u00ea em careke din hevr\u00ea Ronya \u00fb hem\u00fb \u015feh\u00eed\u00ean azadiy\u00ea bi r\u00eazdar\u00ee bi b\u00eer t\u00eenin. Ji malbata r\u00eaheval Ronya \u00fb ji tevah\u00ee malbat\u00ean \u015feh\u00eedan re sersax\u00ee dixwazin \u00fb soza bilindkirina teko\u015f\u00eena azadiy\u00ea ji bo gel\u00ea xwe \u00fb \u015feh\u00eedan n\u00fb dikin.<\/p>\n<p><strong>Fermandariya Gi\u015ft\u00ee ya YPJ<\/strong><\/p>\n<p><img loading=\"lazy\" decoding=\"async\" class=\"size-medium wp-image-14146 aligncenter\" src=\"https:\/\/ypjrojava.net\/wp-content\/uploads\/2019\/01\/sehid-Ronya-199x300.jpg\" alt=\"\" width=\"199\" height=\"300\" srcset=\"https:\/\/ypjrojava.net\/wp-content\/uploads\/2019\/01\/sehid-Ronya-199x300.jpg 199w, https:\/\/ypjrojava.net\/wp-content\/uploads\/2019\/01\/sehid-Ronya-681x1024.jpg 681w, https:\/\/ypjrojava.net\/wp-content\/uploads\/2019\/01\/sehid-Ronya.jpg 718w\" sizes=\"auto, (max-width: 199px) 100vw, 199px\" \/><\/p>\n","protected":false},"excerpt":{"rendered":"<p>Em di \u015fexs\u00ea teko\u015fera azadiy\u00ea hevr\u00ea Ronya de, r\u00eaheval Zagros Hesek\u00ea, El\u00ee Besraw\u00ee \u00fb hem\u00fb \u015feh\u00eed\u00ean \u015fore\u015fa azadiy\u00ea bi r\u00eazdar\u00ee bi b\u00eert\u00eenin. Her wiha em ji malbeta \u015feh\u00eed Ronya \u00fb hem\u00fb malbat\u00ean \u015feh\u00eedan re sersax\u00ee dixwazin \u00fb soza \u015fopandina r\u00eaya \u015feh\u00eedan careke din n\u00fb dikin. Em weke jin \u00fb gel\u00ean Bak\u00fbr\u00ea S\u00fbriy\u00ea di p\u00eavajoyeke dijwar [&hellip;]<\/p>\n","protected":false},"author":1,"featured_media":14145,"comment_status":"closed","ping_status":"closed","sticky":false,"template":"","format":"image","meta":{"footnotes":""},"categories":[39],"tags":[],"class_list":{"0":"post-347","1":"post","2":"type-post","3":"status-publish","4":"format-image","5":"has-post-thumbnail","7":"category-daxuyani","8":"post_format-post-format-image"},"_links":{"self":[{"href":"https:\/\/ypjrojava.net\/index.php?rest_route=\/wp\/v2\/posts\/347","targetHints":{"allow":["GET"]}}],"collection":[{"href":"https:\/\/ypjrojava.net\/index.php?rest_route=\/wp\/v2\/posts"}],"about":[{"href":"https:\/\/ypjrojava.net\/index.php?rest_route=\/wp\/v2\/types\/post"}],"author":[{"embeddable":true,"href":"https:\/\/ypjrojava.net\/index.php?rest_route=\/wp\/v2\/users\/1"}],"replies":[{"embeddable":true,"href":"https:\/\/ypjrojava.net\/index.php?rest_route=%2Fwp%2Fv2%2Fcomments&post=347"}],"version-history":[{"count":3,"href":"https:\/\/ypjrojava.net\/index.php?rest_route=\/wp\/v2\/posts\/347\/revisions"}],"predecessor-version":[{"id":14148,"href":"https:\/\/ypjrojava.net\/index.php?rest_route=\/wp\/v2\/posts\/347\/revisions\/14148"}],"wp:featuredmedia":[{"embeddable":true,"href":"https:\/\/ypjrojava.net\/index.php?rest_route=\/wp\/v2\/media\/14145"}],"wp:attachment":[{"href":"https:\/\/ypjrojava.net\/index.php?rest_route=%2Fwp%2Fv2%2Fmedia&parent=347"}],"wp:term":[{"taxonomy":"category","embeddable":true,"href":"https:\/\/ypjrojava.net\/index.php?rest_route=%2Fwp%2Fv2%2Fcategories&post=347"},{"taxonomy":"post_tag","embeddable":true,"href":"https:\/\/ypjrojava.net\/index.php?rest_route=%2Fwp%2Fv2%2Ftags&post=347"}],"curies":[{"name":"wp","href":"https:\/\/api.w.org\/{rel}","templated":true}]}}