{"id":350,"date":"2019-01-26T07:58:31","date_gmt":"2019-01-26T07:58:31","guid":{"rendered":"http:\/\/ypjrojava.org\/blog43\/?p=350"},"modified":"2022-06-21T16:16:23","modified_gmt":"2022-06-21T16:16:23","slug":"ypje-bi-pesengti-u-berxwedane-dais-tek-bir","status":"publish","type":"post","link":"https:\/\/ypjrojava.net\/?p=350","title":{"rendered":"YPJ\u2019\u00ea B\u0131 P\u00ea\u015fengt\u00ee \u00db Berxwedan\u00ea Da\u00ee\u015f T\u00eak B\u0131r"},"content":{"rendered":"<p style=\"box-sizing: border-box; margin: 0px; padding: 0px; border: 0px; font-variant-numeric: inherit; font-variant-east-asian: inherit; font-stretch: inherit; font-size: 12px; line-height: inherit; font-family: 'DIN Pro'; vertical-align: baseline; direction: ltr; text-align: justify; color: #444444;\"><span style=\"box-sizing: border-box; margin: 0px; padding: 0px; border: 0px; font-style: inherit; font-variant: inherit; font-weight: inherit; font-stretch: inherit; font-size: inherit; line-height: inherit; font-family: georgia, serif; vertical-align: baseline;\"><span style=\"box-sizing: border-box; margin: 0px; padding: 0px; border: 0px; font-style: inherit; font-variant: inherit; font-weight: inherit; font-stretch: inherit; font-size: 16px; line-height: inherit; font-family: inherit; vertical-align: baseline;\">Em salvegera 1. ya rizgar kirina bajar\u00ea Reqqay\u00ea ku, di p\u00ea\u015fengtiya jin\u00ean Kurd, \u015fervan\u00ean YPJ\u2019\u00ea, jin\u00ean li seranser\u00ee c\u00eehan\u00ea t\u00eadiko\u015fin \u00fb tevah\u00ee jin\u00ean Rojhilata Nav\u00een de p\u00eak hat, li gel\u00ea Bak\u00fbr\u00ea S\u00fbriy\u00ea, tevah\u00ee jinan \u00fb mirovahiya ku li hember\u00ee terora DA\u00ce\u015e ser\u00ee rakirin \u00fb t\u00eako\u015fiyan p\u00eeroz dikin. Em di kesayeta \u015feh\u00eed Zozan, Ar\u00een, Heb\u00fbn \u00fb Sozdaran de tevah\u00ee \u015feh\u00eed\u00ean di p\u00eangava rizgarkirina Reqqay\u00ea de kedeke b\u00eahempa raber kirin bi b\u00eer t\u00eenin. Soza gir\u00eadana bi \u015feh\u00eedan re n\u00fb dikin.\u00a0\u00a0<\/span><\/span><\/p>\n<p style=\"box-sizing: border-box; margin: 0px; padding: 0px; border: 0px; font-variant-numeric: inherit; font-variant-east-asian: inherit; font-stretch: inherit; font-size: 12px; line-height: inherit; font-family: 'DIN Pro'; vertical-align: baseline; direction: ltr; text-align: justify; color: #444444;\"><span style=\"box-sizing: border-box; margin: 0px; padding: 0px; border: 0px; font-style: inherit; font-variant: inherit; font-weight: inherit; font-stretch: inherit; font-size: inherit; line-height: inherit; font-family: georgia, serif; vertical-align: baseline;\"><span style=\"box-sizing: border-box; margin: 0px; padding: 0px; border: 0px; font-style: inherit; font-variant: inherit; font-weight: inherit; font-stretch: inherit; font-size: 16px; line-height: inherit; font-family: inherit; vertical-align: baseline;\">Weke t\u00ea zan\u00een Bajar\u00ea Reqqay\u00ea heya ber\u00ee 17 Cotmeha 2017\u2019an, di bin dagirkeriya \u00e7etey\u00ean DA\u0130\u015e\u2019\u00ea de b\u00fb. Me di 19 Cotmeha 2017\u2019an de li Reqqay\u00ea t\u00eakbirina DA\u00ce\u015e\u2019\u00ea \u00a0ji raya gi\u015ft\u00ee re ragihandib\u00fb. H\u00eaz\u00ean me, bi rih\u00ea berxwedana Koban\u00ea \u00fb bi sonda tolhildana hem\u00fb \u015feh\u00eed\u00ean \u015fore\u015fa Bak\u00fbr\u00ea S\u00fbriy\u00ea, bi baweriya bin xistina DA\u00ce\u015e\u2019\u00ea \u00fb tojhildana hem\u00fb jinan \u00fb zarokan di eniy\u00ean her\u00ee p\u00ea\u015f y\u00ea operesyona \u201cCenga Mezin\u201d ya p\u00eangava rizgarkirina Reqqay\u00ea de cih\u00ea xwe girtin. \u00c7etey\u00ean DA\u00ce\u015e\u2019\u00ea, bajar\u00ea Reqqa ji bo xwe, weke paytext, bi nav kirib\u00fbn. \u00c7eteyan, bi hezaran jin\u00ean b\u00ea parastin d\u00eel girtin, kirin qefesan firotin \u00fb qetil kirin. DA\u00ce\u015e\u2019\u00ea bi serdestiya xwe ya ku di bajar\u00ea Reqqa\u2019de dida me\u015fandin, weke bazara firotina jinan bikar dian\u00ee. Ew d\u00eewar\u00ean koletiy\u00ea ku li derdora civaka me ya Ereb hatib\u00fbn hunandin \u00fb \u00e7er\u015fef\u00ean re\u015f ku li r\u00fby\u00ea jinan hatib\u00fbn p\u00ea\u00e7andin bi dest\u00ea \u015fervan\u00ean me hatin av\u00eatin \u00fb \u015fewitandin.\u00a0 \u00a0\u00a0\u00a0<\/span><\/span><\/p>\n<p style=\"box-sizing: border-box; margin: 0px; padding: 0px; border: 0px; font-variant-numeric: inherit; font-variant-east-asian: inherit; font-stretch: inherit; font-size: 12px; line-height: inherit; font-family: 'DIN Pro'; vertical-align: baseline; direction: ltr; text-align: justify; color: #444444;\"><span style=\"box-sizing: border-box; margin: 0px; padding: 0px; border: 0px; font-style: inherit; font-variant: inherit; font-weight: inherit; font-stretch: inherit; font-size: inherit; line-height: inherit; font-family: georgia, serif; vertical-align: baseline;\"><span style=\"box-sizing: border-box; margin: 0px; padding: 0px; border: 0px; font-style: inherit; font-variant: inherit; font-weight: inherit; font-stretch: inherit; font-size: 16px; line-height: inherit; font-family: inherit; vertical-align: baseline;\">\u00c7etey\u00ean DA\u00ce\u015e\u2019\u00ea li ser tevay\u00ee mirovahiy\u00ea c\u00eehana tirs\u00ea dab\u00fb ava kirin. Di heman dem\u00ea de di kesayeta jin\u00ean \u00caz\u00eed\u00ee de xwestin tevay\u00ee jinan \u00fb gelan bixin bin serweriya xwe. Jin\u00ean ku li hember\u00ee DA\u00ce\u015e\u2019\u00ea derketin, ser\u00ee hildan, hatin qetilkirin. Ku\u015ftina mirovan weke ti\u015ftek\u00ee rewa dihat dest n\u00ee\u015fankirin. Rizgar kirina bajar\u00ea Reqqa, di heman dem\u00ea de b\u00fb tolhildana jin\u00ean \u00caz\u00eed\u00ee. Bajar\u00ea Reqqa\u2019 y\u00ea ku bi salan di bin dagirkeriya \u00e7etey\u00ean DA\u00ce\u015e\u2019\u00ea de mab\u00fb bi berxwedaniyeke mezin ya d\u00eerok\u00ee ji dagirkeriya DA\u0130\u015e\u2019\u00ea hat azad kirin. Rizgar kirina bajar\u00ea Reqqa, di heman dem\u00ea de t\u00eak\u00e7\u00fbna hi\u015fmend\u00ee \u00fb pergala zilam\u00ea serdest b\u00fb. Bajar\u00ea Reqqay\u00ea, Eniya berxwedan\u00ea ya tevah\u00ee jin\u00ean c\u00eehan\u00ea ava kir. Her wiha Ev destkeft\u00ee bi xwe re yek\u00eetiyek ruh\u00ee di navbera jin\u00ean Ereb \u00fb Kurd de da ava kirin.\u00a0\u00a0 \u00a0<\/span><\/span><\/p>\n<p style=\"box-sizing: border-box; margin: 0px; padding: 0px; border: 0px; font-variant-numeric: inherit; font-variant-east-asian: inherit; font-stretch: inherit; font-size: 12px; line-height: inherit; font-family: 'DIN Pro'; vertical-align: baseline; direction: ltr; text-align: justify; color: #444444;\"><span style=\"box-sizing: border-box; margin: 0px; padding: 0px; border: 0px; font-style: inherit; font-variant: inherit; font-weight: inherit; font-stretch: inherit; font-size: inherit; line-height: inherit; font-family: georgia, serif; vertical-align: baseline;\"><span style=\"box-sizing: border-box; margin: 0px; padding: 0px; border: 0px; font-style: inherit; font-variant: inherit; font-weight: inherit; font-stretch: inherit; font-size: 16px; line-height: inherit; font-family: inherit; vertical-align: baseline;\">\u015eervan\u00ean me bi berxwedaniyeke mezin li hember\u00ee hov\u00eetiya DA\u00ce\u015e\u2019\u00ea sekin\u00een \u00fb destkeftiy\u00ean gelek mezin bi dest xistin. Di encama sekn\u00ean qehreman ku li Reqqa \u00fb cih\u00ean din hat raber kirin de di roja \u00eero de j\u00ee p\u00eangava \u201c\u015fer\u00ea qedandina \u00e7etey\u00ean DA\u00ce\u015e\u2019\u00ea\u201d t\u00ea me\u015fandin. Em bi v\u00ea boney\u00ea hem\u00fb heval\u00ean xwe y\u00ean niha li eniya D\u00eare zor\u00ea ber xwe didin silav dikin. Bi bin xistina \u00e7etey\u00ean DA\u00ce\u015e\u2019\u00ea, serkeftina demokras\u00ee \u00fb azadiye ye. Di heman dem\u00ea de ji bona tevah\u00ee gelan h\u00eaviya p\u00ea\u015feroj\u00ean azad e. \u00a0\u00a0<\/span><\/span><\/p>\n<p style=\"box-sizing: border-box; margin: 0px; padding: 0px; border: 0px; font-variant-numeric: inherit; font-variant-east-asian: inherit; font-stretch: inherit; font-size: 12px; line-height: inherit; font-family: 'DIN Pro'; vertical-align: baseline; direction: ltr; text-align: justify; color: #444444;\"><span style=\"box-sizing: border-box; margin: 0px; padding: 0px; border: 0px; font-style: inherit; font-variant: inherit; font-weight: inherit; font-stretch: inherit; font-size: inherit; line-height: inherit; font-family: georgia, serif; vertical-align: baseline;\"><span style=\"box-sizing: border-box; margin: 0px; padding: 0px; border: 0px; font-style: inherit; font-variant: inherit; font-weight: inherit; font-stretch: inherit; font-size: 16px; line-height: inherit; font-family: inherit; vertical-align: baseline;\">Li ser v\u00ea bingeh\u00ea em careke din salvegera 1. ya rizgar kirina bajar\u00ea Reqqa li tevay\u00ee gel\u00ea Bak\u00fbr\u00ea S\u00fbriy\u00ea, mirovahiy\u00ea p\u00eeroz dikin \u00fb di kesayeta hevr\u00ea H\u00eal\u00een C\u00fbd\u00ee, Ar\u00een Qami\u015flo \u00fb her\u00ee daw\u00ee hevr\u00ea Berf\u00een de ku li D\u00eare zor\u00ea \u015feh\u00eed b\u00fb \u00a0hem\u00fb \u015feh\u00eed\u00ean di oxira berxwedana azadiy\u00ea de bi b\u00eer t\u00eenin \u00fb bejna xwe ditew\u00eenin. Soza \u015fopandina riya \u015feh\u00eedan \u00fb zind\u00ee hi\u015ftina b\u00eeran\u00een\u00ean leheng\u00ean xwe d\u00fbbare dikin.\u00a0<\/span><\/span><\/p>\n<p style=\"box-sizing: border-box; margin: 0px; padding: 0px; border: 0px; font-variant-numeric: inherit; font-variant-east-asian: inherit; font-stretch: inherit; font-size: 12px; line-height: inherit; font-family: 'DIN Pro'; vertical-align: baseline; direction: ltr; text-align: justify; color: #444444;\"><span style=\"box-sizing: border-box; margin: 0px; padding: 0px; border: 0px; font-style: inherit; font-variant: inherit; font-weight: inherit; font-stretch: inherit; font-size: inherit; line-height: inherit; font-family: georgia, serif; vertical-align: baseline;\"><span style=\"box-sizing: border-box; margin: 0px; padding: 0px; border: 0px; font-style: inherit; font-variant: inherit; font-weight: inherit; font-stretch: inherit; font-size: 16px; line-height: inherit; font-family: inherit; vertical-align: baseline;\">\u00a0\u00a0\u00a0\u00a0\u00a0\u00a0\u00a0\u00a0\u00a0\u00a0\u00a0\u00a0\u00a0\u00a0\u00a0\u00a0\u00a0\u00a0\u00a0\u00a0\u00a0\u00a0\u00a0\u00a0\u00a0\u00a0\u00a0\u00a0\u00a0\u00a0\u00a0\u00a0\u00a0\u00a0\u00a0\u00a0\u00a0<\/span><\/span><\/p>\n<p style=\"box-sizing: border-box; margin: 0px; padding: 0px; border: 0px; font-variant-numeric: inherit; font-variant-east-asian: inherit; font-stretch: inherit; font-size: 12px; line-height: inherit; font-family: 'DIN Pro'; vertical-align: baseline; direction: ltr; text-align: justify; color: #444444;\"><span style=\"box-sizing: border-box; margin: 0px; padding: 0px; border: 0px; font-style: inherit; font-variant: inherit; font-weight: inherit; font-stretch: inherit; font-size: inherit; line-height: inherit; font-family: georgia, serif; vertical-align: baseline;\"><span style=\"box-sizing: border-box; margin: 0px; padding: 0px; border: 0px; font-style: inherit; font-variant: inherit; font-weight: inherit; font-stretch: inherit; font-size: 16px; line-height: inherit; font-family: inherit; vertical-align: baseline;\"><span style=\"box-sizing: border-box; font-weight: bold; margin: 0px; padding: 0px; border: 0px; font-style: inherit; font-variant: inherit; font-stretch: inherit; font-size: inherit; line-height: inherit; font-family: inherit; vertical-align: baseline;\"><span style=\"box-sizing: border-box; margin: 0px; padding: 0px; border: 0px; font: inherit; vertical-align: baseline;\">Fermandariya Gi\u015ft\u00ee Ya YPJ\u2019\u00ea<\/span><\/span><\/span><\/span><\/p>\n","protected":false},"excerpt":{"rendered":"<p>Em salvegera 1. ya rizgar kirina bajar\u00ea Reqqay\u00ea ku, di p\u00ea\u015fengtiya jin\u00ean Kurd, \u015fervan\u00ean YPJ\u2019\u00ea, jin\u00ean li seranser\u00ee c\u00eehan\u00ea t\u00eadiko\u015fin \u00fb tevah\u00ee jin\u00ean Rojhilata Nav\u00een de p\u00eak hat, li gel\u00ea Bak\u00fbr\u00ea S\u00fbriy\u00ea, tevah\u00ee jinan \u00fb mirovahiya ku li hember\u00ee terora DA\u00ce\u015e ser\u00ee rakirin \u00fb t\u00eako\u015fiyan p\u00eeroz dikin. Em di kesayeta \u015feh\u00eed Zozan, Ar\u00een, Heb\u00fbn \u00fb [&hellip;]<\/p>\n","protected":false},"author":1,"featured_media":14144,"comment_status":"closed","ping_status":"closed","sticky":false,"template":"","format":"standard","meta":{"footnotes":""},"categories":[39],"tags":[],"class_list":{"0":"post-350","1":"post","2":"type-post","3":"status-publish","4":"format-standard","5":"has-post-thumbnail","7":"category-daxuyani"},"_links":{"self":[{"href":"https:\/\/ypjrojava.net\/index.php?rest_route=\/wp\/v2\/posts\/350","targetHints":{"allow":["GET"]}}],"collection":[{"href":"https:\/\/ypjrojava.net\/index.php?rest_route=\/wp\/v2\/posts"}],"about":[{"href":"https:\/\/ypjrojava.net\/index.php?rest_route=\/wp\/v2\/types\/post"}],"author":[{"embeddable":true,"href":"https:\/\/ypjrojava.net\/index.php?rest_route=\/wp\/v2\/users\/1"}],"replies":[{"embeddable":true,"href":"https:\/\/ypjrojava.net\/index.php?rest_route=%2Fwp%2Fv2%2Fcomments&post=350"}],"version-history":[{"count":1,"href":"https:\/\/ypjrojava.net\/index.php?rest_route=\/wp\/v2\/posts\/350\/revisions"}],"predecessor-version":[{"id":352,"href":"https:\/\/ypjrojava.net\/index.php?rest_route=\/wp\/v2\/posts\/350\/revisions\/352"}],"wp:featuredmedia":[{"embeddable":true,"href":"https:\/\/ypjrojava.net\/index.php?rest_route=\/wp\/v2\/media\/14144"}],"wp:attachment":[{"href":"https:\/\/ypjrojava.net\/index.php?rest_route=%2Fwp%2Fv2%2Fmedia&parent=350"}],"wp:term":[{"taxonomy":"category","embeddable":true,"href":"https:\/\/ypjrojava.net\/index.php?rest_route=%2Fwp%2Fv2%2Fcategories&post=350"},{"taxonomy":"post_tag","embeddable":true,"href":"https:\/\/ypjrojava.net\/index.php?rest_route=%2Fwp%2Fv2%2Ftags&post=350"}],"curies":[{"name":"wp","href":"https:\/\/api.w.org\/{rel}","templated":true}]}}