{"id":353,"date":"2019-01-26T07:59:33","date_gmt":"2019-01-26T07:59:33","guid":{"rendered":"http:\/\/ypjrojava.org\/blog43\/?p=353"},"modified":"2022-06-21T16:12:17","modified_gmt":"2022-06-21T16:12:17","slug":"eme-reya-hevre-evin-bisopinin","status":"publish","type":"post","link":"https:\/\/ypjrojava.net\/?p=353","title":{"rendered":"Em\u00ea R\u00eaya Hevr\u00ea Ev\u00een Bi\u015fop\u00eenin"},"content":{"rendered":"<p><strong>Ji Gel\u00ea Me Y\u00ea Welatpar\u00eaz \u00db Raya Gi\u015ft\u00ee Re<\/strong><\/p>\n<p>\u015eore\u015fa gelan ya Bak\u00fbr\u00ea S\u00fbriy\u00ea, bi ked \u00fb fedekariya \u015feh\u00eedan hate avakirin. \u015eehadeta her hevalek\u00ea\/\u00ee ji bo me fermane ku em xewn \u00fb xeyal\u00ean azadiy\u00ea p\u00eakb\u00eenin. Hevr\u00ea Ev\u00een Tolhildan, ji bo g\u00eehandina azadiy\u00ea ked \u00fb fedekariyeke mezin da \u00fb heta daw\u00ee t\u00eako\u015fiya. W\u00ea bi v\u00eena xwe ya mezin, di dil\u00ea tevay\u00ee hevalan de cih\u00ea xwe \u00e7\u00eakir. Em ji ber \u015fehadeta hevr\u00ea Ev\u00een, xemg\u00eeniya xwe t\u00eenin ziman \u00fb di ser\u00ee de ji malbata w\u00ea, malbat\u00ean \u015feh\u00eedan \u00fb gel\u00ea mey\u00ee welatpar\u00eaz re sersax\u00ee dixwezin \u00fb soza \u015fopandina r\u00eaya \u015feh\u00eedan n\u00fb dikin.<\/p>\n<p>Heval Ev\u00een, ji bajar\u00ea Efr\u00een\u00ea b\u00fb. Di sala 2012\u2019an de be\u015fdar\u00ee nava ref\u00ean YPJ\u2019\u00ea dibe. Heval Ev\u00een, di nava malbateke welatpar\u00eaz de mezin dibe. Di temeneke bi\u00e7\u00fbk de dibe xwediy\u00ea l\u00eager\u00een\u00ean azadiy\u00ea. Pi\u015ft\u00ee p\u00eala \u015fore\u015f\u00ea li tevay\u00ee Rojavay\u00ee Kurdistan\u00ea belav b\u00fb ew j\u00ee weke gelek ke\u00e7\u00ean ciwan y\u00ean Rojavay\u00ee Kurdistan\u00ea, ber\u00ea xwe da, nava ref\u00ean \u015fore\u015f\u00ea. Ji bo di nava qad\u00ean her\u00ee p\u00ea\u015f y\u00ea \u015fore\u015f\u00ea de cih\u00ea xwe bigire, bi temen\u00ea ciwant\u00ee biryara tevl\u00eeb\u00fbna nava YPJ\u2019\u00ea dide. Heval Ev\u00een, heya k\u00ealiya xwey\u00ee daw\u00ee bi awayeke \u00e7alak cih\u00ea xwe di nava teko\u015f\u00een\u00ea de digire. Bi dilgerm\u00ee, bi ruh\u00ea ciwant\u00ee, bi sekneke saxlem \u00fb bi xeyala ew j\u00ee bibe, \u015fervanek j\u00eahat\u00ee \u00fb dilpak ya gel\u00ea xwe \u00fb mirovah\u00ee t\u00eako\u015fiya.<\/p>\n<p>Heval Ev\u00een di sala 2013\u2019yan de, be\u015fdar\u00ee \u015fer\u00ea li hember\u00ee \u00e7etey\u00ean \u2018Cebhet Elnusra\u2019 y\u00ea li Til Elo qewim\u00ee b\u00fb dibe. Di w\u00ea \u015fer\u00ee de bi awayeke giran bir\u00eendar dibe. Demeke dir\u00eaje, ji ber rew\u015fa bir\u00eendariy\u00ea hem tedew\u00ee did\u00eet \u00fb hem j\u00ee di qada xebat\u00ean tend\u00fbristiy\u00ea de li ser kar\u00ean tend\u00fbristiya hevalan disekin\u00ee. Bi berpirsyartiyek mezin heta daw\u00ee xizmeta gel \u00fb hevr\u00eay\u00ean xwe kir. Tev\u00ee ku ev \u00e7end sale di bin ven\u00ear\u00eena doxtoran de tedew\u00ee did\u00eet j\u00ee l\u00ea ji ber bir\u00eendariya w\u00ea giran b\u00fb nehat xilaskirin. Her\u00ee daw\u00ee rew\u015fa heval giran b\u00fb, li ser esas\u00ea bi\u00e7e tedewiy\u00ea derbas\u00ee Ba\u015f\u00fbr\u00ea Kurdistan\u00ea b\u00fb. Li wir tev\u00ee mudexelayan \u015feh\u00eed b\u00fb. Hevr\u00ea Ev\u00een heta k\u00ealiy\u00ean daw\u00ee bi gir\u00eadan \u00fb baweriyeke b\u00ea daw\u00ee teko\u015f\u00een kir \u00fb gih\u00ea\u015ft mertebeya \u015fehadet\u00ea.<\/p>\n<p>Careke din em heval Ev\u00een b\u00eer t\u00eenin, ji malbata w\u00ea, malbat\u00ean \u015feh\u00eedan \u00fb tevay\u00ee gel\u00ea Kurdistan\u00ea \u00fb Bak\u00fbr\u00ea S\u00fbriy\u00ea re sersax\u00ee dixwezin \u00fb dib\u00eajin em\u00ea di \u015fopa \u015feh\u00eedan de heta daw\u00ee teko\u015f\u00eena xwe berdewam bikin.<\/p>\n<p>&nbsp;<\/p>\n<p><strong>Nasnameya heval Ev\u00een Wiha ye\u00a0<\/strong><\/p>\n<p><img loading=\"lazy\" decoding=\"async\" class=\"alignnone size-full wp-image-14141\" src=\"https:\/\/ypjrojava.net\/wp-content\/uploads\/2019\/01\/EVIN-ELMAS-MIHEMED-6904-215x300-1.jpg\" alt=\"\" width=\"215\" height=\"300\" \/><\/p>\n<p>&nbsp;<\/p>\n<p><strong>Nav \u00db Pa\u015fnav:\u00a0<\/strong>Ev\u00een Tolh\u0131ldan<\/p>\n<p><strong>Nav\u00ea Rast \u00db Pa\u015fnav:\u00a0<\/strong>Elmas M\u0131hemed<\/p>\n<p><strong>Nav\u00ea Dayik:\u00a0<\/strong>Fadile<\/p>\n<p><strong>Nav\u00ea Bav:\u00a0<\/strong>Hizn\u00ee<\/p>\n<p><strong>Cih \u00db D\u00eeroka Tevl\u00eebuyin\u00ea:\u00a0<\/strong>2012 \u2013 Efrin<\/p>\n<p><strong>Cih \u00db D\u00eeroka \u015eehadet\u00ea: 20.09.2018<\/strong><\/p>\n<p>&nbsp;<\/p>\n<p><strong>Fermandariya Gi\u015ft\u00ee Ya YPJ\u2019\u00ea<\/strong><\/p>\n<p>&nbsp;<\/p>\n","protected":false},"excerpt":{"rendered":"<p>Ji Gel\u00ea Me Y\u00ea Welatpar\u00eaz \u00db Raya Gi\u015ft\u00ee Re \u015eore\u015fa gelan ya Bak\u00fbr\u00ea S\u00fbriy\u00ea, bi ked \u00fb fedekariya \u015feh\u00eedan hate avakirin. \u015eehadeta her hevalek\u00ea\/\u00ee ji bo me fermane ku em xewn \u00fb xeyal\u00ean azadiy\u00ea p\u00eakb\u00eenin. Hevr\u00ea Ev\u00een Tolhildan, ji bo g\u00eehandina azadiy\u00ea ked \u00fb fedekariyeke mezin da \u00fb heta daw\u00ee t\u00eako\u015fiya. W\u00ea bi v\u00eena xwe [&hellip;]<\/p>\n","protected":false},"author":1,"featured_media":14140,"comment_status":"closed","ping_status":"closed","sticky":false,"template":"","format":"standard","meta":{"footnotes":""},"categories":[39],"tags":[],"class_list":{"0":"post-353","1":"post","2":"type-post","3":"status-publish","4":"format-standard","5":"has-post-thumbnail","7":"category-daxuyani"},"_links":{"self":[{"href":"https:\/\/ypjrojava.net\/index.php?rest_route=\/wp\/v2\/posts\/353","targetHints":{"allow":["GET"]}}],"collection":[{"href":"https:\/\/ypjrojava.net\/index.php?rest_route=\/wp\/v2\/posts"}],"about":[{"href":"https:\/\/ypjrojava.net\/index.php?rest_route=\/wp\/v2\/types\/post"}],"author":[{"embeddable":true,"href":"https:\/\/ypjrojava.net\/index.php?rest_route=\/wp\/v2\/users\/1"}],"replies":[{"embeddable":true,"href":"https:\/\/ypjrojava.net\/index.php?rest_route=%2Fwp%2Fv2%2Fcomments&post=353"}],"version-history":[{"count":3,"href":"https:\/\/ypjrojava.net\/index.php?rest_route=\/wp\/v2\/posts\/353\/revisions"}],"predecessor-version":[{"id":14143,"href":"https:\/\/ypjrojava.net\/index.php?rest_route=\/wp\/v2\/posts\/353\/revisions\/14143"}],"wp:featuredmedia":[{"embeddable":true,"href":"https:\/\/ypjrojava.net\/index.php?rest_route=\/wp\/v2\/media\/14140"}],"wp:attachment":[{"href":"https:\/\/ypjrojava.net\/index.php?rest_route=%2Fwp%2Fv2%2Fmedia&parent=353"}],"wp:term":[{"taxonomy":"category","embeddable":true,"href":"https:\/\/ypjrojava.net\/index.php?rest_route=%2Fwp%2Fv2%2Fcategories&post=353"},{"taxonomy":"post_tag","embeddable":true,"href":"https:\/\/ypjrojava.net\/index.php?rest_route=%2Fwp%2Fv2%2Ftags&post=353"}],"curies":[{"name":"wp","href":"https:\/\/api.w.org\/{rel}","templated":true}]}}