{"id":356,"date":"2019-01-26T08:00:23","date_gmt":"2019-01-26T08:00:23","guid":{"rendered":"http:\/\/ypjrojava.org\/blog43\/?p=356"},"modified":"2022-06-21T16:05:45","modified_gmt":"2022-06-21T16:05:45","slug":"ji-gele-me-u-raya-gisti-re","status":"publish","type":"post","link":"https:\/\/ypjrojava.net\/?p=356","title":{"rendered":"Ji Gel\u00ea Me \u00db Raya Gi\u015ft\u00ee Re"},"content":{"rendered":"<p><strong>Hevr\u00ea Berf\u00een Bi Ruh\u00ea Berxwedana Serdem\u00ea T\u00eako\u015f\u00een Kir<\/strong><\/p>\n<p>Heval\u00ean me bi fedekariyeke mezin, Bi dilek\u00ee w\u00earek \u00fb b\u00ea tered\u00fbt di p\u00eangava Bagera Ciz\u00eer\u00ea de cih\u00ea xwe digirin. Di \u015fexs\u00ea heval Berf\u00een Amed de tevay\u00ee heval\u00ean di p\u00eangava Bagera Ciz\u00eer\u00ea ya daw\u00ee de \u015feh\u00eed b\u00fbne b\u00eer t\u00eenin. Em sersax\u00ee ji malbata heval Berf\u00een, ji gel\u00ea me y\u00ea Efr\u00een\u00ea \u00fb tevay\u00ee malbat\u00ean \u015feh\u00eedan re dixwezin. D\u00eesa em biryardariya xwe li hember\u00ee xeta \u015feh\u00eedan diyar dikin \u00fb sonda bilindkirina teko\u015f\u00een\u00ea n\u00fb dikin.<\/p>\n<p>P\u00eangava Bagera Ciz\u00eer\u00ea ya daw\u00ee di bin nav\u00ea \u201c\u015fer\u00ea qedandina teror\u00ea de\u201d b\u00ea navber berdewam dike. H\u00eaz\u00ean me bi kedeke mezin \u00e7awa di \u015fer, operesyon \u00fb p\u00eangav\u00ean ber\u00ea de cih\u00ea xwe girtin \u00eero bi heman ruh\u00ee di p\u00eangava daw\u00ee ya Bagera Ciz\u00eer\u00ea de j\u00ee cih\u00ea xwe digirin. B\u00eaguman ev biryardariya h\u00eaz\u00ean me \u00e7avkaniya xwe ji ked \u00fb fedekariya \u015feh\u00eed\u00ean me da n\u00ee\u015fan daye digire. Hevr\u00ea Berf\u00een, b\u00fb yek ji wan \u015fopdaran \u00fb tevl\u00ee nav karwan\u00ea \u015feh\u00eedan b\u00fb.<\/p>\n<p>Heval Berf\u00een, li bajar\u00ea Efr\u00een\u00ea ji gund\u00ea D\u00eekmeda\u015f b\u00fb. Di temen\u00ea xwe y\u00ea ciwan\u00ee de dibe xwed\u00ee l\u00eager\u00een\u00ean azadiy\u00ea. Di nava malbatek welatpar\u00eaz de mezin dibe. Pi\u015ft\u00ee \u00ear\u00ee\u015f\u00ean li ser gel\u00ea xwe, dib\u00eene qeb\u00fbl nake \u00fb di sala 2015\u2019an de biryara be\u015fdarb\u00fbna nava ref\u00ean YPJ\u2019\u00ea dide. Heval Berf\u00een di nava demeke pir kin de gelek p\u00ea\u015fketinan ava dike. Bi tevl\u00eeb\u00fbna xwe jiyan\u00ea, bi dilnimiz\u00ee \u00fb fedekariya xwe cihek\u00ee giran-buha li gel hevr\u00eay\u00ean xwe \u00e7\u00eadike. Heval Berf\u00een, li gel sekna xwe ya jiyan\u00ea di aliy\u00ea sekna le\u015fker\u00ee de p\u00ea\u015fketin ava dike \u00fb risteke diyarker di nava yek\u00eeney\u00ean \u00e7ek\u00ean giran de diley\u00eeze. Her\u00ee daw\u00ee li gel yek\u00eeneya xwe ya \u00e7ek\u00ean giran, be\u015fdar\u00ee p\u00eangava Bagera Ciz\u00eer\u00ea dibe. Di \u015fer de bi qehraman\u00ee li ber xwe dide \u00fb heya k\u00ealiya bir\u00eendar dibe sekneke bi biryar li hember\u00ee \u00ear\u00ee\u015f\u00ean \u00e7etey\u00ean DAI\u015e\u2019\u00ean\u00ee\u015fan dide. Heval Berf\u00een di \u015fer de bir\u00eendar dibe l\u00ea, Tev\u00ee hem\u00fb deswerdanan hevr\u00eaya me Berf\u00een di 12 Cotmeh\u00ea de gih\u00ee\u015ft \u015fehadet\u00ea. Em dib\u00eajin xw\u00eena \u015feh\u00eed\u00ean me ti car\u00ee li erd\u00ea nam\u00eene \u00fb em\u00ea\u00a0 h\u00eaviy\u00ean hevala xwe Berf\u00een \u00fb tevay\u00ee \u015feh\u00eed\u00ean xwe bi bilindkirina teko\u015f\u00een\u00ea b\u00eenin c\u00eeh.<\/p>\n<p>Em careke din ji malbata heval Berf\u00een \u00fb tevah\u00ee malbat\u00ean \u015feh\u00eedan re sersax\u00ee dixwezin \u00fb soza me da ye \u015feh\u00eed\u00ean xwe n\u00fb dikin.<\/p>\n<p><strong>Fermandariya Gi\u015ft\u00ee ya YPJ\u2019\u00ea<\/strong><\/p>\n","protected":false},"excerpt":{"rendered":"<p>Hevr\u00ea Berf\u00een Bi Ruh\u00ea Berxwedana Serdem\u00ea T\u00eako\u015f\u00een Kir Heval\u00ean me bi fedekariyeke mezin, Bi dilek\u00ee w\u00earek \u00fb b\u00ea tered\u00fbt di p\u00eangava Bagera Ciz\u00eer\u00ea de cih\u00ea xwe digirin. Di \u015fexs\u00ea heval Berf\u00een Amed de tevay\u00ee heval\u00ean di p\u00eangava Bagera Ciz\u00eer\u00ea ya daw\u00ee de \u015feh\u00eed b\u00fbne b\u00eer t\u00eenin. Em sersax\u00ee ji malbata heval Berf\u00een, ji gel\u00ea me [&hellip;]<\/p>\n","protected":false},"author":1,"featured_media":14139,"comment_status":"closed","ping_status":"closed","sticky":false,"template":"","format":"image","meta":{"footnotes":""},"categories":[39],"tags":[],"class_list":{"0":"post-356","1":"post","2":"type-post","3":"status-publish","4":"format-image","5":"has-post-thumbnail","7":"category-daxuyani","8":"post_format-post-format-image"},"_links":{"self":[{"href":"https:\/\/ypjrojava.net\/index.php?rest_route=\/wp\/v2\/posts\/356","targetHints":{"allow":["GET"]}}],"collection":[{"href":"https:\/\/ypjrojava.net\/index.php?rest_route=\/wp\/v2\/posts"}],"about":[{"href":"https:\/\/ypjrojava.net\/index.php?rest_route=\/wp\/v2\/types\/post"}],"author":[{"embeddable":true,"href":"https:\/\/ypjrojava.net\/index.php?rest_route=\/wp\/v2\/users\/1"}],"replies":[{"embeddable":true,"href":"https:\/\/ypjrojava.net\/index.php?rest_route=%2Fwp%2Fv2%2Fcomments&post=356"}],"version-history":[{"count":1,"href":"https:\/\/ypjrojava.net\/index.php?rest_route=\/wp\/v2\/posts\/356\/revisions"}],"predecessor-version":[{"id":358,"href":"https:\/\/ypjrojava.net\/index.php?rest_route=\/wp\/v2\/posts\/356\/revisions\/358"}],"wp:featuredmedia":[{"embeddable":true,"href":"https:\/\/ypjrojava.net\/index.php?rest_route=\/wp\/v2\/media\/14139"}],"wp:attachment":[{"href":"https:\/\/ypjrojava.net\/index.php?rest_route=%2Fwp%2Fv2%2Fmedia&parent=356"}],"wp:term":[{"taxonomy":"category","embeddable":true,"href":"https:\/\/ypjrojava.net\/index.php?rest_route=%2Fwp%2Fv2%2Fcategories&post=356"},{"taxonomy":"post_tag","embeddable":true,"href":"https:\/\/ypjrojava.net\/index.php?rest_route=%2Fwp%2Fv2%2Ftags&post=356"}],"curies":[{"name":"wp","href":"https:\/\/api.w.org\/{rel}","templated":true}]}}