{"id":389,"date":"2019-01-26T08:12:01","date_gmt":"2019-01-26T08:12:01","guid":{"rendered":"http:\/\/ypjrojava.org\/blog43\/?p=389"},"modified":"2022-11-05T06:13:39","modified_gmt":"2022-11-05T06:13:39","slug":"di-pelen-azadiye-de-bun-dilopek","status":"publish","type":"post","link":"https:\/\/ypjrojava.net\/?p=389","title":{"rendered":"Di P\u00eal\u00ean Azadiy\u00ea De B\u00fbn Dilopek"},"content":{"rendered":"<p>Deverek di gerd\u00fbn\u00ea de bi q\u00eer\u00een\u00ean Koban\u00ea<\/p>\n<p>deng\u00ea xwe belav dike.<\/p>\n<p>\u00c7oleke zuha \u00e7awa ku li benda baran\u00ea ye<\/p>\n<p>Cihek\u00ee her\u00ee w\u00earan \u00e7iqas li benda avab\u00fbn\u00ea ye<\/p>\n<p>Wisa li benda we b\u00fb Koban\u00ea<\/p>\n<p>Tevay\u00ee h\u00eaviy\u00ean hatib\u00fbn winda kirin<\/p>\n<p>bi hatina we re cardin zind\u00ee b\u00fbn.<\/p>\n<p>Dema ku bi heb\u00fbna we ava dibe Kurdistan<\/p>\n<p>Careke din \u015f\u00een dibe jiyan<\/p>\n<p>Bi xw\u00eena we ge\u015f dibin kul\u00eelk<\/p>\n<p>Welat\u00ea agir\u00a0 roj\u00ea<\/p>\n<p>Bi tevay\u00ee \u00ea\u015f\u00ean xwe her bihostek w\u00ea dib\u00fb gul\u00eestan<\/p>\n<p>T\u00eer\u00eaj\u00ean roj\u00ea li ruy\u00ea we y\u00ean xwe\u015fik dide<\/p>\n<p>Silav ji we re t\u00eene silav<\/p>\n<p>W\u00ea dem\u00ea;<\/p>\n<p>Ken\u00ean we dibin \u00e7ir\u00fbsk\u00ean ronahiy\u00ea<\/p>\n<p>Deng\u00ea we dibin stran<\/p>\n<p>H\u00eaza we dibe tirs \u00fb xof di dil\u00ea neyaran de<\/p>\n<p>Li hember van rastiya p\u00ean\u00fbs\u00ean xizan \u00fb dest\u00ean lerzok<\/p>\n<p>\u00c7i j\u00ee bin\u00eev\u00ees\u00eenin, di aliy\u00ea heq\u00eeqeta<\/p>\n<p>we an\u00eena ziman de w\u00ea k\u00eam bim\u00eenin.<\/p>\n<p>&nbsp;<\/p>\n<p>Ji Bo\u00a0 b\u00eeran\u00eena \u015eeh\u00eed\u00ean\u00a0 Rojava<\/p>\n","protected":false},"excerpt":{"rendered":"<p>Deverek di gerd\u00fbn\u00ea de bi q\u00eer\u00een\u00ean Koban\u00ea deng\u00ea xwe belav dike. \u00c7oleke zuha \u00e7awa ku li benda baran\u00ea ye Cihek\u00ee her\u00ee w\u00earan \u00e7iqas li benda avab\u00fbn\u00ea ye Wisa li benda we b\u00fb Koban\u00ea Tevay\u00ee h\u00eaviy\u00ean hatib\u00fbn winda kirin bi hatina we re cardin zind\u00ee b\u00fbn. Dema ku bi heb\u00fbna we ava dibe Kurdistan Careke din [&hellip;]<\/p>\n","protected":false},"author":1,"featured_media":15477,"comment_status":"open","ping_status":"closed","sticky":false,"template":"","format":"standard","meta":{"footnotes":""},"categories":[38],"tags":[],"class_list":{"0":"post-389","1":"post","2":"type-post","3":"status-publish","4":"format-standard","5":"has-post-thumbnail","7":"category-nuce"},"_links":{"self":[{"href":"https:\/\/ypjrojava.net\/index.php?rest_route=\/wp\/v2\/posts\/389","targetHints":{"allow":["GET"]}}],"collection":[{"href":"https:\/\/ypjrojava.net\/index.php?rest_route=\/wp\/v2\/posts"}],"about":[{"href":"https:\/\/ypjrojava.net\/index.php?rest_route=\/wp\/v2\/types\/post"}],"author":[{"embeddable":true,"href":"https:\/\/ypjrojava.net\/index.php?rest_route=\/wp\/v2\/users\/1"}],"replies":[{"embeddable":true,"href":"https:\/\/ypjrojava.net\/index.php?rest_route=%2Fwp%2Fv2%2Fcomments&post=389"}],"version-history":[{"count":1,"href":"https:\/\/ypjrojava.net\/index.php?rest_route=\/wp\/v2\/posts\/389\/revisions"}],"predecessor-version":[{"id":391,"href":"https:\/\/ypjrojava.net\/index.php?rest_route=\/wp\/v2\/posts\/389\/revisions\/391"}],"wp:featuredmedia":[{"embeddable":true,"href":"https:\/\/ypjrojava.net\/index.php?rest_route=\/wp\/v2\/media\/15477"}],"wp:attachment":[{"href":"https:\/\/ypjrojava.net\/index.php?rest_route=%2Fwp%2Fv2%2Fmedia&parent=389"}],"wp:term":[{"taxonomy":"category","embeddable":true,"href":"https:\/\/ypjrojava.net\/index.php?rest_route=%2Fwp%2Fv2%2Fcategories&post=389"},{"taxonomy":"post_tag","embeddable":true,"href":"https:\/\/ypjrojava.net\/index.php?rest_route=%2Fwp%2Fv2%2Ftags&post=389"}],"curies":[{"name":"wp","href":"https:\/\/api.w.org\/{rel}","templated":true}]}}